{"id":9985,"date":"2025-07-21T09:42:22","date_gmt":"2025-07-21T07:42:22","guid":{"rendered":"https:\/\/amppress.rs\/?p=9985"},"modified":"2025-07-21T09:42:22","modified_gmt":"2025-07-21T07:42:22","slug":"danas-je-sveti-prokopije-u-narodu-poznat-kao-prokoplje-dan-kada-se-ne-radi","status":"publish","type":"post","link":"https:\/\/amppress.rs\/index.php\/2025\/07\/21\/danas-je-sveti-prokopije-u-narodu-poznat-kao-prokoplje-dan-kada-se-ne-radi\/","title":{"rendered":"Danas je Sveti Prokopije, u narodu poznat kao Prokoplje: dan kada se ne radi"},"content":{"rendered":{},"protected":false},"excerpt":{"rendered":"<p>Pravoslavni vernici danas obele\u017eavaju praznik Svetog velikomu\u010denika Prokopija, jednog od najpo\u0161tovanijih svetitelja u srpskom narodu&#8230;.<\/p>\n","protected":false},"author":1,"featured_media":9986,"comment_status":"open","ping_status":"open","sticky":false,"template":"","format":"standard","meta":{"_acf_changed":false,"footnotes":""},"categories":[700],"tags":[749,3196,832,3197,1203,1789],"class_list":["post-9985","post","type-post","status-publish","format-standard","has-post-thumbnail","hentry","category-srpska-pravoslavna-crkva","tag-praznik","tag-prokoplje","tag-spc","tag-sveti-prokopije","tag-vera","tag-vernici"],"acf":[],"featured_image_urls":{"full":["https:\/\/amppress.rs\/wp-content\/uploads\/2025\/07\/SV-VELIKOMUCENIK-PROKOPIJE.webp",960,526,false],"thumbnail":["https:\/\/amppress.rs\/wp-content\/uploads\/2025\/07\/SV-VELIKOMUCENIK-PROKOPIJE-150x150.webp",150,150,true],"medium":["https:\/\/amppress.rs\/wp-content\/uploads\/2025\/07\/SV-VELIKOMUCENIK-PROKOPIJE-300x164.webp",300,164,true],"medium_large":["https:\/\/amppress.rs\/wp-content\/uploads\/2025\/07\/SV-VELIKOMUCENIK-PROKOPIJE-768x421.webp",640,351,true],"large":["https:\/\/amppress.rs\/wp-content\/uploads\/2025\/07\/SV-VELIKOMUCENIK-PROKOPIJE.webp",640,351,false],"1536x1536":["https:\/\/amppress.rs\/wp-content\/uploads\/2025\/07\/SV-VELIKOMUCENIK-PROKOPIJE.webp",960,526,false],"2048x2048":["https:\/\/amppress.rs\/wp-content\/uploads\/2025\/07\/SV-VELIKOMUCENIK-PROKOPIJE.webp",960,526,false],"cvmm-medium":["https:\/\/amppress.rs\/wp-content\/uploads\/2025\/07\/SV-VELIKOMUCENIK-PROKOPIJE-300x300.webp",300,300,true],"cvmm-medium-plus":["https:\/\/amppress.rs\/wp-content\/uploads\/2025\/07\/SV-VELIKOMUCENIK-PROKOPIJE-305x207.webp",305,207,true],"cvmm-portrait":["https:\/\/amppress.rs\/wp-content\/uploads\/2025\/07\/SV-VELIKOMUCENIK-PROKOPIJE-400x526.webp",400,526,true],"cvmm-medium-square":["https:\/\/amppress.rs\/wp-content\/uploads\/2025\/07\/SV-VELIKOMUCENIK-PROKOPIJE-600x526.webp",600,526,true],"cvmm-large":["https:\/\/amppress.rs\/wp-content\/uploads\/2025\/07\/SV-VELIKOMUCENIK-PROKOPIJE.webp",960,526,false],"cvmm-small":["https:\/\/amppress.rs\/wp-content\/uploads\/2025\/07\/SV-VELIKOMUCENIK-PROKOPIJE-130x95.webp",130,95,true],"newsever-slider-full":["https:\/\/amppress.rs\/wp-content\/uploads\/2025\/07\/SV-VELIKOMUCENIK-PROKOPIJE.webp",960,526,false],"newsever-featured":["https:\/\/amppress.rs\/wp-content\/uploads\/2025\/07\/SV-VELIKOMUCENIK-PROKOPIJE.webp",960,526,false],"newsever-medium":["https:\/\/amppress.rs\/wp-content\/uploads\/2025\/07\/SV-VELIKOMUCENIK-PROKOPIJE-720x475.webp",720,475,true]},"author_info":{"display_name":"\u0410\u041c\u041f \u041f\u0420\u0415\u0421\u0421","author_link":"https:\/\/amppress.rs\/index.php\/author\/eduka\/"},"category_info":"<a href=\"https:\/\/amppress.rs\/index.php\/category\/srpska-pravoslavna-crkva\/\" rel=\"category tag\">Srpska pravoslavna crkva<\/a>","tag_info":"Srpska pravoslavna crkva","comment_count":"0","blog_post_layout_featured_media_urls":{"thumbnail":["https:\/\/amppress.rs\/wp-content\/uploads\/2025\/07\/SV-VELIKOMUCENIK-PROKOPIJE-150x150.webp",150,150,true],"full":["https:\/\/amppress.rs\/wp-content\/uploads\/2025\/07\/SV-VELIKOMUCENIK-PROKOPIJE.webp",960,526,false]},"categories_names":{"700":{"name":"Srpska pravoslavna crkva","link":"https:\/\/amppress.rs\/index.php\/category\/srpska-pravoslavna-crkva\/"}},"tags_names":{"749":{"name":"praznik","link":"https:\/\/amppress.rs\/index.php\/tag\/praznik\/"},"3196":{"name":"Prokoplje","link":"https:\/\/amppress.rs\/index.php\/tag\/prokoplje\/"},"832":{"name":"SPC","link":"https:\/\/amppress.rs\/index.php\/tag\/spc\/"},"3197":{"name":"Sveti Prokopije","link":"https:\/\/amppress.rs\/index.php\/tag\/sveti-prokopije\/"},"1203":{"name":"VERA","link":"https:\/\/amppress.rs\/index.php\/tag\/vera\/"},"1789":{"name":"vernici","link":"https:\/\/amppress.rs\/index.php\/tag\/vernici\/"}},"comments_number":"0","wpmagazine_modules_featured_media_urls":{"thumbnail":["https:\/\/amppress.rs\/wp-content\/uploads\/2025\/07\/SV-VELIKOMUCENIK-PROKOPIJE-150x150.webp",150,150,true],"cvmm-medium":["https:\/\/amppress.rs\/wp-content\/uploads\/2025\/07\/SV-VELIKOMUCENIK-PROKOPIJE-300x300.webp",300,300,true],"cvmm-medium-plus":["https:\/\/amppress.rs\/wp-content\/uploads\/2025\/07\/SV-VELIKOMUCENIK-PROKOPIJE-305x207.webp",305,207,true],"cvmm-portrait":["https:\/\/amppress.rs\/wp-content\/uploads\/2025\/07\/SV-VELIKOMUCENIK-PROKOPIJE-400x526.webp",400,526,true],"cvmm-medium-square":["https:\/\/amppress.rs\/wp-content\/uploads\/2025\/07\/SV-VELIKOMUCENIK-PROKOPIJE-600x526.webp",600,526,true],"cvmm-large":["https:\/\/amppress.rs\/wp-content\/uploads\/2025\/07\/SV-VELIKOMUCENIK-PROKOPIJE.webp",960,526,false],"cvmm-small":["https:\/\/amppress.rs\/wp-content\/uploads\/2025\/07\/SV-VELIKOMUCENIK-PROKOPIJE-130x95.webp",130,95,true],"full":["https:\/\/amppress.rs\/wp-content\/uploads\/2025\/07\/SV-VELIKOMUCENIK-PROKOPIJE.webp",960,526,false]},"_links":{"self":[{"href":"https:\/\/amppress.rs\/index.php\/wp-json\/wp\/v2\/posts\/9985","targetHints":{"allow":["GET"]}}],"collection":[{"href":"https:\/\/amppress.rs\/index.php\/wp-json\/wp\/v2\/posts"}],"about":[{"href":"https:\/\/amppress.rs\/index.php\/wp-json\/wp\/v2\/types\/post"}],"author":[{"embeddable":true,"href":"https:\/\/amppress.rs\/index.php\/wp-json\/wp\/v2\/users\/1"}],"replies":[{"embeddable":true,"href":"https:\/\/amppress.rs\/index.php\/wp-json\/wp\/v2\/comments?post=9985"}],"version-history":[{"count":1,"href":"https:\/\/amppress.rs\/index.php\/wp-json\/wp\/v2\/posts\/9985\/revisions"}],"predecessor-version":[{"id":9987,"href":"https:\/\/amppress.rs\/index.php\/wp-json\/wp\/v2\/posts\/9985\/revisions\/9987"}],"wp:featuredmedia":[{"embeddable":true,"href":"https:\/\/amppress.rs\/index.php\/wp-json\/wp\/v2\/media\/9986"}],"wp:attachment":[{"href":"https:\/\/amppress.rs\/index.php\/wp-json\/wp\/v2\/media?parent=9985"}],"wp:term":[{"taxonomy":"category","embeddable":true,"href":"https:\/\/amppress.rs\/index.php\/wp-json\/wp\/v2\/categories?post=9985"},{"taxonomy":"post_tag","embeddable":true,"href":"https:\/\/amppress.rs\/index.php\/wp-json\/wp\/v2\/tags?post=9985"}],"curies":[{"name":"wp","href":"https:\/\/api.w.org\/{rel}","templated":true}]}}