{"id":9729,"date":"2025-07-01T07:49:15","date_gmt":"2025-07-01T05:49:15","guid":{"rendered":"https:\/\/amppress.rs\/?p=9729"},"modified":"2025-07-01T07:49:15","modified_gmt":"2025-07-01T05:49:15","slug":"sedaam-meseci-trpeli-smo-teror-necemo-se-svetiti-ali-svi-koji-su-se-ogresili-o-zakon-odgovarace","status":"publish","type":"post","link":"https:\/\/amppress.rs\/index.php\/2025\/07\/01\/sedaam-meseci-trpeli-smo-teror-necemo-se-svetiti-ali-svi-koji-su-se-ogresili-o-zakon-odgovarace\/","title":{"rendered":"Sedaam meseci trpeli smo teror, ne\u0107emo se svetiti, ali svi koji su se ogre\u0161ili o zakon odgovara\u0107e"},"content":{"rendered":{},"protected":false},"excerpt":{"rendered":"<p>Predsednik Aleksandar Vu\u010di\u0107 obratio se gra\u0111anima Srbije, povodom napada blokadera na policiju i nereda koje&#8230;<\/p>\n","protected":false},"author":1,"featured_media":9730,"comment_status":"open","ping_status":"open","sticky":false,"template":"","format":"standard","meta":{"_acf_changed":false,"footnotes":""},"categories":[7],"tags":[2829,2545,434,1849],"class_list":["post-9729","post","type-post","status-publish","format-standard","has-post-thumbnail","hentry","category-vesti-news","tag-blokaderi","tag-teror","tag-vucic","tag-zakon"],"acf":[],"featured_image_urls":{"full":["https:\/\/amppress.rs\/wp-content\/uploads\/2025\/07\/vucic-blokade-prinscrenn.webp",640,367,false],"thumbnail":["https:\/\/amppress.rs\/wp-content\/uploads\/2025\/07\/vucic-blokade-prinscrenn-150x150.webp",150,150,true],"medium":["https:\/\/amppress.rs\/wp-content\/uploads\/2025\/07\/vucic-blokade-prinscrenn-300x172.webp",300,172,true],"medium_large":["https:\/\/amppress.rs\/wp-content\/uploads\/2025\/07\/vucic-blokade-prinscrenn.webp",640,367,false],"large":["https:\/\/amppress.rs\/wp-content\/uploads\/2025\/07\/vucic-blokade-prinscrenn.webp",640,367,false],"1536x1536":["https:\/\/amppress.rs\/wp-content\/uploads\/2025\/07\/vucic-blokade-prinscrenn.webp",640,367,false],"2048x2048":["https:\/\/amppress.rs\/wp-content\/uploads\/2025\/07\/vucic-blokade-prinscrenn.webp",640,367,false],"cvmm-medium":["https:\/\/amppress.rs\/wp-content\/uploads\/2025\/07\/vucic-blokade-prinscrenn-300x300.webp",300,300,true],"cvmm-medium-plus":["https:\/\/amppress.rs\/wp-content\/uploads\/2025\/07\/vucic-blokade-prinscrenn-305x207.webp",305,207,true],"cvmm-portrait":["https:\/\/amppress.rs\/wp-content\/uploads\/2025\/07\/vucic-blokade-prinscrenn-400x367.webp",400,367,true],"cvmm-medium-square":["https:\/\/amppress.rs\/wp-content\/uploads\/2025\/07\/vucic-blokade-prinscrenn-600x367.webp",600,367,true],"cvmm-large":["https:\/\/amppress.rs\/wp-content\/uploads\/2025\/07\/vucic-blokade-prinscrenn.webp",640,367,false],"cvmm-small":["https:\/\/amppress.rs\/wp-content\/uploads\/2025\/07\/vucic-blokade-prinscrenn-130x95.webp",130,95,true],"newsever-slider-full":["https:\/\/amppress.rs\/wp-content\/uploads\/2025\/07\/vucic-blokade-prinscrenn.webp",640,367,false],"newsever-featured":["https:\/\/amppress.rs\/wp-content\/uploads\/2025\/07\/vucic-blokade-prinscrenn.webp",640,367,false],"newsever-medium":["https:\/\/amppress.rs\/wp-content\/uploads\/2025\/07\/vucic-blokade-prinscrenn.webp",640,367,false]},"author_info":{"display_name":"\u0410\u041c\u041f \u041f\u0420\u0415\u0421\u0421","author_link":"https:\/\/amppress.rs\/index.php\/author\/eduka\/"},"category_info":"<a href=\"https:\/\/amppress.rs\/index.php\/category\/news\/vesti-news\/\" rel=\"category tag\">Vesti<\/a>","tag_info":"Vesti","comment_count":"0","blog_post_layout_featured_media_urls":{"thumbnail":["https:\/\/amppress.rs\/wp-content\/uploads\/2025\/07\/vucic-blokade-prinscrenn-150x150.webp",150,150,true],"full":["https:\/\/amppress.rs\/wp-content\/uploads\/2025\/07\/vucic-blokade-prinscrenn.webp",640,367,false]},"categories_names":{"7":{"name":"Vesti","link":"https:\/\/amppress.rs\/index.php\/category\/news\/vesti-news\/"}},"tags_names":{"2829":{"name":"BLOKADERI","link":"https:\/\/amppress.rs\/index.php\/tag\/blokaderi\/"},"2545":{"name":"teror","link":"https:\/\/amppress.rs\/index.php\/tag\/teror\/"},"434":{"name":"vu\u010di\u0107","link":"https:\/\/amppress.rs\/index.php\/tag\/vucic\/"},"1849":{"name":"zakon","link":"https:\/\/amppress.rs\/index.php\/tag\/zakon\/"}},"comments_number":"0","wpmagazine_modules_featured_media_urls":{"thumbnail":["https:\/\/amppress.rs\/wp-content\/uploads\/2025\/07\/vucic-blokade-prinscrenn-150x150.webp",150,150,true],"cvmm-medium":["https:\/\/amppress.rs\/wp-content\/uploads\/2025\/07\/vucic-blokade-prinscrenn-300x300.webp",300,300,true],"cvmm-medium-plus":["https:\/\/amppress.rs\/wp-content\/uploads\/2025\/07\/vucic-blokade-prinscrenn-305x207.webp",305,207,true],"cvmm-portrait":["https:\/\/amppress.rs\/wp-content\/uploads\/2025\/07\/vucic-blokade-prinscrenn-400x367.webp",400,367,true],"cvmm-medium-square":["https:\/\/amppress.rs\/wp-content\/uploads\/2025\/07\/vucic-blokade-prinscrenn-600x367.webp",600,367,true],"cvmm-large":["https:\/\/amppress.rs\/wp-content\/uploads\/2025\/07\/vucic-blokade-prinscrenn.webp",640,367,false],"cvmm-small":["https:\/\/amppress.rs\/wp-content\/uploads\/2025\/07\/vucic-blokade-prinscrenn-130x95.webp",130,95,true],"full":["https:\/\/amppress.rs\/wp-content\/uploads\/2025\/07\/vucic-blokade-prinscrenn.webp",640,367,false]},"_links":{"self":[{"href":"https:\/\/amppress.rs\/index.php\/wp-json\/wp\/v2\/posts\/9729","targetHints":{"allow":["GET"]}}],"collection":[{"href":"https:\/\/amppress.rs\/index.php\/wp-json\/wp\/v2\/posts"}],"about":[{"href":"https:\/\/amppress.rs\/index.php\/wp-json\/wp\/v2\/types\/post"}],"author":[{"embeddable":true,"href":"https:\/\/amppress.rs\/index.php\/wp-json\/wp\/v2\/users\/1"}],"replies":[{"embeddable":true,"href":"https:\/\/amppress.rs\/index.php\/wp-json\/wp\/v2\/comments?post=9729"}],"version-history":[{"count":1,"href":"https:\/\/amppress.rs\/index.php\/wp-json\/wp\/v2\/posts\/9729\/revisions"}],"predecessor-version":[{"id":9731,"href":"https:\/\/amppress.rs\/index.php\/wp-json\/wp\/v2\/posts\/9729\/revisions\/9731"}],"wp:featuredmedia":[{"embeddable":true,"href":"https:\/\/amppress.rs\/index.php\/wp-json\/wp\/v2\/media\/9730"}],"wp:attachment":[{"href":"https:\/\/amppress.rs\/index.php\/wp-json\/wp\/v2\/media?parent=9729"}],"wp:term":[{"taxonomy":"category","embeddable":true,"href":"https:\/\/amppress.rs\/index.php\/wp-json\/wp\/v2\/categories?post=9729"},{"taxonomy":"post_tag","embeddable":true,"href":"https:\/\/amppress.rs\/index.php\/wp-json\/wp\/v2\/tags?post=9729"}],"curies":[{"name":"wp","href":"https:\/\/api.w.org\/{rel}","templated":true}]}}