{"id":9693,"date":"2025-06-26T10:41:21","date_gmt":"2025-06-26T08:41:21","guid":{"rendered":"https:\/\/amppress.rs\/?p=9693"},"modified":"2025-06-26T10:41:21","modified_gmt":"2025-06-26T08:41:21","slug":"ministarka-snezana-paunovic-odrzala-sastanak-sa-predstavnicima-moravickog-okruga","status":"publish","type":"post","link":"https:\/\/amppress.rs\/index.php\/2025\/06\/26\/ministarka-snezana-paunovic-odrzala-sastanak-sa-predstavnicima-moravickog-okruga\/","title":{"rendered":"Ministarka Sne\u017eana Paunovi\u0107 odr\u017eala sastanak sa predstavnicima Moravi\u010dkog okruga"},"content":{"rendered":{},"protected":false},"excerpt":{"rendered":"<p>\u010ca\u010dak \u2013 Ministarka dr\u017eavne uprave i lokalne samouprave Sne\u017eana Paunovi\u0107 odr\u017eala je sastanak sa predstavnicima&#8230;<\/p>\n","protected":false},"author":1,"featured_media":9694,"comment_status":"open","ping_status":"open","sticky":false,"template":"","format":"standard","meta":{"_acf_changed":false,"footnotes":""},"categories":[766],"tags":[2391,2580,2157,3097,93],"class_list":["post-9693","post","type-post","status-publish","format-standard","has-post-thumbnail","hentry","category-cacak","tag-ministarka","tag-moravicki-okrug","tag-sastanak","tag-snezana-paunovic","tag-cacak"],"acf":[],"featured_image_urls":{"full":["https:\/\/amppress.rs\/wp-content\/uploads\/2025\/06\/ministarka-moravicki-okrug.webp",640,360,false],"thumbnail":["https:\/\/amppress.rs\/wp-content\/uploads\/2025\/06\/ministarka-moravicki-okrug-150x150.webp",150,150,true],"medium":["https:\/\/amppress.rs\/wp-content\/uploads\/2025\/06\/ministarka-moravicki-okrug-300x169.webp",300,169,true],"medium_large":["https:\/\/amppress.rs\/wp-content\/uploads\/2025\/06\/ministarka-moravicki-okrug.webp",640,360,false],"large":["https:\/\/amppress.rs\/wp-content\/uploads\/2025\/06\/ministarka-moravicki-okrug.webp",640,360,false],"1536x1536":["https:\/\/amppress.rs\/wp-content\/uploads\/2025\/06\/ministarka-moravicki-okrug.webp",640,360,false],"2048x2048":["https:\/\/amppress.rs\/wp-content\/uploads\/2025\/06\/ministarka-moravicki-okrug.webp",640,360,false],"cvmm-medium":["https:\/\/amppress.rs\/wp-content\/uploads\/2025\/06\/ministarka-moravicki-okrug-300x300.webp",300,300,true],"cvmm-medium-plus":["https:\/\/amppress.rs\/wp-content\/uploads\/2025\/06\/ministarka-moravicki-okrug-305x207.webp",305,207,true],"cvmm-portrait":["https:\/\/amppress.rs\/wp-content\/uploads\/2025\/06\/ministarka-moravicki-okrug-400x360.webp",400,360,true],"cvmm-medium-square":["https:\/\/amppress.rs\/wp-content\/uploads\/2025\/06\/ministarka-moravicki-okrug-600x360.webp",600,360,true],"cvmm-large":["https:\/\/amppress.rs\/wp-content\/uploads\/2025\/06\/ministarka-moravicki-okrug.webp",640,360,false],"cvmm-small":["https:\/\/amppress.rs\/wp-content\/uploads\/2025\/06\/ministarka-moravicki-okrug-130x95.webp",130,95,true],"newsever-slider-full":["https:\/\/amppress.rs\/wp-content\/uploads\/2025\/06\/ministarka-moravicki-okrug.webp",640,360,false],"newsever-featured":["https:\/\/amppress.rs\/wp-content\/uploads\/2025\/06\/ministarka-moravicki-okrug.webp",640,360,false],"newsever-medium":["https:\/\/amppress.rs\/wp-content\/uploads\/2025\/06\/ministarka-moravicki-okrug.webp",640,360,false]},"author_info":{"display_name":"\u0410\u041c\u041f \u041f\u0420\u0415\u0421\u0421","author_link":"https:\/\/amppress.rs\/index.php\/author\/eduka\/"},"category_info":"<a href=\"https:\/\/amppress.rs\/index.php\/category\/cacak\/\" rel=\"category tag\">\u010ca\u010dak<\/a>","tag_info":"\u010ca\u010dak","comment_count":"0","blog_post_layout_featured_media_urls":{"thumbnail":["https:\/\/amppress.rs\/wp-content\/uploads\/2025\/06\/ministarka-moravicki-okrug-150x150.webp",150,150,true],"full":["https:\/\/amppress.rs\/wp-content\/uploads\/2025\/06\/ministarka-moravicki-okrug.webp",640,360,false]},"categories_names":{"766":{"name":"\u010ca\u010dak","link":"https:\/\/amppress.rs\/index.php\/category\/cacak\/"}},"tags_names":{"2391":{"name":"ministarka","link":"https:\/\/amppress.rs\/index.php\/tag\/ministarka\/"},"2580":{"name":"moravi\u010dki okrug","link":"https:\/\/amppress.rs\/index.php\/tag\/moravicki-okrug\/"},"2157":{"name":"sastanak","link":"https:\/\/amppress.rs\/index.php\/tag\/sastanak\/"},"3097":{"name":"Sne\u017eana Paunovi\u0107","link":"https:\/\/amppress.rs\/index.php\/tag\/snezana-paunovic\/"},"93":{"name":"\u0427\u0430\u0447\u0430\u043a","link":"https:\/\/amppress.rs\/index.php\/tag\/cacak\/"}},"comments_number":"0","wpmagazine_modules_featured_media_urls":{"thumbnail":["https:\/\/amppress.rs\/wp-content\/uploads\/2025\/06\/ministarka-moravicki-okrug-150x150.webp",150,150,true],"cvmm-medium":["https:\/\/amppress.rs\/wp-content\/uploads\/2025\/06\/ministarka-moravicki-okrug-300x300.webp",300,300,true],"cvmm-medium-plus":["https:\/\/amppress.rs\/wp-content\/uploads\/2025\/06\/ministarka-moravicki-okrug-305x207.webp",305,207,true],"cvmm-portrait":["https:\/\/amppress.rs\/wp-content\/uploads\/2025\/06\/ministarka-moravicki-okrug-400x360.webp",400,360,true],"cvmm-medium-square":["https:\/\/amppress.rs\/wp-content\/uploads\/2025\/06\/ministarka-moravicki-okrug-600x360.webp",600,360,true],"cvmm-large":["https:\/\/amppress.rs\/wp-content\/uploads\/2025\/06\/ministarka-moravicki-okrug.webp",640,360,false],"cvmm-small":["https:\/\/amppress.rs\/wp-content\/uploads\/2025\/06\/ministarka-moravicki-okrug-130x95.webp",130,95,true],"full":["https:\/\/amppress.rs\/wp-content\/uploads\/2025\/06\/ministarka-moravicki-okrug.webp",640,360,false]},"_links":{"self":[{"href":"https:\/\/amppress.rs\/index.php\/wp-json\/wp\/v2\/posts\/9693","targetHints":{"allow":["GET"]}}],"collection":[{"href":"https:\/\/amppress.rs\/index.php\/wp-json\/wp\/v2\/posts"}],"about":[{"href":"https:\/\/amppress.rs\/index.php\/wp-json\/wp\/v2\/types\/post"}],"author":[{"embeddable":true,"href":"https:\/\/amppress.rs\/index.php\/wp-json\/wp\/v2\/users\/1"}],"replies":[{"embeddable":true,"href":"https:\/\/amppress.rs\/index.php\/wp-json\/wp\/v2\/comments?post=9693"}],"version-history":[{"count":1,"href":"https:\/\/amppress.rs\/index.php\/wp-json\/wp\/v2\/posts\/9693\/revisions"}],"predecessor-version":[{"id":9695,"href":"https:\/\/amppress.rs\/index.php\/wp-json\/wp\/v2\/posts\/9693\/revisions\/9695"}],"wp:featuredmedia":[{"embeddable":true,"href":"https:\/\/amppress.rs\/index.php\/wp-json\/wp\/v2\/media\/9694"}],"wp:attachment":[{"href":"https:\/\/amppress.rs\/index.php\/wp-json\/wp\/v2\/media?parent=9693"}],"wp:term":[{"taxonomy":"category","embeddable":true,"href":"https:\/\/amppress.rs\/index.php\/wp-json\/wp\/v2\/categories?post=9693"},{"taxonomy":"post_tag","embeddable":true,"href":"https:\/\/amppress.rs\/index.php\/wp-json\/wp\/v2\/tags?post=9693"}],"curies":[{"name":"wp","href":"https:\/\/api.w.org\/{rel}","templated":true}]}}