{"id":9478,"date":"2025-06-09T08:04:27","date_gmt":"2025-06-09T06:04:27","guid":{"rendered":"https:\/\/amppress.rs\/?p=9478"},"modified":"2025-06-09T08:04:27","modified_gmt":"2025-06-09T06:04:27","slug":"obelezeno-210-godina-od-boja-na-ljubicu","status":"publish","type":"post","link":"https:\/\/amppress.rs\/index.php\/2025\/06\/09\/obelezeno-210-godina-od-boja-na-ljubicu\/","title":{"rendered":"Obele\u017eeno 210 godina od boja na Ljubi\u0107u"},"content":{"rendered":{},"protected":false},"excerpt":{"rendered":"<p>\u010ca\u010dak \u2013 Polaganjem venaca na Memorijalnom kompleksu i spomeniku na brdu Ljubi\u0107u obele\u017eeno je 210&#8230;<\/p>\n","protected":false},"author":1,"featured_media":9479,"comment_status":"open","ping_status":"open","sticky":false,"template":"","format":"standard","meta":{"_acf_changed":false,"footnotes":""},"categories":[766],"tags":[3022,555,278,541,3021,2404,93],"class_list":["post-9478","post","type-post","status-publish","format-standard","has-post-thumbnail","hentry","category-cacak","tag-boj","tag-ljubic","tag-spomenik","tag-tanasko-rajic","tag-ustanak","tag-venci","tag-cacak"],"acf":[],"featured_image_urls":{"full":["https:\/\/amppress.rs\/wp-content\/uploads\/2025\/06\/boj-ljubic-gzs.webp",640,427,false],"thumbnail":["https:\/\/amppress.rs\/wp-content\/uploads\/2025\/06\/boj-ljubic-gzs-150x150.webp",150,150,true],"medium":["https:\/\/amppress.rs\/wp-content\/uploads\/2025\/06\/boj-ljubic-gzs-300x200.webp",300,200,true],"medium_large":["https:\/\/amppress.rs\/wp-content\/uploads\/2025\/06\/boj-ljubic-gzs.webp",640,427,false],"large":["https:\/\/amppress.rs\/wp-content\/uploads\/2025\/06\/boj-ljubic-gzs.webp",640,427,false],"1536x1536":["https:\/\/amppress.rs\/wp-content\/uploads\/2025\/06\/boj-ljubic-gzs.webp",640,427,false],"2048x2048":["https:\/\/amppress.rs\/wp-content\/uploads\/2025\/06\/boj-ljubic-gzs.webp",640,427,false],"cvmm-medium":["https:\/\/amppress.rs\/wp-content\/uploads\/2025\/06\/boj-ljubic-gzs-300x300.webp",300,300,true],"cvmm-medium-plus":["https:\/\/amppress.rs\/wp-content\/uploads\/2025\/06\/boj-ljubic-gzs-305x207.webp",305,207,true],"cvmm-portrait":["https:\/\/amppress.rs\/wp-content\/uploads\/2025\/06\/boj-ljubic-gzs-400x427.webp",400,427,true],"cvmm-medium-square":["https:\/\/amppress.rs\/wp-content\/uploads\/2025\/06\/boj-ljubic-gzs-600x427.webp",600,427,true],"cvmm-large":["https:\/\/amppress.rs\/wp-content\/uploads\/2025\/06\/boj-ljubic-gzs.webp",640,427,false],"cvmm-small":["https:\/\/amppress.rs\/wp-content\/uploads\/2025\/06\/boj-ljubic-gzs-130x95.webp",130,95,true],"newsever-slider-full":["https:\/\/amppress.rs\/wp-content\/uploads\/2025\/06\/boj-ljubic-gzs.webp",640,427,false],"newsever-featured":["https:\/\/amppress.rs\/wp-content\/uploads\/2025\/06\/boj-ljubic-gzs.webp",640,427,false],"newsever-medium":["https:\/\/amppress.rs\/wp-content\/uploads\/2025\/06\/boj-ljubic-gzs.webp",640,427,false]},"author_info":{"display_name":"\u0410\u041c\u041f \u041f\u0420\u0415\u0421\u0421","author_link":"https:\/\/amppress.rs\/index.php\/author\/eduka\/"},"category_info":"<a href=\"https:\/\/amppress.rs\/index.php\/category\/cacak\/\" rel=\"category tag\">\u010ca\u010dak<\/a>","tag_info":"\u010ca\u010dak","comment_count":"0","blog_post_layout_featured_media_urls":{"thumbnail":["https:\/\/amppress.rs\/wp-content\/uploads\/2025\/06\/boj-ljubic-gzs-150x150.webp",150,150,true],"full":["https:\/\/amppress.rs\/wp-content\/uploads\/2025\/06\/boj-ljubic-gzs.webp",640,427,false]},"categories_names":{"766":{"name":"\u010ca\u010dak","link":"https:\/\/amppress.rs\/index.php\/category\/cacak\/"}},"tags_names":{"3022":{"name":"boj","link":"https:\/\/amppress.rs\/index.php\/tag\/boj\/"},"555":{"name":"Ljubi\u0107","link":"https:\/\/amppress.rs\/index.php\/tag\/ljubic\/"},"278":{"name":"SPOMENIK","link":"https:\/\/amppress.rs\/index.php\/tag\/spomenik\/"},"541":{"name":"tanasko raji\u0107","link":"https:\/\/amppress.rs\/index.php\/tag\/tanasko-rajic\/"},"3021":{"name":"ustanak","link":"https:\/\/amppress.rs\/index.php\/tag\/ustanak\/"},"2404":{"name":"venci","link":"https:\/\/amppress.rs\/index.php\/tag\/venci\/"},"93":{"name":"\u0427\u0430\u0447\u0430\u043a","link":"https:\/\/amppress.rs\/index.php\/tag\/cacak\/"}},"comments_number":"0","wpmagazine_modules_featured_media_urls":{"thumbnail":["https:\/\/amppress.rs\/wp-content\/uploads\/2025\/06\/boj-ljubic-gzs-150x150.webp",150,150,true],"cvmm-medium":["https:\/\/amppress.rs\/wp-content\/uploads\/2025\/06\/boj-ljubic-gzs-300x300.webp",300,300,true],"cvmm-medium-plus":["https:\/\/amppress.rs\/wp-content\/uploads\/2025\/06\/boj-ljubic-gzs-305x207.webp",305,207,true],"cvmm-portrait":["https:\/\/amppress.rs\/wp-content\/uploads\/2025\/06\/boj-ljubic-gzs-400x427.webp",400,427,true],"cvmm-medium-square":["https:\/\/amppress.rs\/wp-content\/uploads\/2025\/06\/boj-ljubic-gzs-600x427.webp",600,427,true],"cvmm-large":["https:\/\/amppress.rs\/wp-content\/uploads\/2025\/06\/boj-ljubic-gzs.webp",640,427,false],"cvmm-small":["https:\/\/amppress.rs\/wp-content\/uploads\/2025\/06\/boj-ljubic-gzs-130x95.webp",130,95,true],"full":["https:\/\/amppress.rs\/wp-content\/uploads\/2025\/06\/boj-ljubic-gzs.webp",640,427,false]},"_links":{"self":[{"href":"https:\/\/amppress.rs\/index.php\/wp-json\/wp\/v2\/posts\/9478","targetHints":{"allow":["GET"]}}],"collection":[{"href":"https:\/\/amppress.rs\/index.php\/wp-json\/wp\/v2\/posts"}],"about":[{"href":"https:\/\/amppress.rs\/index.php\/wp-json\/wp\/v2\/types\/post"}],"author":[{"embeddable":true,"href":"https:\/\/amppress.rs\/index.php\/wp-json\/wp\/v2\/users\/1"}],"replies":[{"embeddable":true,"href":"https:\/\/amppress.rs\/index.php\/wp-json\/wp\/v2\/comments?post=9478"}],"version-history":[{"count":1,"href":"https:\/\/amppress.rs\/index.php\/wp-json\/wp\/v2\/posts\/9478\/revisions"}],"predecessor-version":[{"id":9480,"href":"https:\/\/amppress.rs\/index.php\/wp-json\/wp\/v2\/posts\/9478\/revisions\/9480"}],"wp:featuredmedia":[{"embeddable":true,"href":"https:\/\/amppress.rs\/index.php\/wp-json\/wp\/v2\/media\/9479"}],"wp:attachment":[{"href":"https:\/\/amppress.rs\/index.php\/wp-json\/wp\/v2\/media?parent=9478"}],"wp:term":[{"taxonomy":"category","embeddable":true,"href":"https:\/\/amppress.rs\/index.php\/wp-json\/wp\/v2\/categories?post=9478"},{"taxonomy":"post_tag","embeddable":true,"href":"https:\/\/amppress.rs\/index.php\/wp-json\/wp\/v2\/tags?post=9478"}],"curies":[{"name":"wp","href":"https:\/\/api.w.org\/{rel}","templated":true}]}}