{"id":9357,"date":"2025-05-27T08:33:22","date_gmt":"2025-05-27T06:33:22","guid":{"rendered":"https:\/\/amppress.rs\/?p=9357"},"modified":"2025-05-27T09:48:05","modified_gmt":"2025-05-27T07:48:05","slug":"promocija-dualnog-obrazovanja-u-gornjem-milanovcu","status":"publish","type":"post","link":"https:\/\/amppress.rs\/index.php\/2025\/05\/27\/promocija-dualnog-obrazovanja-u-gornjem-milanovcu\/","title":{"rendered":"Promocija dualnog obrazovanja u Gornjem Milanovcu"},"content":{"rendered":{},"protected":false},"excerpt":{"rendered":"<p>Predsednik op\u0161tine Dejan Kova\u010devi\u0107 sastao se ju\u010de u svom kabinetu sa prof. dr Gabrijelom Gruji\u0107,&#8230;<\/p>\n","protected":false},"author":1,"featured_media":9358,"comment_status":"open","ping_status":"open","sticky":false,"template":"","format":"standard","meta":{"_acf_changed":false,"footnotes":""},"categories":[772,7],"tags":[2044,975,2977,2041,1539,1455,81],"class_list":["post-9357","post","type-post","status-publish","format-standard","has-post-thumbnail","hentry","category-gornji-milanovac","category-vesti-news","tag-dejan-kovacevic","tag-dualno-obrazovanje","tag-gabrijela-grujic","tag-nastavnici","tag-skola","tag-ucenici","tag-gornji-milanovac"],"acf":[],"featured_image_urls":{"full":["https:\/\/amppress.rs\/wp-content\/uploads\/2025\/05\/milanovac-dualno-obrazovanje-scaled.jpg",2560,1920,false],"thumbnail":["https:\/\/amppress.rs\/wp-content\/uploads\/2025\/05\/milanovac-dualno-obrazovanje-150x150.jpg",150,150,true],"medium":["https:\/\/amppress.rs\/wp-content\/uploads\/2025\/05\/milanovac-dualno-obrazovanje-300x225.jpg",300,225,true],"medium_large":["https:\/\/amppress.rs\/wp-content\/uploads\/2025\/05\/milanovac-dualno-obrazovanje-768x576.jpg",640,480,true],"large":["https:\/\/amppress.rs\/wp-content\/uploads\/2025\/05\/milanovac-dualno-obrazovanje-1024x768.jpg",640,480,true],"1536x1536":["https:\/\/amppress.rs\/wp-content\/uploads\/2025\/05\/milanovac-dualno-obrazovanje-1536x1152.jpg",1536,1152,true],"2048x2048":["https:\/\/amppress.rs\/wp-content\/uploads\/2025\/05\/milanovac-dualno-obrazovanje-2048x1536.jpg",2048,1536,true],"cvmm-medium":["https:\/\/amppress.rs\/wp-content\/uploads\/2025\/05\/milanovac-dualno-obrazovanje-300x300.jpg",300,300,true],"cvmm-medium-plus":["https:\/\/amppress.rs\/wp-content\/uploads\/2025\/05\/milanovac-dualno-obrazovanje-305x207.jpg",305,207,true],"cvmm-portrait":["https:\/\/amppress.rs\/wp-content\/uploads\/2025\/05\/milanovac-dualno-obrazovanje-400x600.jpg",400,600,true],"cvmm-medium-square":["https:\/\/amppress.rs\/wp-content\/uploads\/2025\/05\/milanovac-dualno-obrazovanje-600x600.jpg",600,600,true],"cvmm-large":["https:\/\/amppress.rs\/wp-content\/uploads\/2025\/05\/milanovac-dualno-obrazovanje-1024x1024.jpg",1024,1024,true],"cvmm-small":["https:\/\/amppress.rs\/wp-content\/uploads\/2025\/05\/milanovac-dualno-obrazovanje-130x95.jpg",130,95,true],"newsever-slider-full":["https:\/\/amppress.rs\/wp-content\/uploads\/2025\/05\/milanovac-dualno-obrazovanje-1280x845.jpg",1280,845,true],"newsever-featured":["https:\/\/amppress.rs\/wp-content\/uploads\/2025\/05\/milanovac-dualno-obrazovanje-1024x768.jpg",1024,768,true],"newsever-medium":["https:\/\/amppress.rs\/wp-content\/uploads\/2025\/05\/milanovac-dualno-obrazovanje-720x475.jpg",720,475,true]},"author_info":{"display_name":"\u0410\u041c\u041f \u041f\u0420\u0415\u0421\u0421","author_link":"https:\/\/amppress.rs\/index.php\/author\/eduka\/"},"category_info":"<a href=\"https:\/\/amppress.rs\/index.php\/category\/gornji-milanovac\/\" rel=\"category tag\">Gornji Milanovac<\/a> <a href=\"https:\/\/amppress.rs\/index.php\/category\/news\/vesti-news\/\" rel=\"category tag\">Vesti<\/a>","tag_info":"Vesti","comment_count":"0","blog_post_layout_featured_media_urls":{"thumbnail":["https:\/\/amppress.rs\/wp-content\/uploads\/2025\/05\/milanovac-dualno-obrazovanje-150x150.jpg",150,150,true],"full":["https:\/\/amppress.rs\/wp-content\/uploads\/2025\/05\/milanovac-dualno-obrazovanje-scaled.jpg",2560,1920,false]},"categories_names":{"772":{"name":"Gornji Milanovac","link":"https:\/\/amppress.rs\/index.php\/category\/gornji-milanovac\/"},"7":{"name":"Vesti","link":"https:\/\/amppress.rs\/index.php\/category\/news\/vesti-news\/"}},"tags_names":{"2044":{"name":"dejan kova\u010devi\u0107","link":"https:\/\/amppress.rs\/index.php\/tag\/dejan-kovacevic\/"},"975":{"name":"DUALNO OBRAZOVANJE","link":"https:\/\/amppress.rs\/index.php\/tag\/dualno-obrazovanje\/"},"2977":{"name":"Gabrijela Gruji\u0107","link":"https:\/\/amppress.rs\/index.php\/tag\/gabrijela-grujic\/"},"2041":{"name":"nastavnici","link":"https:\/\/amppress.rs\/index.php\/tag\/nastavnici\/"},"1539":{"name":"\u0161kola","link":"https:\/\/amppress.rs\/index.php\/tag\/skola\/"},"1455":{"name":"u\u010denici","link":"https:\/\/amppress.rs\/index.php\/tag\/ucenici\/"},"81":{"name":"\u0413\u043e\u0440\u045a\u0438 \u041c\u0438\u043b\u0430\u043d\u043e\u0432\u0430\u0446","link":"https:\/\/amppress.rs\/index.php\/tag\/gornji-milanovac\/"}},"comments_number":"0","wpmagazine_modules_featured_media_urls":{"thumbnail":["https:\/\/amppress.rs\/wp-content\/uploads\/2025\/05\/milanovac-dualno-obrazovanje-150x150.jpg",150,150,true],"cvmm-medium":["https:\/\/amppress.rs\/wp-content\/uploads\/2025\/05\/milanovac-dualno-obrazovanje-300x300.jpg",300,300,true],"cvmm-medium-plus":["https:\/\/amppress.rs\/wp-content\/uploads\/2025\/05\/milanovac-dualno-obrazovanje-305x207.jpg",305,207,true],"cvmm-portrait":["https:\/\/amppress.rs\/wp-content\/uploads\/2025\/05\/milanovac-dualno-obrazovanje-400x600.jpg",400,600,true],"cvmm-medium-square":["https:\/\/amppress.rs\/wp-content\/uploads\/2025\/05\/milanovac-dualno-obrazovanje-600x600.jpg",600,600,true],"cvmm-large":["https:\/\/amppress.rs\/wp-content\/uploads\/2025\/05\/milanovac-dualno-obrazovanje-1024x1024.jpg",1024,1024,true],"cvmm-small":["https:\/\/amppress.rs\/wp-content\/uploads\/2025\/05\/milanovac-dualno-obrazovanje-130x95.jpg",130,95,true],"full":["https:\/\/amppress.rs\/wp-content\/uploads\/2025\/05\/milanovac-dualno-obrazovanje-scaled.jpg",2560,1920,false]},"_links":{"self":[{"href":"https:\/\/amppress.rs\/index.php\/wp-json\/wp\/v2\/posts\/9357","targetHints":{"allow":["GET"]}}],"collection":[{"href":"https:\/\/amppress.rs\/index.php\/wp-json\/wp\/v2\/posts"}],"about":[{"href":"https:\/\/amppress.rs\/index.php\/wp-json\/wp\/v2\/types\/post"}],"author":[{"embeddable":true,"href":"https:\/\/amppress.rs\/index.php\/wp-json\/wp\/v2\/users\/1"}],"replies":[{"embeddable":true,"href":"https:\/\/amppress.rs\/index.php\/wp-json\/wp\/v2\/comments?post=9357"}],"version-history":[{"count":4,"href":"https:\/\/amppress.rs\/index.php\/wp-json\/wp\/v2\/posts\/9357\/revisions"}],"predecessor-version":[{"id":9363,"href":"https:\/\/amppress.rs\/index.php\/wp-json\/wp\/v2\/posts\/9357\/revisions\/9363"}],"wp:featuredmedia":[{"embeddable":true,"href":"https:\/\/amppress.rs\/index.php\/wp-json\/wp\/v2\/media\/9358"}],"wp:attachment":[{"href":"https:\/\/amppress.rs\/index.php\/wp-json\/wp\/v2\/media?parent=9357"}],"wp:term":[{"taxonomy":"category","embeddable":true,"href":"https:\/\/amppress.rs\/index.php\/wp-json\/wp\/v2\/categories?post=9357"},{"taxonomy":"post_tag","embeddable":true,"href":"https:\/\/amppress.rs\/index.php\/wp-json\/wp\/v2\/tags?post=9357"}],"curies":[{"name":"wp","href":"https:\/\/api.w.org\/{rel}","templated":true}]}}