{"id":9245,"date":"2025-05-19T13:37:51","date_gmt":"2025-05-19T11:37:51","guid":{"rendered":"https:\/\/amppress.rs\/?p=9245"},"modified":"2025-05-19T13:37:51","modified_gmt":"2025-05-19T11:37:51","slug":"saopstenje-za-javnost-pokret-snaga-srbije-bk-povodom-18-maja-dana-secanja-na-zene-zrtve-nasilja","status":"publish","type":"post","link":"https:\/\/amppress.rs\/index.php\/2025\/05\/19\/saopstenje-za-javnost-pokret-snaga-srbije-bk-povodom-18-maja-dana-secanja-na-zene-zrtve-nasilja\/","title":{"rendered":"Saop\u0161tenje za javnost Pokret Snaga Srbije \u2013 BK povodom 18. maja \u2013 Dana se\u0107anja na \u017eene \u017ertve nasilja"},"content":{"rendered":{},"protected":false},"excerpt":{"rendered":"<p>\u201eSvaka \u017eena ima pravo na \u017eivot bez straha. Nijedna vi\u0161e ne sme biti \u017ertva!\u201c Srbija&#8230;<\/p>\n","protected":false},"author":1,"featured_media":9246,"comment_status":"open","ping_status":"open","sticky":false,"template":"","format":"standard","meta":{"_acf_changed":false,"footnotes":""},"categories":[1596,7],"tags":[2634,1618,270,2940],"class_list":["post-9245","post","type-post","status-publish","format-standard","has-post-thumbnail","hentry","category-braca-karic","category-vesti-news","tag-dragomir-karic","tag-nasilje","tag-zene","tag-zrtve-nasilja"],"acf":[],"featured_image_urls":{"full":["https:\/\/amppress.rs\/wp-content\/uploads\/2025\/05\/karic-dragomir-uros-markovic.webp",640,634,false],"thumbnail":["https:\/\/amppress.rs\/wp-content\/uploads\/2025\/05\/karic-dragomir-uros-markovic-150x150.webp",150,150,true],"medium":["https:\/\/amppress.rs\/wp-content\/uploads\/2025\/05\/karic-dragomir-uros-markovic-300x297.webp",300,297,true],"medium_large":["https:\/\/amppress.rs\/wp-content\/uploads\/2025\/05\/karic-dragomir-uros-markovic.webp",640,634,false],"large":["https:\/\/amppress.rs\/wp-content\/uploads\/2025\/05\/karic-dragomir-uros-markovic.webp",640,634,false],"1536x1536":["https:\/\/amppress.rs\/wp-content\/uploads\/2025\/05\/karic-dragomir-uros-markovic.webp",640,634,false],"2048x2048":["https:\/\/amppress.rs\/wp-content\/uploads\/2025\/05\/karic-dragomir-uros-markovic.webp",640,634,false],"cvmm-medium":["https:\/\/amppress.rs\/wp-content\/uploads\/2025\/05\/karic-dragomir-uros-markovic-300x300.webp",300,300,true],"cvmm-medium-plus":["https:\/\/amppress.rs\/wp-content\/uploads\/2025\/05\/karic-dragomir-uros-markovic-305x207.webp",305,207,true],"cvmm-portrait":["https:\/\/amppress.rs\/wp-content\/uploads\/2025\/05\/karic-dragomir-uros-markovic-400x600.webp",400,600,true],"cvmm-medium-square":["https:\/\/amppress.rs\/wp-content\/uploads\/2025\/05\/karic-dragomir-uros-markovic-600x600.webp",600,600,true],"cvmm-large":["https:\/\/amppress.rs\/wp-content\/uploads\/2025\/05\/karic-dragomir-uros-markovic.webp",640,634,false],"cvmm-small":["https:\/\/amppress.rs\/wp-content\/uploads\/2025\/05\/karic-dragomir-uros-markovic-130x95.webp",130,95,true],"newsever-slider-full":["https:\/\/amppress.rs\/wp-content\/uploads\/2025\/05\/karic-dragomir-uros-markovic.webp",640,634,false],"newsever-featured":["https:\/\/amppress.rs\/wp-content\/uploads\/2025\/05\/karic-dragomir-uros-markovic.webp",640,634,false],"newsever-medium":["https:\/\/amppress.rs\/wp-content\/uploads\/2025\/05\/karic-dragomir-uros-markovic-640x475.webp",640,475,true]},"author_info":{"display_name":"\u0410\u041c\u041f \u041f\u0420\u0415\u0421\u0421","author_link":"https:\/\/amppress.rs\/index.php\/author\/eduka\/"},"category_info":"<a href=\"https:\/\/amppress.rs\/index.php\/category\/braca-karic\/\" rel=\"category tag\">Bra\u0107a Kari\u0107<\/a> <a href=\"https:\/\/amppress.rs\/index.php\/category\/news\/vesti-news\/\" rel=\"category tag\">Vesti<\/a>","tag_info":"Vesti","comment_count":"0","blog_post_layout_featured_media_urls":{"thumbnail":["https:\/\/amppress.rs\/wp-content\/uploads\/2025\/05\/karic-dragomir-uros-markovic-150x150.webp",150,150,true],"full":["https:\/\/amppress.rs\/wp-content\/uploads\/2025\/05\/karic-dragomir-uros-markovic.webp",640,634,false]},"categories_names":{"1596":{"name":"Bra\u0107a Kari\u0107","link":"https:\/\/amppress.rs\/index.php\/category\/braca-karic\/"},"7":{"name":"Vesti","link":"https:\/\/amppress.rs\/index.php\/category\/news\/vesti-news\/"}},"tags_names":{"2634":{"name":"Dragomir Kari\u0107","link":"https:\/\/amppress.rs\/index.php\/tag\/dragomir-karic\/"},"1618":{"name":"nasilje","link":"https:\/\/amppress.rs\/index.php\/tag\/nasilje\/"},"270":{"name":"\u017dENE","link":"https:\/\/amppress.rs\/index.php\/tag\/zene\/"},"2940":{"name":"\u017ertve nasilja","link":"https:\/\/amppress.rs\/index.php\/tag\/zrtve-nasilja\/"}},"comments_number":"0","wpmagazine_modules_featured_media_urls":{"thumbnail":["https:\/\/amppress.rs\/wp-content\/uploads\/2025\/05\/karic-dragomir-uros-markovic-150x150.webp",150,150,true],"cvmm-medium":["https:\/\/amppress.rs\/wp-content\/uploads\/2025\/05\/karic-dragomir-uros-markovic-300x300.webp",300,300,true],"cvmm-medium-plus":["https:\/\/amppress.rs\/wp-content\/uploads\/2025\/05\/karic-dragomir-uros-markovic-305x207.webp",305,207,true],"cvmm-portrait":["https:\/\/amppress.rs\/wp-content\/uploads\/2025\/05\/karic-dragomir-uros-markovic-400x600.webp",400,600,true],"cvmm-medium-square":["https:\/\/amppress.rs\/wp-content\/uploads\/2025\/05\/karic-dragomir-uros-markovic-600x600.webp",600,600,true],"cvmm-large":["https:\/\/amppress.rs\/wp-content\/uploads\/2025\/05\/karic-dragomir-uros-markovic.webp",640,634,false],"cvmm-small":["https:\/\/amppress.rs\/wp-content\/uploads\/2025\/05\/karic-dragomir-uros-markovic-130x95.webp",130,95,true],"full":["https:\/\/amppress.rs\/wp-content\/uploads\/2025\/05\/karic-dragomir-uros-markovic.webp",640,634,false]},"_links":{"self":[{"href":"https:\/\/amppress.rs\/index.php\/wp-json\/wp\/v2\/posts\/9245","targetHints":{"allow":["GET"]}}],"collection":[{"href":"https:\/\/amppress.rs\/index.php\/wp-json\/wp\/v2\/posts"}],"about":[{"href":"https:\/\/amppress.rs\/index.php\/wp-json\/wp\/v2\/types\/post"}],"author":[{"embeddable":true,"href":"https:\/\/amppress.rs\/index.php\/wp-json\/wp\/v2\/users\/1"}],"replies":[{"embeddable":true,"href":"https:\/\/amppress.rs\/index.php\/wp-json\/wp\/v2\/comments?post=9245"}],"version-history":[{"count":1,"href":"https:\/\/amppress.rs\/index.php\/wp-json\/wp\/v2\/posts\/9245\/revisions"}],"predecessor-version":[{"id":9247,"href":"https:\/\/amppress.rs\/index.php\/wp-json\/wp\/v2\/posts\/9245\/revisions\/9247"}],"wp:featuredmedia":[{"embeddable":true,"href":"https:\/\/amppress.rs\/index.php\/wp-json\/wp\/v2\/media\/9246"}],"wp:attachment":[{"href":"https:\/\/amppress.rs\/index.php\/wp-json\/wp\/v2\/media?parent=9245"}],"wp:term":[{"taxonomy":"category","embeddable":true,"href":"https:\/\/amppress.rs\/index.php\/wp-json\/wp\/v2\/categories?post=9245"},{"taxonomy":"post_tag","embeddable":true,"href":"https:\/\/amppress.rs\/index.php\/wp-json\/wp\/v2\/tags?post=9245"}],"curies":[{"name":"wp","href":"https:\/\/api.w.org\/{rel}","templated":true}]}}