{"id":9055,"date":"2025-05-12T09:20:16","date_gmt":"2025-05-12T07:20:16","guid":{"rendered":"https:\/\/amppress.rs\/?p=9055"},"modified":"2025-05-12T09:20:16","modified_gmt":"2025-05-12T07:20:16","slug":"srpska-pravoslavna-crkva-danas-slavi-svetog-vasilija-ostroskog","status":"publish","type":"post","link":"https:\/\/amppress.rs\/index.php\/2025\/05\/12\/srpska-pravoslavna-crkva-danas-slavi-svetog-vasilija-ostroskog\/","title":{"rendered":"Srpska pravoslavna crkva danas slavi Svetog Vasilija Ostro\u0161kog"},"content":{"rendered":{},"protected":false},"excerpt":{"rendered":"<p>Srpska pravoslavna crkva danas slavi Svetog Vasilija Ostro\u0161kog, praznik posve\u0107en velikom \u010dudotvorcu i iscelitelju. Mo\u0161ti&#8230;<\/p>\n","protected":false},"author":1,"featured_media":9056,"comment_status":"open","ping_status":"open","sticky":false,"template":"","format":"standard","meta":{"_acf_changed":false,"footnotes":""},"categories":[700,7],"tags":[2853,2854,2852,1789,114],"class_list":["post-9055","post","type-post","status-publish","format-standard","has-post-thumbnail","hentry","category-srpska-pravoslavna-crkva","category-vesti-news","tag-cudotvorac","tag-izcelitelj","tag-vasulije-otroski","tag-vernici","tag-slava"],"acf":[],"featured_image_urls":{"full":["https:\/\/amppress.rs\/wp-content\/uploads\/2025\/05\/manastir-ostrog-foto-branko-lukic.webp",640,1138,false],"thumbnail":["https:\/\/amppress.rs\/wp-content\/uploads\/2025\/05\/manastir-ostrog-foto-branko-lukic-150x150.webp",150,150,true],"medium":["https:\/\/amppress.rs\/wp-content\/uploads\/2025\/05\/manastir-ostrog-foto-branko-lukic-169x300.webp",169,300,true],"medium_large":["https:\/\/amppress.rs\/wp-content\/uploads\/2025\/05\/manastir-ostrog-foto-branko-lukic.webp",640,1138,false],"large":["https:\/\/amppress.rs\/wp-content\/uploads\/2025\/05\/manastir-ostrog-foto-branko-lukic-576x1024.webp",576,1024,true],"1536x1536":["https:\/\/amppress.rs\/wp-content\/uploads\/2025\/05\/manastir-ostrog-foto-branko-lukic.webp",640,1138,false],"2048x2048":["https:\/\/amppress.rs\/wp-content\/uploads\/2025\/05\/manastir-ostrog-foto-branko-lukic.webp",640,1138,false],"cvmm-medium":["https:\/\/amppress.rs\/wp-content\/uploads\/2025\/05\/manastir-ostrog-foto-branko-lukic-300x300.webp",300,300,true],"cvmm-medium-plus":["https:\/\/amppress.rs\/wp-content\/uploads\/2025\/05\/manastir-ostrog-foto-branko-lukic-305x207.webp",305,207,true],"cvmm-portrait":["https:\/\/amppress.rs\/wp-content\/uploads\/2025\/05\/manastir-ostrog-foto-branko-lukic-400x600.webp",400,600,true],"cvmm-medium-square":["https:\/\/amppress.rs\/wp-content\/uploads\/2025\/05\/manastir-ostrog-foto-branko-lukic-600x600.webp",600,600,true],"cvmm-large":["https:\/\/amppress.rs\/wp-content\/uploads\/2025\/05\/manastir-ostrog-foto-branko-lukic-640x1024.webp",640,1024,true],"cvmm-small":["https:\/\/amppress.rs\/wp-content\/uploads\/2025\/05\/manastir-ostrog-foto-branko-lukic-130x95.webp",130,95,true],"newsever-slider-full":["https:\/\/amppress.rs\/wp-content\/uploads\/2025\/05\/manastir-ostrog-foto-branko-lukic-640x845.webp",640,845,true],"newsever-featured":["https:\/\/amppress.rs\/wp-content\/uploads\/2025\/05\/manastir-ostrog-foto-branko-lukic.webp",640,1138,false],"newsever-medium":["https:\/\/amppress.rs\/wp-content\/uploads\/2025\/05\/manastir-ostrog-foto-branko-lukic-640x475.webp",640,475,true]},"author_info":{"display_name":"\u0410\u041c\u041f \u041f\u0420\u0415\u0421\u0421","author_link":"https:\/\/amppress.rs\/index.php\/author\/eduka\/"},"category_info":"<a href=\"https:\/\/amppress.rs\/index.php\/category\/srpska-pravoslavna-crkva\/\" rel=\"category tag\">Srpska pravoslavna crkva<\/a> <a href=\"https:\/\/amppress.rs\/index.php\/category\/news\/vesti-news\/\" rel=\"category tag\">Vesti<\/a>","tag_info":"Vesti","comment_count":"0","blog_post_layout_featured_media_urls":{"thumbnail":["https:\/\/amppress.rs\/wp-content\/uploads\/2025\/05\/manastir-ostrog-foto-branko-lukic-150x150.webp",150,150,true],"full":["https:\/\/amppress.rs\/wp-content\/uploads\/2025\/05\/manastir-ostrog-foto-branko-lukic.webp",640,1138,false]},"categories_names":{"700":{"name":"Srpska pravoslavna crkva","link":"https:\/\/amppress.rs\/index.php\/category\/srpska-pravoslavna-crkva\/"},"7":{"name":"Vesti","link":"https:\/\/amppress.rs\/index.php\/category\/news\/vesti-news\/"}},"tags_names":{"2853":{"name":"\u010dudotvorac","link":"https:\/\/amppress.rs\/index.php\/tag\/cudotvorac\/"},"2854":{"name":"izcelitelj","link":"https:\/\/amppress.rs\/index.php\/tag\/izcelitelj\/"},"2852":{"name":"Vasulije Otro\u0161ki","link":"https:\/\/amppress.rs\/index.php\/tag\/vasulije-otroski\/"},"1789":{"name":"vernici","link":"https:\/\/amppress.rs\/index.php\/tag\/vernici\/"},"114":{"name":"\u0421\u043b\u0430\u0432\u0430","link":"https:\/\/amppress.rs\/index.php\/tag\/slava\/"}},"comments_number":"0","wpmagazine_modules_featured_media_urls":{"thumbnail":["https:\/\/amppress.rs\/wp-content\/uploads\/2025\/05\/manastir-ostrog-foto-branko-lukic-150x150.webp",150,150,true],"cvmm-medium":["https:\/\/amppress.rs\/wp-content\/uploads\/2025\/05\/manastir-ostrog-foto-branko-lukic-300x300.webp",300,300,true],"cvmm-medium-plus":["https:\/\/amppress.rs\/wp-content\/uploads\/2025\/05\/manastir-ostrog-foto-branko-lukic-305x207.webp",305,207,true],"cvmm-portrait":["https:\/\/amppress.rs\/wp-content\/uploads\/2025\/05\/manastir-ostrog-foto-branko-lukic-400x600.webp",400,600,true],"cvmm-medium-square":["https:\/\/amppress.rs\/wp-content\/uploads\/2025\/05\/manastir-ostrog-foto-branko-lukic-600x600.webp",600,600,true],"cvmm-large":["https:\/\/amppress.rs\/wp-content\/uploads\/2025\/05\/manastir-ostrog-foto-branko-lukic-640x1024.webp",640,1024,true],"cvmm-small":["https:\/\/amppress.rs\/wp-content\/uploads\/2025\/05\/manastir-ostrog-foto-branko-lukic-130x95.webp",130,95,true],"full":["https:\/\/amppress.rs\/wp-content\/uploads\/2025\/05\/manastir-ostrog-foto-branko-lukic.webp",640,1138,false]},"_links":{"self":[{"href":"https:\/\/amppress.rs\/index.php\/wp-json\/wp\/v2\/posts\/9055","targetHints":{"allow":["GET"]}}],"collection":[{"href":"https:\/\/amppress.rs\/index.php\/wp-json\/wp\/v2\/posts"}],"about":[{"href":"https:\/\/amppress.rs\/index.php\/wp-json\/wp\/v2\/types\/post"}],"author":[{"embeddable":true,"href":"https:\/\/amppress.rs\/index.php\/wp-json\/wp\/v2\/users\/1"}],"replies":[{"embeddable":true,"href":"https:\/\/amppress.rs\/index.php\/wp-json\/wp\/v2\/comments?post=9055"}],"version-history":[{"count":1,"href":"https:\/\/amppress.rs\/index.php\/wp-json\/wp\/v2\/posts\/9055\/revisions"}],"predecessor-version":[{"id":9057,"href":"https:\/\/amppress.rs\/index.php\/wp-json\/wp\/v2\/posts\/9055\/revisions\/9057"}],"wp:featuredmedia":[{"embeddable":true,"href":"https:\/\/amppress.rs\/index.php\/wp-json\/wp\/v2\/media\/9056"}],"wp:attachment":[{"href":"https:\/\/amppress.rs\/index.php\/wp-json\/wp\/v2\/media?parent=9055"}],"wp:term":[{"taxonomy":"category","embeddable":true,"href":"https:\/\/amppress.rs\/index.php\/wp-json\/wp\/v2\/categories?post=9055"},{"taxonomy":"post_tag","embeddable":true,"href":"https:\/\/amppress.rs\/index.php\/wp-json\/wp\/v2\/tags?post=9055"}],"curies":[{"name":"wp","href":"https:\/\/api.w.org\/{rel}","templated":true}]}}