{"id":9010,"date":"2025-05-09T10:30:17","date_gmt":"2025-05-09T08:30:17","guid":{"rendered":"https:\/\/amppress.rs\/?p=9010"},"modified":"2025-05-09T10:30:17","modified_gmt":"2025-05-09T08:30:17","slug":"u-gornjem-milanovcu-obelezen-dan-pobede-nad-fasizmom","status":"publish","type":"post","link":"https:\/\/amppress.rs\/index.php\/2025\/05\/09\/u-gornjem-milanovcu-obelezen-dan-pobede-nad-fasizmom\/","title":{"rendered":"U Gornjem Milanovcu obele\u017een Dan Pobede nad fa\u0161izmom"},"content":{"rendered":{},"protected":false},"excerpt":{"rendered":"<p>U spomen-parku \u201eBrdo mira\u201c u Gornjem Milanovcu sve\u010dano je obele\u017een Dan pobede nad fa\u0161izmom. Centralni&#8230;<\/p>\n","protected":false},"author":1,"featured_media":9013,"comment_status":"open","ping_status":"open","sticky":false,"template":"","format":"standard","meta":{"_acf_changed":false,"footnotes":""},"categories":[772,7],"tags":[2822,2044,2811,2830,81],"class_list":["post-9010","post","type-post","status-publish","format-standard","has-post-thumbnail","hentry","category-gornji-milanovac","category-vesti-news","tag-dan-pobede","tag-dejan-kovacevic","tag-fasizam","tag-obelezen","tag-gornji-milanovac"],"acf":[],"featured_image_urls":{"full":["https:\/\/amppress.rs\/wp-content\/uploads\/2025\/05\/MILANOVAC-FASIZAM.jpg",1080,609,false],"thumbnail":["https:\/\/amppress.rs\/wp-content\/uploads\/2025\/05\/MILANOVAC-FASIZAM-150x150.jpg",150,150,true],"medium":["https:\/\/amppress.rs\/wp-content\/uploads\/2025\/05\/MILANOVAC-FASIZAM-300x169.jpg",300,169,true],"medium_large":["https:\/\/amppress.rs\/wp-content\/uploads\/2025\/05\/MILANOVAC-FASIZAM-768x433.jpg",640,361,true],"large":["https:\/\/amppress.rs\/wp-content\/uploads\/2025\/05\/MILANOVAC-FASIZAM-1024x577.jpg",640,361,true],"1536x1536":["https:\/\/amppress.rs\/wp-content\/uploads\/2025\/05\/MILANOVAC-FASIZAM.jpg",1080,609,false],"2048x2048":["https:\/\/amppress.rs\/wp-content\/uploads\/2025\/05\/MILANOVAC-FASIZAM.jpg",1080,609,false],"cvmm-medium":["https:\/\/amppress.rs\/wp-content\/uploads\/2025\/05\/MILANOVAC-FASIZAM-300x300.jpg",300,300,true],"cvmm-medium-plus":["https:\/\/amppress.rs\/wp-content\/uploads\/2025\/05\/MILANOVAC-FASIZAM-305x207.jpg",305,207,true],"cvmm-portrait":["https:\/\/amppress.rs\/wp-content\/uploads\/2025\/05\/MILANOVAC-FASIZAM-400x600.jpg",400,600,true],"cvmm-medium-square":["https:\/\/amppress.rs\/wp-content\/uploads\/2025\/05\/MILANOVAC-FASIZAM-600x600.jpg",600,600,true],"cvmm-large":["https:\/\/amppress.rs\/wp-content\/uploads\/2025\/05\/MILANOVAC-FASIZAM-1024x609.jpg",1024,609,true],"cvmm-small":["https:\/\/amppress.rs\/wp-content\/uploads\/2025\/05\/MILANOVAC-FASIZAM-130x95.jpg",130,95,true],"newsever-slider-full":["https:\/\/amppress.rs\/wp-content\/uploads\/2025\/05\/MILANOVAC-FASIZAM.jpg",1080,609,false],"newsever-featured":["https:\/\/amppress.rs\/wp-content\/uploads\/2025\/05\/MILANOVAC-FASIZAM-1024x577.jpg",1024,577,true],"newsever-medium":["https:\/\/amppress.rs\/wp-content\/uploads\/2025\/05\/MILANOVAC-FASIZAM-720x475.jpg",720,475,true]},"author_info":{"display_name":"\u0410\u041c\u041f \u041f\u0420\u0415\u0421\u0421","author_link":"https:\/\/amppress.rs\/index.php\/author\/eduka\/"},"category_info":"<a href=\"https:\/\/amppress.rs\/index.php\/category\/gornji-milanovac\/\" rel=\"category tag\">Gornji Milanovac<\/a> <a href=\"https:\/\/amppress.rs\/index.php\/category\/news\/vesti-news\/\" rel=\"category tag\">Vesti<\/a>","tag_info":"Vesti","comment_count":"0","blog_post_layout_featured_media_urls":{"thumbnail":["https:\/\/amppress.rs\/wp-content\/uploads\/2025\/05\/MILANOVAC-FASIZAM-150x150.jpg",150,150,true],"full":["https:\/\/amppress.rs\/wp-content\/uploads\/2025\/05\/MILANOVAC-FASIZAM.jpg",1080,609,false]},"categories_names":{"772":{"name":"Gornji Milanovac","link":"https:\/\/amppress.rs\/index.php\/category\/gornji-milanovac\/"},"7":{"name":"Vesti","link":"https:\/\/amppress.rs\/index.php\/category\/news\/vesti-news\/"}},"tags_names":{"2822":{"name":"dan pobede","link":"https:\/\/amppress.rs\/index.php\/tag\/dan-pobede\/"},"2044":{"name":"dejan kova\u010devi\u0107","link":"https:\/\/amppress.rs\/index.php\/tag\/dejan-kovacevic\/"},"2811":{"name":"fa\u0161izam","link":"https:\/\/amppress.rs\/index.php\/tag\/fasizam\/"},"2830":{"name":"obele\u017een","link":"https:\/\/amppress.rs\/index.php\/tag\/obelezen\/"},"81":{"name":"\u0413\u043e\u0440\u045a\u0438 \u041c\u0438\u043b\u0430\u043d\u043e\u0432\u0430\u0446","link":"https:\/\/amppress.rs\/index.php\/tag\/gornji-milanovac\/"}},"comments_number":"0","wpmagazine_modules_featured_media_urls":{"thumbnail":["https:\/\/amppress.rs\/wp-content\/uploads\/2025\/05\/MILANOVAC-FASIZAM-150x150.jpg",150,150,true],"cvmm-medium":["https:\/\/amppress.rs\/wp-content\/uploads\/2025\/05\/MILANOVAC-FASIZAM-300x300.jpg",300,300,true],"cvmm-medium-plus":["https:\/\/amppress.rs\/wp-content\/uploads\/2025\/05\/MILANOVAC-FASIZAM-305x207.jpg",305,207,true],"cvmm-portrait":["https:\/\/amppress.rs\/wp-content\/uploads\/2025\/05\/MILANOVAC-FASIZAM-400x600.jpg",400,600,true],"cvmm-medium-square":["https:\/\/amppress.rs\/wp-content\/uploads\/2025\/05\/MILANOVAC-FASIZAM-600x600.jpg",600,600,true],"cvmm-large":["https:\/\/amppress.rs\/wp-content\/uploads\/2025\/05\/MILANOVAC-FASIZAM-1024x609.jpg",1024,609,true],"cvmm-small":["https:\/\/amppress.rs\/wp-content\/uploads\/2025\/05\/MILANOVAC-FASIZAM-130x95.jpg",130,95,true],"full":["https:\/\/amppress.rs\/wp-content\/uploads\/2025\/05\/MILANOVAC-FASIZAM.jpg",1080,609,false]},"_links":{"self":[{"href":"https:\/\/amppress.rs\/index.php\/wp-json\/wp\/v2\/posts\/9010","targetHints":{"allow":["GET"]}}],"collection":[{"href":"https:\/\/amppress.rs\/index.php\/wp-json\/wp\/v2\/posts"}],"about":[{"href":"https:\/\/amppress.rs\/index.php\/wp-json\/wp\/v2\/types\/post"}],"author":[{"embeddable":true,"href":"https:\/\/amppress.rs\/index.php\/wp-json\/wp\/v2\/users\/1"}],"replies":[{"embeddable":true,"href":"https:\/\/amppress.rs\/index.php\/wp-json\/wp\/v2\/comments?post=9010"}],"version-history":[{"count":1,"href":"https:\/\/amppress.rs\/index.php\/wp-json\/wp\/v2\/posts\/9010\/revisions"}],"predecessor-version":[{"id":9015,"href":"https:\/\/amppress.rs\/index.php\/wp-json\/wp\/v2\/posts\/9010\/revisions\/9015"}],"wp:featuredmedia":[{"embeddable":true,"href":"https:\/\/amppress.rs\/index.php\/wp-json\/wp\/v2\/media\/9013"}],"wp:attachment":[{"href":"https:\/\/amppress.rs\/index.php\/wp-json\/wp\/v2\/media?parent=9010"}],"wp:term":[{"taxonomy":"category","embeddable":true,"href":"https:\/\/amppress.rs\/index.php\/wp-json\/wp\/v2\/categories?post=9010"},{"taxonomy":"post_tag","embeddable":true,"href":"https:\/\/amppress.rs\/index.php\/wp-json\/wp\/v2\/tags?post=9010"}],"curies":[{"name":"wp","href":"https:\/\/api.w.org\/{rel}","templated":true}]}}