{"id":8811,"date":"2025-04-27T13:34:10","date_gmt":"2025-04-27T11:34:10","guid":{"rendered":"https:\/\/amppress.rs\/?p=8811"},"modified":"2025-04-30T07:37:29","modified_gmt":"2025-04-30T05:37:29","slug":"obelezena-96-godisnjica-smrti-vojvode-stepe-stepanovica","status":"publish","type":"post","link":"https:\/\/amppress.rs\/index.php\/2025\/04\/27\/obelezena-96-godisnjica-smrti-vojvode-stepe-stepanovica\/","title":{"rendered":"Obele\u017eena 96. godi\u0161njica smrti vojvode Stepe Stepanovi\u0107a"},"content":{"rendered":{},"protected":false},"excerpt":{"rendered":"<p>Polaganjem lovorovih venaca i odavanjem dr\u017eavnih i vojnih po\u010dasti, danas je na grobu vojvode Stepe&#8230;<\/p>\n","protected":false},"author":1,"featured_media":8813,"comment_status":"open","ping_status":"open","sticky":false,"template":"","format":"standard","meta":{"_acf_changed":false,"footnotes":""},"categories":[7],"tags":[2707,2709,2708,2706,2710,428],"class_list":["post-8811","post","type-post","status-publish","format-standard","has-post-thumbnail","hentry","category-vesti-news","tag-96-godisnjica-smrti","tag-parastos","tag-polaganje-venaca","tag-stepa-stepanovic","tag-svestenici","tag-obelezavanje"],"acf":[],"featured_image_urls":{"full":["https:\/\/amppress.rs\/wp-content\/uploads\/2025\/04\/stepa-stepanovic-96-godina.jpg",1600,900,false],"thumbnail":["https:\/\/amppress.rs\/wp-content\/uploads\/2025\/04\/stepa-stepanovic-96-godina-150x150.jpg",150,150,true],"medium":["https:\/\/amppress.rs\/wp-content\/uploads\/2025\/04\/stepa-stepanovic-96-godina-300x169.jpg",300,169,true],"medium_large":["https:\/\/amppress.rs\/wp-content\/uploads\/2025\/04\/stepa-stepanovic-96-godina-768x432.jpg",640,360,true],"large":["https:\/\/amppress.rs\/wp-content\/uploads\/2025\/04\/stepa-stepanovic-96-godina-1024x576.jpg",640,360,true],"1536x1536":["https:\/\/amppress.rs\/wp-content\/uploads\/2025\/04\/stepa-stepanovic-96-godina-1536x864.jpg",1536,864,true],"2048x2048":["https:\/\/amppress.rs\/wp-content\/uploads\/2025\/04\/stepa-stepanovic-96-godina.jpg",1600,900,false],"cvmm-medium":["https:\/\/amppress.rs\/wp-content\/uploads\/2025\/04\/stepa-stepanovic-96-godina-300x300.jpg",300,300,true],"cvmm-medium-plus":["https:\/\/amppress.rs\/wp-content\/uploads\/2025\/04\/stepa-stepanovic-96-godina-305x207.jpg",305,207,true],"cvmm-portrait":["https:\/\/amppress.rs\/wp-content\/uploads\/2025\/04\/stepa-stepanovic-96-godina-400x600.jpg",400,600,true],"cvmm-medium-square":["https:\/\/amppress.rs\/wp-content\/uploads\/2025\/04\/stepa-stepanovic-96-godina-600x600.jpg",600,600,true],"cvmm-large":["https:\/\/amppress.rs\/wp-content\/uploads\/2025\/04\/stepa-stepanovic-96-godina-1024x900.jpg",1024,900,true],"cvmm-small":["https:\/\/amppress.rs\/wp-content\/uploads\/2025\/04\/stepa-stepanovic-96-godina-130x95.jpg",130,95,true],"newsever-slider-full":["https:\/\/amppress.rs\/wp-content\/uploads\/2025\/04\/stepa-stepanovic-96-godina-1280x845.jpg",1280,845,true],"newsever-featured":["https:\/\/amppress.rs\/wp-content\/uploads\/2025\/04\/stepa-stepanovic-96-godina-1024x576.jpg",1024,576,true],"newsever-medium":["https:\/\/amppress.rs\/wp-content\/uploads\/2025\/04\/stepa-stepanovic-96-godina-720x475.jpg",720,475,true]},"author_info":{"display_name":"\u0410\u041c\u041f \u041f\u0420\u0415\u0421\u0421","author_link":"https:\/\/amppress.rs\/index.php\/author\/eduka\/"},"category_info":"<a href=\"https:\/\/amppress.rs\/index.php\/category\/news\/vesti-news\/\" rel=\"category tag\">Vesti<\/a>","tag_info":"Vesti","comment_count":"0","blog_post_layout_featured_media_urls":{"thumbnail":["https:\/\/amppress.rs\/wp-content\/uploads\/2025\/04\/stepa-stepanovic-96-godina-150x150.jpg",150,150,true],"full":["https:\/\/amppress.rs\/wp-content\/uploads\/2025\/04\/stepa-stepanovic-96-godina.jpg",1600,900,false]},"categories_names":{"7":{"name":"Vesti","link":"https:\/\/amppress.rs\/index.php\/category\/news\/vesti-news\/"}},"tags_names":{"2707":{"name":"96.godi\u0161njica smrti","link":"https:\/\/amppress.rs\/index.php\/tag\/96-godisnjica-smrti\/"},"2709":{"name":"parastos","link":"https:\/\/amppress.rs\/index.php\/tag\/parastos\/"},"2708":{"name":"polaganje venaca","link":"https:\/\/amppress.rs\/index.php\/tag\/polaganje-venaca\/"},"2706":{"name":"Stepa Stepanovi\u0107","link":"https:\/\/amppress.rs\/index.php\/tag\/stepa-stepanovic\/"},"2710":{"name":"sve\u0161tenici","link":"https:\/\/amppress.rs\/index.php\/tag\/svestenici\/"},"428":{"name":"\u041e\u0411\u0415\u041b\u0415\u0416\u0410\u0412\u0410\u040a\u0415","link":"https:\/\/amppress.rs\/index.php\/tag\/obelezavanje\/"}},"comments_number":"0","wpmagazine_modules_featured_media_urls":{"thumbnail":["https:\/\/amppress.rs\/wp-content\/uploads\/2025\/04\/stepa-stepanovic-96-godina-150x150.jpg",150,150,true],"cvmm-medium":["https:\/\/amppress.rs\/wp-content\/uploads\/2025\/04\/stepa-stepanovic-96-godina-300x300.jpg",300,300,true],"cvmm-medium-plus":["https:\/\/amppress.rs\/wp-content\/uploads\/2025\/04\/stepa-stepanovic-96-godina-305x207.jpg",305,207,true],"cvmm-portrait":["https:\/\/amppress.rs\/wp-content\/uploads\/2025\/04\/stepa-stepanovic-96-godina-400x600.jpg",400,600,true],"cvmm-medium-square":["https:\/\/amppress.rs\/wp-content\/uploads\/2025\/04\/stepa-stepanovic-96-godina-600x600.jpg",600,600,true],"cvmm-large":["https:\/\/amppress.rs\/wp-content\/uploads\/2025\/04\/stepa-stepanovic-96-godina-1024x900.jpg",1024,900,true],"cvmm-small":["https:\/\/amppress.rs\/wp-content\/uploads\/2025\/04\/stepa-stepanovic-96-godina-130x95.jpg",130,95,true],"full":["https:\/\/amppress.rs\/wp-content\/uploads\/2025\/04\/stepa-stepanovic-96-godina.jpg",1600,900,false]},"_links":{"self":[{"href":"https:\/\/amppress.rs\/index.php\/wp-json\/wp\/v2\/posts\/8811","targetHints":{"allow":["GET"]}}],"collection":[{"href":"https:\/\/amppress.rs\/index.php\/wp-json\/wp\/v2\/posts"}],"about":[{"href":"https:\/\/amppress.rs\/index.php\/wp-json\/wp\/v2\/types\/post"}],"author":[{"embeddable":true,"href":"https:\/\/amppress.rs\/index.php\/wp-json\/wp\/v2\/users\/1"}],"replies":[{"embeddable":true,"href":"https:\/\/amppress.rs\/index.php\/wp-json\/wp\/v2\/comments?post=8811"}],"version-history":[{"count":1,"href":"https:\/\/amppress.rs\/index.php\/wp-json\/wp\/v2\/posts\/8811\/revisions"}],"predecessor-version":[{"id":8812,"href":"https:\/\/amppress.rs\/index.php\/wp-json\/wp\/v2\/posts\/8811\/revisions\/8812"}],"wp:featuredmedia":[{"embeddable":true,"href":"https:\/\/amppress.rs\/index.php\/wp-json\/wp\/v2\/media\/8813"}],"wp:attachment":[{"href":"https:\/\/amppress.rs\/index.php\/wp-json\/wp\/v2\/media?parent=8811"}],"wp:term":[{"taxonomy":"category","embeddable":true,"href":"https:\/\/amppress.rs\/index.php\/wp-json\/wp\/v2\/categories?post=8811"},{"taxonomy":"post_tag","embeddable":true,"href":"https:\/\/amppress.rs\/index.php\/wp-json\/wp\/v2\/tags?post=8811"}],"curies":[{"name":"wp","href":"https:\/\/api.w.org\/{rel}","templated":true}]}}