{"id":8785,"date":"2025-04-25T14:29:00","date_gmt":"2025-04-25T12:29:00","guid":{"rendered":"https:\/\/amppress.rs\/?p=8785"},"modified":"2025-04-25T14:29:00","modified_gmt":"2025-04-25T12:29:00","slug":"prijepolje-dobija-prvi-trzni-centar","status":"publish","type":"post","link":"https:\/\/amppress.rs\/index.php\/2025\/04\/25\/prijepolje-dobija-prvi-trzni-centar\/","title":{"rendered":"Prijepolje dobija prvi tr\u017eni centar"},"content":{"rendered":{},"protected":false},"excerpt":{"rendered":"<p>Prijepolje &#8211; Projekat za izgradnju prvog tr\u017enog centra u Prijepolju pro\u0161ao je javni urbanisti\u010dki uvid,&#8230;<\/p>\n","protected":false},"author":1,"featured_media":8786,"comment_status":"open","ping_status":"open","sticky":false,"template":"","format":"standard","meta":{"_acf_changed":false,"footnotes":""},"categories":[774,7],"tags":[2694,2679,2693,132],"class_list":["post-8785","post","type-post","status-publish","format-standard","has-post-thumbnail","hentry","category-prijepolje","category-vesti-news","tag-nova-radna-mesta","tag-otvaranje","tag-trzni-centar","tag-prijepolje"],"acf":[],"featured_image_urls":{"full":["https:\/\/amppress.rs\/wp-content\/uploads\/2025\/04\/prijepolje-t-centar-prinscrin.webp",640,385,false],"thumbnail":["https:\/\/amppress.rs\/wp-content\/uploads\/2025\/04\/prijepolje-t-centar-prinscrin-150x150.webp",150,150,true],"medium":["https:\/\/amppress.rs\/wp-content\/uploads\/2025\/04\/prijepolje-t-centar-prinscrin-300x180.webp",300,180,true],"medium_large":["https:\/\/amppress.rs\/wp-content\/uploads\/2025\/04\/prijepolje-t-centar-prinscrin.webp",640,385,false],"large":["https:\/\/amppress.rs\/wp-content\/uploads\/2025\/04\/prijepolje-t-centar-prinscrin.webp",640,385,false],"1536x1536":["https:\/\/amppress.rs\/wp-content\/uploads\/2025\/04\/prijepolje-t-centar-prinscrin.webp",640,385,false],"2048x2048":["https:\/\/amppress.rs\/wp-content\/uploads\/2025\/04\/prijepolje-t-centar-prinscrin.webp",640,385,false],"cvmm-medium":["https:\/\/amppress.rs\/wp-content\/uploads\/2025\/04\/prijepolje-t-centar-prinscrin-300x300.webp",300,300,true],"cvmm-medium-plus":["https:\/\/amppress.rs\/wp-content\/uploads\/2025\/04\/prijepolje-t-centar-prinscrin-305x207.webp",305,207,true],"cvmm-portrait":["https:\/\/amppress.rs\/wp-content\/uploads\/2025\/04\/prijepolje-t-centar-prinscrin-400x385.webp",400,385,true],"cvmm-medium-square":["https:\/\/amppress.rs\/wp-content\/uploads\/2025\/04\/prijepolje-t-centar-prinscrin-600x385.webp",600,385,true],"cvmm-large":["https:\/\/amppress.rs\/wp-content\/uploads\/2025\/04\/prijepolje-t-centar-prinscrin.webp",640,385,false],"cvmm-small":["https:\/\/amppress.rs\/wp-content\/uploads\/2025\/04\/prijepolje-t-centar-prinscrin-130x95.webp",130,95,true],"newsever-slider-full":["https:\/\/amppress.rs\/wp-content\/uploads\/2025\/04\/prijepolje-t-centar-prinscrin.webp",640,385,false],"newsever-featured":["https:\/\/amppress.rs\/wp-content\/uploads\/2025\/04\/prijepolje-t-centar-prinscrin.webp",640,385,false],"newsever-medium":["https:\/\/amppress.rs\/wp-content\/uploads\/2025\/04\/prijepolje-t-centar-prinscrin.webp",640,385,false]},"author_info":{"display_name":"\u0410\u041c\u041f \u041f\u0420\u0415\u0421\u0421","author_link":"https:\/\/amppress.rs\/index.php\/author\/eduka\/"},"category_info":"<a href=\"https:\/\/amppress.rs\/index.php\/category\/prijepolje\/\" rel=\"category tag\">Prijepolje<\/a> <a href=\"https:\/\/amppress.rs\/index.php\/category\/news\/vesti-news\/\" rel=\"category tag\">Vesti<\/a>","tag_info":"Vesti","comment_count":"0","blog_post_layout_featured_media_urls":{"thumbnail":["https:\/\/amppress.rs\/wp-content\/uploads\/2025\/04\/prijepolje-t-centar-prinscrin-150x150.webp",150,150,true],"full":["https:\/\/amppress.rs\/wp-content\/uploads\/2025\/04\/prijepolje-t-centar-prinscrin.webp",640,385,false]},"categories_names":{"774":{"name":"Prijepolje","link":"https:\/\/amppress.rs\/index.php\/category\/prijepolje\/"},"7":{"name":"Vesti","link":"https:\/\/amppress.rs\/index.php\/category\/news\/vesti-news\/"}},"tags_names":{"2694":{"name":"nova radna mesta","link":"https:\/\/amppress.rs\/index.php\/tag\/nova-radna-mesta\/"},"2679":{"name":"otvaranje","link":"https:\/\/amppress.rs\/index.php\/tag\/otvaranje\/"},"2693":{"name":"tr\u017eni centar","link":"https:\/\/amppress.rs\/index.php\/tag\/trzni-centar\/"},"132":{"name":"\u041f\u0440\u0438\u0458\u0435\u043f\u043e\u0459\u0435","link":"https:\/\/amppress.rs\/index.php\/tag\/prijepolje\/"}},"comments_number":"0","wpmagazine_modules_featured_media_urls":{"thumbnail":["https:\/\/amppress.rs\/wp-content\/uploads\/2025\/04\/prijepolje-t-centar-prinscrin-150x150.webp",150,150,true],"cvmm-medium":["https:\/\/amppress.rs\/wp-content\/uploads\/2025\/04\/prijepolje-t-centar-prinscrin-300x300.webp",300,300,true],"cvmm-medium-plus":["https:\/\/amppress.rs\/wp-content\/uploads\/2025\/04\/prijepolje-t-centar-prinscrin-305x207.webp",305,207,true],"cvmm-portrait":["https:\/\/amppress.rs\/wp-content\/uploads\/2025\/04\/prijepolje-t-centar-prinscrin-400x385.webp",400,385,true],"cvmm-medium-square":["https:\/\/amppress.rs\/wp-content\/uploads\/2025\/04\/prijepolje-t-centar-prinscrin-600x385.webp",600,385,true],"cvmm-large":["https:\/\/amppress.rs\/wp-content\/uploads\/2025\/04\/prijepolje-t-centar-prinscrin.webp",640,385,false],"cvmm-small":["https:\/\/amppress.rs\/wp-content\/uploads\/2025\/04\/prijepolje-t-centar-prinscrin-130x95.webp",130,95,true],"full":["https:\/\/amppress.rs\/wp-content\/uploads\/2025\/04\/prijepolje-t-centar-prinscrin.webp",640,385,false]},"_links":{"self":[{"href":"https:\/\/amppress.rs\/index.php\/wp-json\/wp\/v2\/posts\/8785","targetHints":{"allow":["GET"]}}],"collection":[{"href":"https:\/\/amppress.rs\/index.php\/wp-json\/wp\/v2\/posts"}],"about":[{"href":"https:\/\/amppress.rs\/index.php\/wp-json\/wp\/v2\/types\/post"}],"author":[{"embeddable":true,"href":"https:\/\/amppress.rs\/index.php\/wp-json\/wp\/v2\/users\/1"}],"replies":[{"embeddable":true,"href":"https:\/\/amppress.rs\/index.php\/wp-json\/wp\/v2\/comments?post=8785"}],"version-history":[{"count":1,"href":"https:\/\/amppress.rs\/index.php\/wp-json\/wp\/v2\/posts\/8785\/revisions"}],"predecessor-version":[{"id":8787,"href":"https:\/\/amppress.rs\/index.php\/wp-json\/wp\/v2\/posts\/8785\/revisions\/8787"}],"wp:featuredmedia":[{"embeddable":true,"href":"https:\/\/amppress.rs\/index.php\/wp-json\/wp\/v2\/media\/8786"}],"wp:attachment":[{"href":"https:\/\/amppress.rs\/index.php\/wp-json\/wp\/v2\/media?parent=8785"}],"wp:term":[{"taxonomy":"category","embeddable":true,"href":"https:\/\/amppress.rs\/index.php\/wp-json\/wp\/v2\/categories?post=8785"},{"taxonomy":"post_tag","embeddable":true,"href":"https:\/\/amppress.rs\/index.php\/wp-json\/wp\/v2\/tags?post=8785"}],"curies":[{"name":"wp","href":"https:\/\/api.w.org\/{rel}","templated":true}]}}