{"id":8631,"date":"2025-04-16T16:30:59","date_gmt":"2025-04-16T14:30:59","guid":{"rendered":"https:\/\/amppress.rs\/?p=8631"},"modified":"2025-04-17T07:47:37","modified_gmt":"2025-04-17T05:47:37","slug":"vucic-cestitao-izbor-nove-vlade-srbije-vratite-zemlju-na-put-uspeha","status":"publish","type":"post","link":"https:\/\/amppress.rs\/index.php\/2025\/04\/16\/vucic-cestitao-izbor-nove-vlade-srbije-vratite-zemlju-na-put-uspeha\/","title":{"rendered":"Vu\u010di\u0107 \u010destitao izbor nove Vlade Srbije: Vratite zemlju na put uspeha"},"content":{"rendered":{},"protected":false},"excerpt":{"rendered":"<p>Predsednik Srbije Aleksandar Vu\u010di\u0107 \u010destitao je danas svima izbor nove Vlade Srbije, a novom premijeru&#8230;<\/p>\n","protected":false},"author":1,"featured_media":8632,"comment_status":"open","ping_status":"open","sticky":false,"template":"","format":"standard","meta":{"_acf_changed":false,"footnotes":""},"categories":[7],"tags":[2293,2525,2603,131,434,2604],"class_list":["post-8631","post","type-post","status-publish","format-standard","has-post-thumbnail","hentry","category-vesti-news","tag-cestitke","tag-nova-vlada","tag-put-uspeha","tag-srbija","tag-vucic","tag-zakletva"],"acf":[],"featured_image_urls":{"full":["https:\/\/amppress.rs\/wp-content\/uploads\/2025\/04\/vucic-nova-vlada-tanjug.webp",700,518,false],"thumbnail":["https:\/\/amppress.rs\/wp-content\/uploads\/2025\/04\/vucic-nova-vlada-tanjug-150x150.webp",150,150,true],"medium":["https:\/\/amppress.rs\/wp-content\/uploads\/2025\/04\/vucic-nova-vlada-tanjug-300x222.webp",300,222,true],"medium_large":["https:\/\/amppress.rs\/wp-content\/uploads\/2025\/04\/vucic-nova-vlada-tanjug.webp",640,474,false],"large":["https:\/\/amppress.rs\/wp-content\/uploads\/2025\/04\/vucic-nova-vlada-tanjug.webp",640,474,false],"1536x1536":["https:\/\/amppress.rs\/wp-content\/uploads\/2025\/04\/vucic-nova-vlada-tanjug.webp",700,518,false],"2048x2048":["https:\/\/amppress.rs\/wp-content\/uploads\/2025\/04\/vucic-nova-vlada-tanjug.webp",700,518,false],"cvmm-medium":["https:\/\/amppress.rs\/wp-content\/uploads\/2025\/04\/vucic-nova-vlada-tanjug-300x300.webp",300,300,true],"cvmm-medium-plus":["https:\/\/amppress.rs\/wp-content\/uploads\/2025\/04\/vucic-nova-vlada-tanjug-305x207.webp",305,207,true],"cvmm-portrait":["https:\/\/amppress.rs\/wp-content\/uploads\/2025\/04\/vucic-nova-vlada-tanjug-400x518.webp",400,518,true],"cvmm-medium-square":["https:\/\/amppress.rs\/wp-content\/uploads\/2025\/04\/vucic-nova-vlada-tanjug-600x518.webp",600,518,true],"cvmm-large":["https:\/\/amppress.rs\/wp-content\/uploads\/2025\/04\/vucic-nova-vlada-tanjug.webp",700,518,false],"cvmm-small":["https:\/\/amppress.rs\/wp-content\/uploads\/2025\/04\/vucic-nova-vlada-tanjug-130x95.webp",130,95,true],"newsever-slider-full":["https:\/\/amppress.rs\/wp-content\/uploads\/2025\/04\/vucic-nova-vlada-tanjug.webp",700,518,false],"newsever-featured":["https:\/\/amppress.rs\/wp-content\/uploads\/2025\/04\/vucic-nova-vlada-tanjug.webp",700,518,false],"newsever-medium":["https:\/\/amppress.rs\/wp-content\/uploads\/2025\/04\/vucic-nova-vlada-tanjug-700x475.webp",700,475,true]},"author_info":{"display_name":"\u0410\u041c\u041f \u041f\u0420\u0415\u0421\u0421","author_link":"https:\/\/amppress.rs\/index.php\/author\/eduka\/"},"category_info":"<a href=\"https:\/\/amppress.rs\/index.php\/category\/news\/vesti-news\/\" rel=\"category tag\">Vesti<\/a>","tag_info":"Vesti","comment_count":"0","blog_post_layout_featured_media_urls":{"thumbnail":["https:\/\/amppress.rs\/wp-content\/uploads\/2025\/04\/vucic-nova-vlada-tanjug-150x150.webp",150,150,true],"full":["https:\/\/amppress.rs\/wp-content\/uploads\/2025\/04\/vucic-nova-vlada-tanjug.webp",700,518,false]},"categories_names":{"7":{"name":"Vesti","link":"https:\/\/amppress.rs\/index.php\/category\/news\/vesti-news\/"}},"tags_names":{"2293":{"name":"\u010destitke","link":"https:\/\/amppress.rs\/index.php\/tag\/cestitke\/"},"2525":{"name":"nova vlada","link":"https:\/\/amppress.rs\/index.php\/tag\/nova-vlada\/"},"2603":{"name":"put uspeha","link":"https:\/\/amppress.rs\/index.php\/tag\/put-uspeha\/"},"131":{"name":"Srbija","link":"https:\/\/amppress.rs\/index.php\/tag\/srbija\/"},"434":{"name":"vu\u010di\u0107","link":"https:\/\/amppress.rs\/index.php\/tag\/vucic\/"},"2604":{"name":"zakletva","link":"https:\/\/amppress.rs\/index.php\/tag\/zakletva\/"}},"comments_number":"0","wpmagazine_modules_featured_media_urls":{"thumbnail":["https:\/\/amppress.rs\/wp-content\/uploads\/2025\/04\/vucic-nova-vlada-tanjug-150x150.webp",150,150,true],"cvmm-medium":["https:\/\/amppress.rs\/wp-content\/uploads\/2025\/04\/vucic-nova-vlada-tanjug-300x300.webp",300,300,true],"cvmm-medium-plus":["https:\/\/amppress.rs\/wp-content\/uploads\/2025\/04\/vucic-nova-vlada-tanjug-305x207.webp",305,207,true],"cvmm-portrait":["https:\/\/amppress.rs\/wp-content\/uploads\/2025\/04\/vucic-nova-vlada-tanjug-400x518.webp",400,518,true],"cvmm-medium-square":["https:\/\/amppress.rs\/wp-content\/uploads\/2025\/04\/vucic-nova-vlada-tanjug-600x518.webp",600,518,true],"cvmm-large":["https:\/\/amppress.rs\/wp-content\/uploads\/2025\/04\/vucic-nova-vlada-tanjug.webp",700,518,false],"cvmm-small":["https:\/\/amppress.rs\/wp-content\/uploads\/2025\/04\/vucic-nova-vlada-tanjug-130x95.webp",130,95,true],"full":["https:\/\/amppress.rs\/wp-content\/uploads\/2025\/04\/vucic-nova-vlada-tanjug.webp",700,518,false]},"_links":{"self":[{"href":"https:\/\/amppress.rs\/index.php\/wp-json\/wp\/v2\/posts\/8631","targetHints":{"allow":["GET"]}}],"collection":[{"href":"https:\/\/amppress.rs\/index.php\/wp-json\/wp\/v2\/posts"}],"about":[{"href":"https:\/\/amppress.rs\/index.php\/wp-json\/wp\/v2\/types\/post"}],"author":[{"embeddable":true,"href":"https:\/\/amppress.rs\/index.php\/wp-json\/wp\/v2\/users\/1"}],"replies":[{"embeddable":true,"href":"https:\/\/amppress.rs\/index.php\/wp-json\/wp\/v2\/comments?post=8631"}],"version-history":[{"count":1,"href":"https:\/\/amppress.rs\/index.php\/wp-json\/wp\/v2\/posts\/8631\/revisions"}],"predecessor-version":[{"id":8633,"href":"https:\/\/amppress.rs\/index.php\/wp-json\/wp\/v2\/posts\/8631\/revisions\/8633"}],"wp:featuredmedia":[{"embeddable":true,"href":"https:\/\/amppress.rs\/index.php\/wp-json\/wp\/v2\/media\/8632"}],"wp:attachment":[{"href":"https:\/\/amppress.rs\/index.php\/wp-json\/wp\/v2\/media?parent=8631"}],"wp:term":[{"taxonomy":"category","embeddable":true,"href":"https:\/\/amppress.rs\/index.php\/wp-json\/wp\/v2\/categories?post=8631"},{"taxonomy":"post_tag","embeddable":true,"href":"https:\/\/amppress.rs\/index.php\/wp-json\/wp\/v2\/tags?post=8631"}],"curies":[{"name":"wp","href":"https:\/\/api.w.org\/{rel}","templated":true}]}}