{"id":8513,"date":"2025-04-09T13:41:57","date_gmt":"2025-04-09T11:41:57","guid":{"rendered":"https:\/\/amppress.rs\/?p=8513"},"modified":"2025-04-09T13:41:57","modified_gmt":"2025-04-09T11:41:57","slug":"srbi-sa-kosova-i-metohije-cetvrti-dan-pesace-ka-beogradu","status":"publish","type":"post","link":"https:\/\/amppress.rs\/index.php\/2025\/04\/09\/srbi-sa-kosova-i-metohije-cetvrti-dan-pesace-ka-beogradu\/","title":{"rendered":"Srbi sa Kosova i Metohije \u010detvrti dan pe\u0161a\u010de ka Beogradu"},"content":{"rendered":{},"protected":false},"excerpt":{"rendered":"<p>Srbi sa Kosova i Metohije koji pe\u0161a\u010de ka Beogradu na veliki skup 12. aprila sve&#8230;<\/p>\n","protected":false},"author":1,"featured_media":8514,"comment_status":"open","ping_status":"open","sticky":false,"template":"","format":"standard","meta":{"_acf_changed":false,"footnotes":""},"categories":[7],"tags":[2523,435,337,698,81,392],"class_list":["post-8513","post","type-post","status-publish","format-standard","has-post-thumbnail","hentry","category-vesti-news","tag-12-april","tag-beograd","tag-kosovo","tag-srbi","tag-gornji-milanovac","tag-pesacenje"],"acf":[],"featured_image_urls":{"full":["https:\/\/amppress.rs\/wp-content\/uploads\/2025\/04\/pesaci-sa-kosova-gm.webp",640,360,false],"thumbnail":["https:\/\/amppress.rs\/wp-content\/uploads\/2025\/04\/pesaci-sa-kosova-gm-150x150.webp",150,150,true],"medium":["https:\/\/amppress.rs\/wp-content\/uploads\/2025\/04\/pesaci-sa-kosova-gm-300x169.webp",300,169,true],"medium_large":["https:\/\/amppress.rs\/wp-content\/uploads\/2025\/04\/pesaci-sa-kosova-gm.webp",640,360,false],"large":["https:\/\/amppress.rs\/wp-content\/uploads\/2025\/04\/pesaci-sa-kosova-gm.webp",640,360,false],"1536x1536":["https:\/\/amppress.rs\/wp-content\/uploads\/2025\/04\/pesaci-sa-kosova-gm.webp",640,360,false],"2048x2048":["https:\/\/amppress.rs\/wp-content\/uploads\/2025\/04\/pesaci-sa-kosova-gm.webp",640,360,false],"cvmm-medium":["https:\/\/amppress.rs\/wp-content\/uploads\/2025\/04\/pesaci-sa-kosova-gm-300x300.webp",300,300,true],"cvmm-medium-plus":["https:\/\/amppress.rs\/wp-content\/uploads\/2025\/04\/pesaci-sa-kosova-gm-305x207.webp",305,207,true],"cvmm-portrait":["https:\/\/amppress.rs\/wp-content\/uploads\/2025\/04\/pesaci-sa-kosova-gm-400x360.webp",400,360,true],"cvmm-medium-square":["https:\/\/amppress.rs\/wp-content\/uploads\/2025\/04\/pesaci-sa-kosova-gm-600x360.webp",600,360,true],"cvmm-large":["https:\/\/amppress.rs\/wp-content\/uploads\/2025\/04\/pesaci-sa-kosova-gm.webp",640,360,false],"cvmm-small":["https:\/\/amppress.rs\/wp-content\/uploads\/2025\/04\/pesaci-sa-kosova-gm-130x95.webp",130,95,true],"newsever-slider-full":["https:\/\/amppress.rs\/wp-content\/uploads\/2025\/04\/pesaci-sa-kosova-gm.webp",640,360,false],"newsever-featured":["https:\/\/amppress.rs\/wp-content\/uploads\/2025\/04\/pesaci-sa-kosova-gm.webp",640,360,false],"newsever-medium":["https:\/\/amppress.rs\/wp-content\/uploads\/2025\/04\/pesaci-sa-kosova-gm.webp",640,360,false]},"author_info":{"display_name":"\u0410\u041c\u041f \u041f\u0420\u0415\u0421\u0421","author_link":"https:\/\/amppress.rs\/index.php\/author\/eduka\/"},"category_info":"<a href=\"https:\/\/amppress.rs\/index.php\/category\/news\/vesti-news\/\" rel=\"category tag\">Vesti<\/a>","tag_info":"Vesti","comment_count":"0","blog_post_layout_featured_media_urls":{"thumbnail":["https:\/\/amppress.rs\/wp-content\/uploads\/2025\/04\/pesaci-sa-kosova-gm-150x150.webp",150,150,true],"full":["https:\/\/amppress.rs\/wp-content\/uploads\/2025\/04\/pesaci-sa-kosova-gm.webp",640,360,false]},"categories_names":{"7":{"name":"Vesti","link":"https:\/\/amppress.rs\/index.php\/category\/news\/vesti-news\/"}},"tags_names":{"2523":{"name":"12.april","link":"https:\/\/amppress.rs\/index.php\/tag\/12-april\/"},"435":{"name":"beograd","link":"https:\/\/amppress.rs\/index.php\/tag\/beograd\/"},"337":{"name":"KOSOVO","link":"https:\/\/amppress.rs\/index.php\/tag\/kosovo\/"},"698":{"name":"srbi","link":"https:\/\/amppress.rs\/index.php\/tag\/srbi\/"},"81":{"name":"\u0413\u043e\u0440\u045a\u0438 \u041c\u0438\u043b\u0430\u043d\u043e\u0432\u0430\u0446","link":"https:\/\/amppress.rs\/index.php\/tag\/gornji-milanovac\/"},"392":{"name":"\u043f\u0435\u0448\u0430\u0447\u0435\u045a\u0435","link":"https:\/\/amppress.rs\/index.php\/tag\/pesacenje\/"}},"comments_number":"0","wpmagazine_modules_featured_media_urls":{"thumbnail":["https:\/\/amppress.rs\/wp-content\/uploads\/2025\/04\/pesaci-sa-kosova-gm-150x150.webp",150,150,true],"cvmm-medium":["https:\/\/amppress.rs\/wp-content\/uploads\/2025\/04\/pesaci-sa-kosova-gm-300x300.webp",300,300,true],"cvmm-medium-plus":["https:\/\/amppress.rs\/wp-content\/uploads\/2025\/04\/pesaci-sa-kosova-gm-305x207.webp",305,207,true],"cvmm-portrait":["https:\/\/amppress.rs\/wp-content\/uploads\/2025\/04\/pesaci-sa-kosova-gm-400x360.webp",400,360,true],"cvmm-medium-square":["https:\/\/amppress.rs\/wp-content\/uploads\/2025\/04\/pesaci-sa-kosova-gm-600x360.webp",600,360,true],"cvmm-large":["https:\/\/amppress.rs\/wp-content\/uploads\/2025\/04\/pesaci-sa-kosova-gm.webp",640,360,false],"cvmm-small":["https:\/\/amppress.rs\/wp-content\/uploads\/2025\/04\/pesaci-sa-kosova-gm-130x95.webp",130,95,true],"full":["https:\/\/amppress.rs\/wp-content\/uploads\/2025\/04\/pesaci-sa-kosova-gm.webp",640,360,false]},"_links":{"self":[{"href":"https:\/\/amppress.rs\/index.php\/wp-json\/wp\/v2\/posts\/8513","targetHints":{"allow":["GET"]}}],"collection":[{"href":"https:\/\/amppress.rs\/index.php\/wp-json\/wp\/v2\/posts"}],"about":[{"href":"https:\/\/amppress.rs\/index.php\/wp-json\/wp\/v2\/types\/post"}],"author":[{"embeddable":true,"href":"https:\/\/amppress.rs\/index.php\/wp-json\/wp\/v2\/users\/1"}],"replies":[{"embeddable":true,"href":"https:\/\/amppress.rs\/index.php\/wp-json\/wp\/v2\/comments?post=8513"}],"version-history":[{"count":1,"href":"https:\/\/amppress.rs\/index.php\/wp-json\/wp\/v2\/posts\/8513\/revisions"}],"predecessor-version":[{"id":8515,"href":"https:\/\/amppress.rs\/index.php\/wp-json\/wp\/v2\/posts\/8513\/revisions\/8515"}],"wp:featuredmedia":[{"embeddable":true,"href":"https:\/\/amppress.rs\/index.php\/wp-json\/wp\/v2\/media\/8514"}],"wp:attachment":[{"href":"https:\/\/amppress.rs\/index.php\/wp-json\/wp\/v2\/media?parent=8513"}],"wp:term":[{"taxonomy":"category","embeddable":true,"href":"https:\/\/amppress.rs\/index.php\/wp-json\/wp\/v2\/categories?post=8513"},{"taxonomy":"post_tag","embeddable":true,"href":"https:\/\/amppress.rs\/index.php\/wp-json\/wp\/v2\/tags?post=8513"}],"curies":[{"name":"wp","href":"https:\/\/api.w.org\/{rel}","templated":true}]}}