{"id":8337,"date":"2025-03-28T10:54:06","date_gmt":"2025-03-28T09:54:06","guid":{"rendered":"https:\/\/amppress.rs\/?p=8337"},"modified":"2025-03-28T10:54:06","modified_gmt":"2025-03-28T09:54:06","slug":"demografske-promene-unutrasnjosti-srbije-i-uticaj-na-poslovanje","status":"publish","type":"post","link":"https:\/\/amppress.rs\/index.php\/2025\/03\/28\/demografske-promene-unutrasnjosti-srbije-i-uticaj-na-poslovanje\/","title":{"rendered":"Demografske promene unutra\u0161njosti Srbije i uticaj na poslovanje."},"content":{"rendered":{},"protected":false},"excerpt":{"rendered":"<p>Stanovnici manjih gradova i mesta u Srbiji,ve\u0107 godinama te\u017ee ka ve\u0107im centrima \u00a0Beogradu,Ni\u0161u i Novom&#8230;<\/p>\n","protected":false},"author":1,"featured_media":8340,"comment_status":"open","ping_status":"open","sticky":false,"template":"","format":"standard","meta":{"_acf_changed":false,"footnotes":""},"categories":[754,7],"tags":[2451,2450,2452,131,109],"class_list":["post-8337","post","type-post","status-publish","format-standard","has-post-thumbnail","hentry","category-uzice","category-vesti-news","tag-buducnost-i-demografija","tag-migracije","tag-poslovanje","tag-srbija","tag-uzice"],"acf":[],"featured_image_urls":{"full":["https:\/\/amppress.rs\/wp-content\/uploads\/2025\/03\/privredna-komora.png",1920,944,false],"thumbnail":["https:\/\/amppress.rs\/wp-content\/uploads\/2025\/03\/privredna-komora-150x150.png",150,150,true],"medium":["https:\/\/amppress.rs\/wp-content\/uploads\/2025\/03\/privredna-komora-300x148.png",300,148,true],"medium_large":["https:\/\/amppress.rs\/wp-content\/uploads\/2025\/03\/privredna-komora-768x378.png",640,315,true],"large":["https:\/\/amppress.rs\/wp-content\/uploads\/2025\/03\/privredna-komora-1024x503.png",640,314,true],"1536x1536":["https:\/\/amppress.rs\/wp-content\/uploads\/2025\/03\/privredna-komora-1536x755.png",1536,755,true],"2048x2048":["https:\/\/amppress.rs\/wp-content\/uploads\/2025\/03\/privredna-komora.png",1920,944,false],"cvmm-medium":["https:\/\/amppress.rs\/wp-content\/uploads\/2025\/03\/privredna-komora-300x300.png",300,300,true],"cvmm-medium-plus":["https:\/\/amppress.rs\/wp-content\/uploads\/2025\/03\/privredna-komora-305x207.png",305,207,true],"cvmm-portrait":["https:\/\/amppress.rs\/wp-content\/uploads\/2025\/03\/privredna-komora-400x600.png",400,600,true],"cvmm-medium-square":["https:\/\/amppress.rs\/wp-content\/uploads\/2025\/03\/privredna-komora-600x600.png",600,600,true],"cvmm-large":["https:\/\/amppress.rs\/wp-content\/uploads\/2025\/03\/privredna-komora-1024x944.png",1024,944,true],"cvmm-small":["https:\/\/amppress.rs\/wp-content\/uploads\/2025\/03\/privredna-komora-130x95.png",130,95,true],"newsever-slider-full":["https:\/\/amppress.rs\/wp-content\/uploads\/2025\/03\/privredna-komora-1280x845.png",1280,845,true],"newsever-featured":["https:\/\/amppress.rs\/wp-content\/uploads\/2025\/03\/privredna-komora-1024x503.png",1024,503,true],"newsever-medium":["https:\/\/amppress.rs\/wp-content\/uploads\/2025\/03\/privredna-komora-720x475.png",720,475,true]},"author_info":{"display_name":"\u0410\u041c\u041f \u041f\u0420\u0415\u0421\u0421","author_link":"https:\/\/amppress.rs\/index.php\/author\/eduka\/"},"category_info":"<a href=\"https:\/\/amppress.rs\/index.php\/category\/uzice\/\" rel=\"category tag\">U\u017eice<\/a> <a href=\"https:\/\/amppress.rs\/index.php\/category\/news\/vesti-news\/\" rel=\"category tag\">Vesti<\/a>","tag_info":"Vesti","comment_count":"0","blog_post_layout_featured_media_urls":{"thumbnail":["https:\/\/amppress.rs\/wp-content\/uploads\/2025\/03\/privredna-komora-150x150.png",150,150,true],"full":["https:\/\/amppress.rs\/wp-content\/uploads\/2025\/03\/privredna-komora.png",1920,944,false]},"categories_names":{"754":{"name":"U\u017eice","link":"https:\/\/amppress.rs\/index.php\/category\/uzice\/"},"7":{"name":"Vesti","link":"https:\/\/amppress.rs\/index.php\/category\/news\/vesti-news\/"}},"tags_names":{"2451":{"name":"budu\u0107nost i demografija","link":"https:\/\/amppress.rs\/index.php\/tag\/buducnost-i-demografija\/"},"2450":{"name":"migracije","link":"https:\/\/amppress.rs\/index.php\/tag\/migracije\/"},"2452":{"name":"poslovanje","link":"https:\/\/amppress.rs\/index.php\/tag\/poslovanje\/"},"131":{"name":"Srbija","link":"https:\/\/amppress.rs\/index.php\/tag\/srbija\/"},"109":{"name":"\u0423\u0436\u0438\u0446\u0435","link":"https:\/\/amppress.rs\/index.php\/tag\/uzice\/"}},"comments_number":"0","wpmagazine_modules_featured_media_urls":{"thumbnail":["https:\/\/amppress.rs\/wp-content\/uploads\/2025\/03\/privredna-komora-150x150.png",150,150,true],"cvmm-medium":["https:\/\/amppress.rs\/wp-content\/uploads\/2025\/03\/privredna-komora-300x300.png",300,300,true],"cvmm-medium-plus":["https:\/\/amppress.rs\/wp-content\/uploads\/2025\/03\/privredna-komora-305x207.png",305,207,true],"cvmm-portrait":["https:\/\/amppress.rs\/wp-content\/uploads\/2025\/03\/privredna-komora-400x600.png",400,600,true],"cvmm-medium-square":["https:\/\/amppress.rs\/wp-content\/uploads\/2025\/03\/privredna-komora-600x600.png",600,600,true],"cvmm-large":["https:\/\/amppress.rs\/wp-content\/uploads\/2025\/03\/privredna-komora-1024x944.png",1024,944,true],"cvmm-small":["https:\/\/amppress.rs\/wp-content\/uploads\/2025\/03\/privredna-komora-130x95.png",130,95,true],"full":["https:\/\/amppress.rs\/wp-content\/uploads\/2025\/03\/privredna-komora.png",1920,944,false]},"_links":{"self":[{"href":"https:\/\/amppress.rs\/index.php\/wp-json\/wp\/v2\/posts\/8337","targetHints":{"allow":["GET"]}}],"collection":[{"href":"https:\/\/amppress.rs\/index.php\/wp-json\/wp\/v2\/posts"}],"about":[{"href":"https:\/\/amppress.rs\/index.php\/wp-json\/wp\/v2\/types\/post"}],"author":[{"embeddable":true,"href":"https:\/\/amppress.rs\/index.php\/wp-json\/wp\/v2\/users\/1"}],"replies":[{"embeddable":true,"href":"https:\/\/amppress.rs\/index.php\/wp-json\/wp\/v2\/comments?post=8337"}],"version-history":[{"count":1,"href":"https:\/\/amppress.rs\/index.php\/wp-json\/wp\/v2\/posts\/8337\/revisions"}],"predecessor-version":[{"id":8341,"href":"https:\/\/amppress.rs\/index.php\/wp-json\/wp\/v2\/posts\/8337\/revisions\/8341"}],"wp:featuredmedia":[{"embeddable":true,"href":"https:\/\/amppress.rs\/index.php\/wp-json\/wp\/v2\/media\/8340"}],"wp:attachment":[{"href":"https:\/\/amppress.rs\/index.php\/wp-json\/wp\/v2\/media?parent=8337"}],"wp:term":[{"taxonomy":"category","embeddable":true,"href":"https:\/\/amppress.rs\/index.php\/wp-json\/wp\/v2\/categories?post=8337"},{"taxonomy":"post_tag","embeddable":true,"href":"https:\/\/amppress.rs\/index.php\/wp-json\/wp\/v2\/tags?post=8337"}],"curies":[{"name":"wp","href":"https:\/\/api.w.org\/{rel}","templated":true}]}}