{"id":8320,"date":"2025-03-27T12:43:03","date_gmt":"2025-03-27T11:43:03","guid":{"rendered":"https:\/\/amppress.rs\/?p=8320"},"modified":"2025-03-27T12:43:03","modified_gmt":"2025-03-27T11:43:03","slug":"u-gornjem-milanovcu-bice-obelezena-jubilarna-210-godisnjica-drugog-srpskog-ustanka","status":"publish","type":"post","link":"https:\/\/amppress.rs\/index.php\/2025\/03\/27\/u-gornjem-milanovcu-bice-obelezena-jubilarna-210-godisnjica-drugog-srpskog-ustanka\/","title":{"rendered":"U Gornjem Milanovcu bi\u0107e obele\u017eena jubilarna 210. godi\u0161njica Drugog srpskog ustanka"},"content":{"rendered":{},"protected":false},"excerpt":{"rendered":"<p>U Sve\u010danoj sali zgrade Okru\u017enog na\u010delstva ju\u010de je odr\u017ean prvi sastanak povodom obele\u017eavanja 210 godina&#8230;<\/p>\n","protected":false},"author":1,"featured_media":8321,"comment_status":"open","ping_status":"open","sticky":false,"template":"","format":"standard","meta":{"_acf_changed":false,"footnotes":""},"categories":[772,7],"tags":[2445,2444,428],"class_list":["post-8320","post","type-post","status-publish","format-standard","has-post-thumbnail","hentry","category-gornji-milanovac","category-vesti-news","tag-210-godina","tag-drugi-srpski-ustanak","tag-obelezavanje"],"acf":[],"featured_image_urls":{"full":["https:\/\/amppress.rs\/wp-content\/uploads\/2025\/03\/IMG_2038-scaled.jpg",2560,1512,false],"thumbnail":["https:\/\/amppress.rs\/wp-content\/uploads\/2025\/03\/IMG_2038-150x150.jpg",150,150,true],"medium":["https:\/\/amppress.rs\/wp-content\/uploads\/2025\/03\/IMG_2038-300x177.jpg",300,177,true],"medium_large":["https:\/\/amppress.rs\/wp-content\/uploads\/2025\/03\/IMG_2038-768x454.jpg",640,378,true],"large":["https:\/\/amppress.rs\/wp-content\/uploads\/2025\/03\/IMG_2038-1024x605.jpg",640,378,true],"1536x1536":["https:\/\/amppress.rs\/wp-content\/uploads\/2025\/03\/IMG_2038-1536x907.jpg",1536,907,true],"2048x2048":["https:\/\/amppress.rs\/wp-content\/uploads\/2025\/03\/IMG_2038-2048x1210.jpg",2048,1210,true],"cvmm-medium":["https:\/\/amppress.rs\/wp-content\/uploads\/2025\/03\/IMG_2038-300x300.jpg",300,300,true],"cvmm-medium-plus":["https:\/\/amppress.rs\/wp-content\/uploads\/2025\/03\/IMG_2038-305x207.jpg",305,207,true],"cvmm-portrait":["https:\/\/amppress.rs\/wp-content\/uploads\/2025\/03\/IMG_2038-400x600.jpg",400,600,true],"cvmm-medium-square":["https:\/\/amppress.rs\/wp-content\/uploads\/2025\/03\/IMG_2038-600x600.jpg",600,600,true],"cvmm-large":["https:\/\/amppress.rs\/wp-content\/uploads\/2025\/03\/IMG_2038-1024x1024.jpg",1024,1024,true],"cvmm-small":["https:\/\/amppress.rs\/wp-content\/uploads\/2025\/03\/IMG_2038-130x95.jpg",130,95,true],"newsever-slider-full":["https:\/\/amppress.rs\/wp-content\/uploads\/2025\/03\/IMG_2038-1280x845.jpg",1280,845,true],"newsever-featured":["https:\/\/amppress.rs\/wp-content\/uploads\/2025\/03\/IMG_2038-1024x605.jpg",1024,605,true],"newsever-medium":["https:\/\/amppress.rs\/wp-content\/uploads\/2025\/03\/IMG_2038-720x475.jpg",720,475,true]},"author_info":{"display_name":"\u0410\u041c\u041f \u041f\u0420\u0415\u0421\u0421","author_link":"https:\/\/amppress.rs\/index.php\/author\/eduka\/"},"category_info":"<a href=\"https:\/\/amppress.rs\/index.php\/category\/gornji-milanovac\/\" rel=\"category tag\">Gornji Milanovac<\/a> <a href=\"https:\/\/amppress.rs\/index.php\/category\/news\/vesti-news\/\" rel=\"category tag\">Vesti<\/a>","tag_info":"Vesti","comment_count":"0","blog_post_layout_featured_media_urls":{"thumbnail":["https:\/\/amppress.rs\/wp-content\/uploads\/2025\/03\/IMG_2038-150x150.jpg",150,150,true],"full":["https:\/\/amppress.rs\/wp-content\/uploads\/2025\/03\/IMG_2038-scaled.jpg",2560,1512,false]},"categories_names":{"772":{"name":"Gornji Milanovac","link":"https:\/\/amppress.rs\/index.php\/category\/gornji-milanovac\/"},"7":{"name":"Vesti","link":"https:\/\/amppress.rs\/index.php\/category\/news\/vesti-news\/"}},"tags_names":{"2445":{"name":"210 godina","link":"https:\/\/amppress.rs\/index.php\/tag\/210-godina\/"},"2444":{"name":"Drugi srpski ustanak","link":"https:\/\/amppress.rs\/index.php\/tag\/drugi-srpski-ustanak\/"},"428":{"name":"\u041e\u0411\u0415\u041b\u0415\u0416\u0410\u0412\u0410\u040a\u0415","link":"https:\/\/amppress.rs\/index.php\/tag\/obelezavanje\/"}},"comments_number":"0","wpmagazine_modules_featured_media_urls":{"thumbnail":["https:\/\/amppress.rs\/wp-content\/uploads\/2025\/03\/IMG_2038-150x150.jpg",150,150,true],"cvmm-medium":["https:\/\/amppress.rs\/wp-content\/uploads\/2025\/03\/IMG_2038-300x300.jpg",300,300,true],"cvmm-medium-plus":["https:\/\/amppress.rs\/wp-content\/uploads\/2025\/03\/IMG_2038-305x207.jpg",305,207,true],"cvmm-portrait":["https:\/\/amppress.rs\/wp-content\/uploads\/2025\/03\/IMG_2038-400x600.jpg",400,600,true],"cvmm-medium-square":["https:\/\/amppress.rs\/wp-content\/uploads\/2025\/03\/IMG_2038-600x600.jpg",600,600,true],"cvmm-large":["https:\/\/amppress.rs\/wp-content\/uploads\/2025\/03\/IMG_2038-1024x1024.jpg",1024,1024,true],"cvmm-small":["https:\/\/amppress.rs\/wp-content\/uploads\/2025\/03\/IMG_2038-130x95.jpg",130,95,true],"full":["https:\/\/amppress.rs\/wp-content\/uploads\/2025\/03\/IMG_2038-scaled.jpg",2560,1512,false]},"_links":{"self":[{"href":"https:\/\/amppress.rs\/index.php\/wp-json\/wp\/v2\/posts\/8320","targetHints":{"allow":["GET"]}}],"collection":[{"href":"https:\/\/amppress.rs\/index.php\/wp-json\/wp\/v2\/posts"}],"about":[{"href":"https:\/\/amppress.rs\/index.php\/wp-json\/wp\/v2\/types\/post"}],"author":[{"embeddable":true,"href":"https:\/\/amppress.rs\/index.php\/wp-json\/wp\/v2\/users\/1"}],"replies":[{"embeddable":true,"href":"https:\/\/amppress.rs\/index.php\/wp-json\/wp\/v2\/comments?post=8320"}],"version-history":[{"count":1,"href":"https:\/\/amppress.rs\/index.php\/wp-json\/wp\/v2\/posts\/8320\/revisions"}],"predecessor-version":[{"id":8323,"href":"https:\/\/amppress.rs\/index.php\/wp-json\/wp\/v2\/posts\/8320\/revisions\/8323"}],"wp:featuredmedia":[{"embeddable":true,"href":"https:\/\/amppress.rs\/index.php\/wp-json\/wp\/v2\/media\/8321"}],"wp:attachment":[{"href":"https:\/\/amppress.rs\/index.php\/wp-json\/wp\/v2\/media?parent=8320"}],"wp:term":[{"taxonomy":"category","embeddable":true,"href":"https:\/\/amppress.rs\/index.php\/wp-json\/wp\/v2\/categories?post=8320"},{"taxonomy":"post_tag","embeddable":true,"href":"https:\/\/amppress.rs\/index.php\/wp-json\/wp\/v2\/tags?post=8320"}],"curies":[{"name":"wp","href":"https:\/\/api.w.org\/{rel}","templated":true}]}}