{"id":8028,"date":"2025-03-13T13:08:35","date_gmt":"2025-03-13T12:08:35","guid":{"rendered":"https:\/\/amppress.rs\/?p=8028"},"modified":"2025-03-13T13:08:35","modified_gmt":"2025-03-13T12:08:35","slug":"15-marta-nista-nece-stati-udarna-poruka-ane-brnabic","status":"publish","type":"post","link":"https:\/\/amppress.rs\/index.php\/2025\/03\/13\/15-marta-nista-nece-stati-udarna-poruka-ane-brnabic\/","title":{"rendered":"15. marta ni\u0161ta ne\u0107e stati: Udarna poruka Ane Brnabi\u0107!"},"content":{"rendered":{},"protected":false},"excerpt":{"rendered":"<p>Predsednica Narodne skup\u0161tine Ana Brnabi\u0107 izjavila je danas da u Srbiji 15. marta, iako se&#8230;<\/p>\n","protected":false},"author":1,"featured_media":8029,"comment_status":"open","ping_status":"open","sticky":false,"template":"","format":"standard","meta":{"_acf_changed":false,"footnotes":""},"categories":[7],"tags":[2309,2311,2229,2310,131],"class_list":["post-8028","post","type-post","status-publish","format-standard","has-post-thumbnail","hentry","category-vesti-news","tag-15-mart","tag-blokade","tag-brnabic","tag-nece-stati","tag-srbija"],"acf":[],"featured_image_urls":{"full":["https:\/\/amppress.rs\/wp-content\/uploads\/2025\/03\/brnabic-srbija.webp",740,370,false],"thumbnail":["https:\/\/amppress.rs\/wp-content\/uploads\/2025\/03\/brnabic-srbija-150x150.webp",150,150,true],"medium":["https:\/\/amppress.rs\/wp-content\/uploads\/2025\/03\/brnabic-srbija-300x150.webp",300,150,true],"medium_large":["https:\/\/amppress.rs\/wp-content\/uploads\/2025\/03\/brnabic-srbija.webp",640,320,false],"large":["https:\/\/amppress.rs\/wp-content\/uploads\/2025\/03\/brnabic-srbija.webp",640,320,false],"1536x1536":["https:\/\/amppress.rs\/wp-content\/uploads\/2025\/03\/brnabic-srbija.webp",740,370,false],"2048x2048":["https:\/\/amppress.rs\/wp-content\/uploads\/2025\/03\/brnabic-srbija.webp",740,370,false],"cvmm-medium":["https:\/\/amppress.rs\/wp-content\/uploads\/2025\/03\/brnabic-srbija-300x300.webp",300,300,true],"cvmm-medium-plus":["https:\/\/amppress.rs\/wp-content\/uploads\/2025\/03\/brnabic-srbija-305x207.webp",305,207,true],"cvmm-portrait":["https:\/\/amppress.rs\/wp-content\/uploads\/2025\/03\/brnabic-srbija-400x370.webp",400,370,true],"cvmm-medium-square":["https:\/\/amppress.rs\/wp-content\/uploads\/2025\/03\/brnabic-srbija-600x370.webp",600,370,true],"cvmm-large":["https:\/\/amppress.rs\/wp-content\/uploads\/2025\/03\/brnabic-srbija.webp",740,370,false],"cvmm-small":["https:\/\/amppress.rs\/wp-content\/uploads\/2025\/03\/brnabic-srbija-130x95.webp",130,95,true],"newsever-slider-full":["https:\/\/amppress.rs\/wp-content\/uploads\/2025\/03\/brnabic-srbija.webp",740,370,false],"newsever-featured":["https:\/\/amppress.rs\/wp-content\/uploads\/2025\/03\/brnabic-srbija.webp",740,370,false],"newsever-medium":["https:\/\/amppress.rs\/wp-content\/uploads\/2025\/03\/brnabic-srbija-720x370.webp",720,370,true]},"author_info":{"display_name":"\u0410\u041c\u041f \u041f\u0420\u0415\u0421\u0421","author_link":"https:\/\/amppress.rs\/index.php\/author\/eduka\/"},"category_info":"<a href=\"https:\/\/amppress.rs\/index.php\/category\/news\/vesti-news\/\" rel=\"category tag\">Vesti<\/a>","tag_info":"Vesti","comment_count":"0","blog_post_layout_featured_media_urls":{"thumbnail":["https:\/\/amppress.rs\/wp-content\/uploads\/2025\/03\/brnabic-srbija-150x150.webp",150,150,true],"full":["https:\/\/amppress.rs\/wp-content\/uploads\/2025\/03\/brnabic-srbija.webp",740,370,false]},"categories_names":{"7":{"name":"Vesti","link":"https:\/\/amppress.rs\/index.php\/category\/news\/vesti-news\/"}},"tags_names":{"2309":{"name":"15.mart","link":"https:\/\/amppress.rs\/index.php\/tag\/15-mart\/"},"2311":{"name":"blokade","link":"https:\/\/amppress.rs\/index.php\/tag\/blokade\/"},"2229":{"name":"brnabi\u0107","link":"https:\/\/amppress.rs\/index.php\/tag\/brnabic\/"},"2310":{"name":"ne\u0107e stati","link":"https:\/\/amppress.rs\/index.php\/tag\/nece-stati\/"},"131":{"name":"Srbija","link":"https:\/\/amppress.rs\/index.php\/tag\/srbija\/"}},"comments_number":"0","wpmagazine_modules_featured_media_urls":{"thumbnail":["https:\/\/amppress.rs\/wp-content\/uploads\/2025\/03\/brnabic-srbija-150x150.webp",150,150,true],"cvmm-medium":["https:\/\/amppress.rs\/wp-content\/uploads\/2025\/03\/brnabic-srbija-300x300.webp",300,300,true],"cvmm-medium-plus":["https:\/\/amppress.rs\/wp-content\/uploads\/2025\/03\/brnabic-srbija-305x207.webp",305,207,true],"cvmm-portrait":["https:\/\/amppress.rs\/wp-content\/uploads\/2025\/03\/brnabic-srbija-400x370.webp",400,370,true],"cvmm-medium-square":["https:\/\/amppress.rs\/wp-content\/uploads\/2025\/03\/brnabic-srbija-600x370.webp",600,370,true],"cvmm-large":["https:\/\/amppress.rs\/wp-content\/uploads\/2025\/03\/brnabic-srbija.webp",740,370,false],"cvmm-small":["https:\/\/amppress.rs\/wp-content\/uploads\/2025\/03\/brnabic-srbija-130x95.webp",130,95,true],"full":["https:\/\/amppress.rs\/wp-content\/uploads\/2025\/03\/brnabic-srbija.webp",740,370,false]},"_links":{"self":[{"href":"https:\/\/amppress.rs\/index.php\/wp-json\/wp\/v2\/posts\/8028","targetHints":{"allow":["GET"]}}],"collection":[{"href":"https:\/\/amppress.rs\/index.php\/wp-json\/wp\/v2\/posts"}],"about":[{"href":"https:\/\/amppress.rs\/index.php\/wp-json\/wp\/v2\/types\/post"}],"author":[{"embeddable":true,"href":"https:\/\/amppress.rs\/index.php\/wp-json\/wp\/v2\/users\/1"}],"replies":[{"embeddable":true,"href":"https:\/\/amppress.rs\/index.php\/wp-json\/wp\/v2\/comments?post=8028"}],"version-history":[{"count":1,"href":"https:\/\/amppress.rs\/index.php\/wp-json\/wp\/v2\/posts\/8028\/revisions"}],"predecessor-version":[{"id":8030,"href":"https:\/\/amppress.rs\/index.php\/wp-json\/wp\/v2\/posts\/8028\/revisions\/8030"}],"wp:featuredmedia":[{"embeddable":true,"href":"https:\/\/amppress.rs\/index.php\/wp-json\/wp\/v2\/media\/8029"}],"wp:attachment":[{"href":"https:\/\/amppress.rs\/index.php\/wp-json\/wp\/v2\/media?parent=8028"}],"wp:term":[{"taxonomy":"category","embeddable":true,"href":"https:\/\/amppress.rs\/index.php\/wp-json\/wp\/v2\/categories?post=8028"},{"taxonomy":"post_tag","embeddable":true,"href":"https:\/\/amppress.rs\/index.php\/wp-json\/wp\/v2\/tags?post=8028"}],"curies":[{"name":"wp","href":"https:\/\/api.w.org\/{rel}","templated":true}]}}