{"id":8022,"date":"2025-03-13T12:48:42","date_gmt":"2025-03-13T11:48:42","guid":{"rendered":"https:\/\/amppress.rs\/?p=8022"},"modified":"2025-03-13T12:48:42","modified_gmt":"2025-03-13T11:48:42","slug":"dragoljub-stojadinovic-predsednik-skupstine-grada-uzica","status":"publish","type":"post","link":"https:\/\/amppress.rs\/index.php\/2025\/03\/13\/dragoljub-stojadinovic-predsednik-skupstine-grada-uzica\/","title":{"rendered":"Dragoljub Stojadinovi\u0107 predsednik Skup\u0161tine grada U\u017eica"},"content":{"rendered":{},"protected":false},"excerpt":{"rendered":"<p>U\u017eice &#8211; Diplomirani pravnik Dragoljub Stojadinovi\u0107 izabran je za predsednika Skup\u0161tine grada U\u017eica. Za izbor&#8230;<\/p>\n","protected":false},"author":1,"featured_media":8023,"comment_status":"open","ping_status":"open","sticky":false,"template":"","format":"standard","meta":{"_acf_changed":false,"footnotes":""},"categories":[7],"tags":[2306,109],"class_list":["post-8022","post","type-post","status-publish","format-standard","has-post-thumbnail","hentry","category-vesti-news","tag-predsednik-skupstine","tag-uzice"],"acf":[],"featured_image_urls":{"full":["https:\/\/amppress.rs\/wp-content\/uploads\/2025\/03\/grad-uzice.webp",640,431,false],"thumbnail":["https:\/\/amppress.rs\/wp-content\/uploads\/2025\/03\/grad-uzice-150x150.webp",150,150,true],"medium":["https:\/\/amppress.rs\/wp-content\/uploads\/2025\/03\/grad-uzice-300x202.webp",300,202,true],"medium_large":["https:\/\/amppress.rs\/wp-content\/uploads\/2025\/03\/grad-uzice.webp",640,431,false],"large":["https:\/\/amppress.rs\/wp-content\/uploads\/2025\/03\/grad-uzice.webp",640,431,false],"1536x1536":["https:\/\/amppress.rs\/wp-content\/uploads\/2025\/03\/grad-uzice.webp",640,431,false],"2048x2048":["https:\/\/amppress.rs\/wp-content\/uploads\/2025\/03\/grad-uzice.webp",640,431,false],"cvmm-medium":["https:\/\/amppress.rs\/wp-content\/uploads\/2025\/03\/grad-uzice-300x300.webp",300,300,true],"cvmm-medium-plus":["https:\/\/amppress.rs\/wp-content\/uploads\/2025\/03\/grad-uzice-305x207.webp",305,207,true],"cvmm-portrait":["https:\/\/amppress.rs\/wp-content\/uploads\/2025\/03\/grad-uzice-400x431.webp",400,431,true],"cvmm-medium-square":["https:\/\/amppress.rs\/wp-content\/uploads\/2025\/03\/grad-uzice-600x431.webp",600,431,true],"cvmm-large":["https:\/\/amppress.rs\/wp-content\/uploads\/2025\/03\/grad-uzice.webp",640,431,false],"cvmm-small":["https:\/\/amppress.rs\/wp-content\/uploads\/2025\/03\/grad-uzice-130x95.webp",130,95,true],"newsever-slider-full":["https:\/\/amppress.rs\/wp-content\/uploads\/2025\/03\/grad-uzice.webp",640,431,false],"newsever-featured":["https:\/\/amppress.rs\/wp-content\/uploads\/2025\/03\/grad-uzice.webp",640,431,false],"newsever-medium":["https:\/\/amppress.rs\/wp-content\/uploads\/2025\/03\/grad-uzice.webp",640,431,false]},"author_info":{"display_name":"\u0410\u041c\u041f \u041f\u0420\u0415\u0421\u0421","author_link":"https:\/\/amppress.rs\/index.php\/author\/eduka\/"},"category_info":"<a href=\"https:\/\/amppress.rs\/index.php\/category\/news\/vesti-news\/\" rel=\"category tag\">Vesti<\/a>","tag_info":"Vesti","comment_count":"0","blog_post_layout_featured_media_urls":{"thumbnail":["https:\/\/amppress.rs\/wp-content\/uploads\/2025\/03\/grad-uzice-150x150.webp",150,150,true],"full":["https:\/\/amppress.rs\/wp-content\/uploads\/2025\/03\/grad-uzice.webp",640,431,false]},"categories_names":{"7":{"name":"Vesti","link":"https:\/\/amppress.rs\/index.php\/category\/news\/vesti-news\/"}},"tags_names":{"2306":{"name":"predsednik skupstine","link":"https:\/\/amppress.rs\/index.php\/tag\/predsednik-skupstine\/"},"109":{"name":"\u0423\u0436\u0438\u0446\u0435","link":"https:\/\/amppress.rs\/index.php\/tag\/uzice\/"}},"comments_number":"0","wpmagazine_modules_featured_media_urls":{"thumbnail":["https:\/\/amppress.rs\/wp-content\/uploads\/2025\/03\/grad-uzice-150x150.webp",150,150,true],"cvmm-medium":["https:\/\/amppress.rs\/wp-content\/uploads\/2025\/03\/grad-uzice-300x300.webp",300,300,true],"cvmm-medium-plus":["https:\/\/amppress.rs\/wp-content\/uploads\/2025\/03\/grad-uzice-305x207.webp",305,207,true],"cvmm-portrait":["https:\/\/amppress.rs\/wp-content\/uploads\/2025\/03\/grad-uzice-400x431.webp",400,431,true],"cvmm-medium-square":["https:\/\/amppress.rs\/wp-content\/uploads\/2025\/03\/grad-uzice-600x431.webp",600,431,true],"cvmm-large":["https:\/\/amppress.rs\/wp-content\/uploads\/2025\/03\/grad-uzice.webp",640,431,false],"cvmm-small":["https:\/\/amppress.rs\/wp-content\/uploads\/2025\/03\/grad-uzice-130x95.webp",130,95,true],"full":["https:\/\/amppress.rs\/wp-content\/uploads\/2025\/03\/grad-uzice.webp",640,431,false]},"_links":{"self":[{"href":"https:\/\/amppress.rs\/index.php\/wp-json\/wp\/v2\/posts\/8022","targetHints":{"allow":["GET"]}}],"collection":[{"href":"https:\/\/amppress.rs\/index.php\/wp-json\/wp\/v2\/posts"}],"about":[{"href":"https:\/\/amppress.rs\/index.php\/wp-json\/wp\/v2\/types\/post"}],"author":[{"embeddable":true,"href":"https:\/\/amppress.rs\/index.php\/wp-json\/wp\/v2\/users\/1"}],"replies":[{"embeddable":true,"href":"https:\/\/amppress.rs\/index.php\/wp-json\/wp\/v2\/comments?post=8022"}],"version-history":[{"count":1,"href":"https:\/\/amppress.rs\/index.php\/wp-json\/wp\/v2\/posts\/8022\/revisions"}],"predecessor-version":[{"id":8024,"href":"https:\/\/amppress.rs\/index.php\/wp-json\/wp\/v2\/posts\/8022\/revisions\/8024"}],"wp:featuredmedia":[{"embeddable":true,"href":"https:\/\/amppress.rs\/index.php\/wp-json\/wp\/v2\/media\/8023"}],"wp:attachment":[{"href":"https:\/\/amppress.rs\/index.php\/wp-json\/wp\/v2\/media?parent=8022"}],"wp:term":[{"taxonomy":"category","embeddable":true,"href":"https:\/\/amppress.rs\/index.php\/wp-json\/wp\/v2\/categories?post=8022"},{"taxonomy":"post_tag","embeddable":true,"href":"https:\/\/amppress.rs\/index.php\/wp-json\/wp\/v2\/tags?post=8022"}],"curies":[{"name":"wp","href":"https:\/\/api.w.org\/{rel}","templated":true}]}}