{"id":8007,"date":"2025-03-13T09:06:50","date_gmt":"2025-03-13T08:06:50","guid":{"rendered":"https:\/\/amppress.rs\/?p=8007"},"modified":"2025-03-13T09:06:50","modified_gmt":"2025-03-13T08:06:50","slug":"pedeset-godina-od-smrti-ive-andrica","status":"publish","type":"post","link":"https:\/\/amppress.rs\/index.php\/2025\/03\/13\/pedeset-godina-od-smrti-ive-andrica\/","title":{"rendered":"Pedeset godina od smrti Ive Andri\u0107a"},"content":{"rendered":{},"protected":false},"excerpt":{"rendered":"<p>BEOGRAD- Ivo Andri\u0107, pisac, vrhunski diplomata, jedini na\u0161 dobitnik Nobelove nagrade za knji\u017eevnost, napustio je&#8230;<\/p>\n","protected":false},"author":1,"featured_media":8008,"comment_status":"open","ping_status":"open","sticky":false,"template":"","format":"standard","meta":{"_acf_changed":false,"footnotes":""},"categories":[7],"tags":[2297,1593,83,117],"class_list":["post-8007","post","type-post","status-publish","format-standard","has-post-thumbnail","hentry","category-vesti-news","tag-godisnica","tag-ivo-andric","tag-visegrad","tag-drina"],"acf":[],"featured_image_urls":{"full":["https:\/\/amppress.rs\/wp-content\/uploads\/2025\/03\/ivo-andric-spomenik.webp",924,684,false],"thumbnail":["https:\/\/amppress.rs\/wp-content\/uploads\/2025\/03\/ivo-andric-spomenik-150x150.webp",150,150,true],"medium":["https:\/\/amppress.rs\/wp-content\/uploads\/2025\/03\/ivo-andric-spomenik-300x222.webp",300,222,true],"medium_large":["https:\/\/amppress.rs\/wp-content\/uploads\/2025\/03\/ivo-andric-spomenik-768x569.webp",640,474,true],"large":["https:\/\/amppress.rs\/wp-content\/uploads\/2025\/03\/ivo-andric-spomenik.webp",640,474,false],"1536x1536":["https:\/\/amppress.rs\/wp-content\/uploads\/2025\/03\/ivo-andric-spomenik.webp",924,684,false],"2048x2048":["https:\/\/amppress.rs\/wp-content\/uploads\/2025\/03\/ivo-andric-spomenik.webp",924,684,false],"cvmm-medium":["https:\/\/amppress.rs\/wp-content\/uploads\/2025\/03\/ivo-andric-spomenik-300x300.webp",300,300,true],"cvmm-medium-plus":["https:\/\/amppress.rs\/wp-content\/uploads\/2025\/03\/ivo-andric-spomenik-305x207.webp",305,207,true],"cvmm-portrait":["https:\/\/amppress.rs\/wp-content\/uploads\/2025\/03\/ivo-andric-spomenik-400x600.webp",400,600,true],"cvmm-medium-square":["https:\/\/amppress.rs\/wp-content\/uploads\/2025\/03\/ivo-andric-spomenik-600x600.webp",600,600,true],"cvmm-large":["https:\/\/amppress.rs\/wp-content\/uploads\/2025\/03\/ivo-andric-spomenik.webp",924,684,false],"cvmm-small":["https:\/\/amppress.rs\/wp-content\/uploads\/2025\/03\/ivo-andric-spomenik-130x95.webp",130,95,true],"newsever-slider-full":["https:\/\/amppress.rs\/wp-content\/uploads\/2025\/03\/ivo-andric-spomenik.webp",924,684,false],"newsever-featured":["https:\/\/amppress.rs\/wp-content\/uploads\/2025\/03\/ivo-andric-spomenik.webp",924,684,false],"newsever-medium":["https:\/\/amppress.rs\/wp-content\/uploads\/2025\/03\/ivo-andric-spomenik-720x475.webp",720,475,true]},"author_info":{"display_name":"\u0410\u041c\u041f \u041f\u0420\u0415\u0421\u0421","author_link":"https:\/\/amppress.rs\/index.php\/author\/eduka\/"},"category_info":"<a href=\"https:\/\/amppress.rs\/index.php\/category\/news\/vesti-news\/\" rel=\"category tag\">Vesti<\/a>","tag_info":"Vesti","comment_count":"0","blog_post_layout_featured_media_urls":{"thumbnail":["https:\/\/amppress.rs\/wp-content\/uploads\/2025\/03\/ivo-andric-spomenik-150x150.webp",150,150,true],"full":["https:\/\/amppress.rs\/wp-content\/uploads\/2025\/03\/ivo-andric-spomenik.webp",924,684,false]},"categories_names":{"7":{"name":"Vesti","link":"https:\/\/amppress.rs\/index.php\/category\/news\/vesti-news\/"}},"tags_names":{"2297":{"name":"godi\u0161nica","link":"https:\/\/amppress.rs\/index.php\/tag\/godisnica\/"},"1593":{"name":"Ivo Andri\u0107","link":"https:\/\/amppress.rs\/index.php\/tag\/ivo-andric\/"},"83":{"name":"\u0412\u0438\u0448\u0435\u0433\u0440\u0430\u0434","link":"https:\/\/amppress.rs\/index.php\/tag\/visegrad\/"},"117":{"name":"\u0414\u0440\u0438\u043d\u0430","link":"https:\/\/amppress.rs\/index.php\/tag\/drina\/"}},"comments_number":"0","wpmagazine_modules_featured_media_urls":{"thumbnail":["https:\/\/amppress.rs\/wp-content\/uploads\/2025\/03\/ivo-andric-spomenik-150x150.webp",150,150,true],"cvmm-medium":["https:\/\/amppress.rs\/wp-content\/uploads\/2025\/03\/ivo-andric-spomenik-300x300.webp",300,300,true],"cvmm-medium-plus":["https:\/\/amppress.rs\/wp-content\/uploads\/2025\/03\/ivo-andric-spomenik-305x207.webp",305,207,true],"cvmm-portrait":["https:\/\/amppress.rs\/wp-content\/uploads\/2025\/03\/ivo-andric-spomenik-400x600.webp",400,600,true],"cvmm-medium-square":["https:\/\/amppress.rs\/wp-content\/uploads\/2025\/03\/ivo-andric-spomenik-600x600.webp",600,600,true],"cvmm-large":["https:\/\/amppress.rs\/wp-content\/uploads\/2025\/03\/ivo-andric-spomenik.webp",924,684,false],"cvmm-small":["https:\/\/amppress.rs\/wp-content\/uploads\/2025\/03\/ivo-andric-spomenik-130x95.webp",130,95,true],"full":["https:\/\/amppress.rs\/wp-content\/uploads\/2025\/03\/ivo-andric-spomenik.webp",924,684,false]},"_links":{"self":[{"href":"https:\/\/amppress.rs\/index.php\/wp-json\/wp\/v2\/posts\/8007","targetHints":{"allow":["GET"]}}],"collection":[{"href":"https:\/\/amppress.rs\/index.php\/wp-json\/wp\/v2\/posts"}],"about":[{"href":"https:\/\/amppress.rs\/index.php\/wp-json\/wp\/v2\/types\/post"}],"author":[{"embeddable":true,"href":"https:\/\/amppress.rs\/index.php\/wp-json\/wp\/v2\/users\/1"}],"replies":[{"embeddable":true,"href":"https:\/\/amppress.rs\/index.php\/wp-json\/wp\/v2\/comments?post=8007"}],"version-history":[{"count":1,"href":"https:\/\/amppress.rs\/index.php\/wp-json\/wp\/v2\/posts\/8007\/revisions"}],"predecessor-version":[{"id":8009,"href":"https:\/\/amppress.rs\/index.php\/wp-json\/wp\/v2\/posts\/8007\/revisions\/8009"}],"wp:featuredmedia":[{"embeddable":true,"href":"https:\/\/amppress.rs\/index.php\/wp-json\/wp\/v2\/media\/8008"}],"wp:attachment":[{"href":"https:\/\/amppress.rs\/index.php\/wp-json\/wp\/v2\/media?parent=8007"}],"wp:term":[{"taxonomy":"category","embeddable":true,"href":"https:\/\/amppress.rs\/index.php\/wp-json\/wp\/v2\/categories?post=8007"},{"taxonomy":"post_tag","embeddable":true,"href":"https:\/\/amppress.rs\/index.php\/wp-json\/wp\/v2\/tags?post=8007"}],"curies":[{"name":"wp","href":"https:\/\/api.w.org\/{rel}","templated":true}]}}