{"id":7986,"date":"2025-03-12T08:56:46","date_gmt":"2025-03-12T07:56:46","guid":{"rendered":"https:\/\/amppress.rs\/?p=7986"},"modified":"2025-03-12T08:56:46","modified_gmt":"2025-03-12T07:56:46","slug":"vest-koja-je-odjeknula-na-snn-u-trampova-desna-ruka-u-poseti-predsedniku-srbije","status":"publish","type":"post","link":"https:\/\/amppress.rs\/index.php\/2025\/03\/12\/vest-koja-je-odjeknula-na-snn-u-trampova-desna-ruka-u-poseti-predsedniku-srbije\/","title":{"rendered":"Vest koja je odjeknula na SNN-u &#8211; Trampova desna ruka u poseti predsedniku Srbije"},"content":{"rendered":{},"protected":false},"excerpt":{"rendered":"<p>Beograd &#8211; Predsednik Srbije Aleksandar Vu\u010di\u0107 oglasio se na Instagramu i po\u017eeleo dobrodo\u0161licu u Srbiju&#8230;<\/p>\n","protected":false},"author":1,"featured_media":7987,"comment_status":"open","ping_status":"open","sticky":false,"template":"","format":"standard","meta":{"_acf_changed":false,"footnotes":""},"categories":[7],"tags":[165,131,2291,434],"class_list":["post-7986","post","type-post","status-publish","format-standard","has-post-thumbnail","hentry","category-vesti-news","tag-poseta","tag-srbija","tag-trampov-mladji","tag-vucic"],"acf":[],"featured_image_urls":{"full":["https:\/\/amppress.rs\/wp-content\/uploads\/2025\/03\/trampov-sin-poseta.webp",640,427,false],"thumbnail":["https:\/\/amppress.rs\/wp-content\/uploads\/2025\/03\/trampov-sin-poseta-150x150.webp",150,150,true],"medium":["https:\/\/amppress.rs\/wp-content\/uploads\/2025\/03\/trampov-sin-poseta-300x200.webp",300,200,true],"medium_large":["https:\/\/amppress.rs\/wp-content\/uploads\/2025\/03\/trampov-sin-poseta.webp",640,427,false],"large":["https:\/\/amppress.rs\/wp-content\/uploads\/2025\/03\/trampov-sin-poseta.webp",640,427,false],"1536x1536":["https:\/\/amppress.rs\/wp-content\/uploads\/2025\/03\/trampov-sin-poseta.webp",640,427,false],"2048x2048":["https:\/\/amppress.rs\/wp-content\/uploads\/2025\/03\/trampov-sin-poseta.webp",640,427,false],"cvmm-medium":["https:\/\/amppress.rs\/wp-content\/uploads\/2025\/03\/trampov-sin-poseta-300x300.webp",300,300,true],"cvmm-medium-plus":["https:\/\/amppress.rs\/wp-content\/uploads\/2025\/03\/trampov-sin-poseta-305x207.webp",305,207,true],"cvmm-portrait":["https:\/\/amppress.rs\/wp-content\/uploads\/2025\/03\/trampov-sin-poseta-400x427.webp",400,427,true],"cvmm-medium-square":["https:\/\/amppress.rs\/wp-content\/uploads\/2025\/03\/trampov-sin-poseta-600x427.webp",600,427,true],"cvmm-large":["https:\/\/amppress.rs\/wp-content\/uploads\/2025\/03\/trampov-sin-poseta.webp",640,427,false],"cvmm-small":["https:\/\/amppress.rs\/wp-content\/uploads\/2025\/03\/trampov-sin-poseta-130x95.webp",130,95,true],"newsever-slider-full":["https:\/\/amppress.rs\/wp-content\/uploads\/2025\/03\/trampov-sin-poseta.webp",640,427,false],"newsever-featured":["https:\/\/amppress.rs\/wp-content\/uploads\/2025\/03\/trampov-sin-poseta.webp",640,427,false],"newsever-medium":["https:\/\/amppress.rs\/wp-content\/uploads\/2025\/03\/trampov-sin-poseta.webp",640,427,false]},"author_info":{"display_name":"\u0410\u041c\u041f \u041f\u0420\u0415\u0421\u0421","author_link":"https:\/\/amppress.rs\/index.php\/author\/eduka\/"},"category_info":"<a href=\"https:\/\/amppress.rs\/index.php\/category\/news\/vesti-news\/\" rel=\"category tag\">Vesti<\/a>","tag_info":"Vesti","comment_count":"0","blog_post_layout_featured_media_urls":{"thumbnail":["https:\/\/amppress.rs\/wp-content\/uploads\/2025\/03\/trampov-sin-poseta-150x150.webp",150,150,true],"full":["https:\/\/amppress.rs\/wp-content\/uploads\/2025\/03\/trampov-sin-poseta.webp",640,427,false]},"categories_names":{"7":{"name":"Vesti","link":"https:\/\/amppress.rs\/index.php\/category\/news\/vesti-news\/"}},"tags_names":{"165":{"name":"poseta","link":"https:\/\/amppress.rs\/index.php\/tag\/poseta\/"},"131":{"name":"Srbija","link":"https:\/\/amppress.rs\/index.php\/tag\/srbija\/"},"2291":{"name":"trampov mladji","link":"https:\/\/amppress.rs\/index.php\/tag\/trampov-mladji\/"},"434":{"name":"vu\u010di\u0107","link":"https:\/\/amppress.rs\/index.php\/tag\/vucic\/"}},"comments_number":"0","wpmagazine_modules_featured_media_urls":{"thumbnail":["https:\/\/amppress.rs\/wp-content\/uploads\/2025\/03\/trampov-sin-poseta-150x150.webp",150,150,true],"cvmm-medium":["https:\/\/amppress.rs\/wp-content\/uploads\/2025\/03\/trampov-sin-poseta-300x300.webp",300,300,true],"cvmm-medium-plus":["https:\/\/amppress.rs\/wp-content\/uploads\/2025\/03\/trampov-sin-poseta-305x207.webp",305,207,true],"cvmm-portrait":["https:\/\/amppress.rs\/wp-content\/uploads\/2025\/03\/trampov-sin-poseta-400x427.webp",400,427,true],"cvmm-medium-square":["https:\/\/amppress.rs\/wp-content\/uploads\/2025\/03\/trampov-sin-poseta-600x427.webp",600,427,true],"cvmm-large":["https:\/\/amppress.rs\/wp-content\/uploads\/2025\/03\/trampov-sin-poseta.webp",640,427,false],"cvmm-small":["https:\/\/amppress.rs\/wp-content\/uploads\/2025\/03\/trampov-sin-poseta-130x95.webp",130,95,true],"full":["https:\/\/amppress.rs\/wp-content\/uploads\/2025\/03\/trampov-sin-poseta.webp",640,427,false]},"_links":{"self":[{"href":"https:\/\/amppress.rs\/index.php\/wp-json\/wp\/v2\/posts\/7986","targetHints":{"allow":["GET"]}}],"collection":[{"href":"https:\/\/amppress.rs\/index.php\/wp-json\/wp\/v2\/posts"}],"about":[{"href":"https:\/\/amppress.rs\/index.php\/wp-json\/wp\/v2\/types\/post"}],"author":[{"embeddable":true,"href":"https:\/\/amppress.rs\/index.php\/wp-json\/wp\/v2\/users\/1"}],"replies":[{"embeddable":true,"href":"https:\/\/amppress.rs\/index.php\/wp-json\/wp\/v2\/comments?post=7986"}],"version-history":[{"count":1,"href":"https:\/\/amppress.rs\/index.php\/wp-json\/wp\/v2\/posts\/7986\/revisions"}],"predecessor-version":[{"id":7988,"href":"https:\/\/amppress.rs\/index.php\/wp-json\/wp\/v2\/posts\/7986\/revisions\/7988"}],"wp:featuredmedia":[{"embeddable":true,"href":"https:\/\/amppress.rs\/index.php\/wp-json\/wp\/v2\/media\/7987"}],"wp:attachment":[{"href":"https:\/\/amppress.rs\/index.php\/wp-json\/wp\/v2\/media?parent=7986"}],"wp:term":[{"taxonomy":"category","embeddable":true,"href":"https:\/\/amppress.rs\/index.php\/wp-json\/wp\/v2\/categories?post=7986"},{"taxonomy":"post_tag","embeddable":true,"href":"https:\/\/amppress.rs\/index.php\/wp-json\/wp\/v2\/tags?post=7986"}],"curies":[{"name":"wp","href":"https:\/\/api.w.org\/{rel}","templated":true}]}}