{"id":7915,"date":"2025-03-05T14:22:41","date_gmt":"2025-03-05T13:22:41","guid":{"rendered":"https:\/\/amppress.rs\/?p=7915"},"modified":"2025-03-06T07:26:28","modified_gmt":"2025-03-06T06:26:28","slug":"gavrilo-ce-biti-simbol-sloma-obojene-revolucije-krstice-se-u-decanima","status":"publish","type":"post","link":"https:\/\/amppress.rs\/index.php\/2025\/03\/05\/gavrilo-ce-biti-simbol-sloma-obojene-revolucije-krstice-se-u-decanima\/","title":{"rendered":"Gavrilo \u0107e biti simbol sloma obojene revolucije \u2013 krsti\u0107e se u De\u010danima"},"content":{"rendered":{},"protected":false},"excerpt":{"rendered":"<p>Ju\u010de se u skup\u0161tini Srbije dogodilo ne\u0161to \u0161to \u0107e ostati upisano u istoriju be\u0161\u010da\u0161\u0107a i&#8230;<\/p>\n","protected":false},"author":1,"featured_media":7916,"comment_status":"open","ping_status":"open","sticky":false,"template":"","format":"standard","meta":{"_acf_changed":false,"footnotes":""},"categories":[7],"tags":[2261,2259,2262,2163,2260,131],"class_list":["post-7915","post","type-post","status-publish","format-standard","has-post-thumbnail","hentry","category-vesti-news","tag-decani","tag-gavrilo","tag-krstenje","tag-sednica","tag-skupstina","tag-srbija"],"acf":[],"featured_image_urls":{"full":["https:\/\/amppress.rs\/wp-content\/uploads\/2025\/03\/gavrilo-skupstina.webp",604,350,false],"thumbnail":["https:\/\/amppress.rs\/wp-content\/uploads\/2025\/03\/gavrilo-skupstina-150x150.webp",150,150,true],"medium":["https:\/\/amppress.rs\/wp-content\/uploads\/2025\/03\/gavrilo-skupstina-300x174.webp",300,174,true],"medium_large":["https:\/\/amppress.rs\/wp-content\/uploads\/2025\/03\/gavrilo-skupstina.webp",604,350,false],"large":["https:\/\/amppress.rs\/wp-content\/uploads\/2025\/03\/gavrilo-skupstina.webp",604,350,false],"1536x1536":["https:\/\/amppress.rs\/wp-content\/uploads\/2025\/03\/gavrilo-skupstina.webp",604,350,false],"2048x2048":["https:\/\/amppress.rs\/wp-content\/uploads\/2025\/03\/gavrilo-skupstina.webp",604,350,false],"cvmm-medium":["https:\/\/amppress.rs\/wp-content\/uploads\/2025\/03\/gavrilo-skupstina-300x300.webp",300,300,true],"cvmm-medium-plus":["https:\/\/amppress.rs\/wp-content\/uploads\/2025\/03\/gavrilo-skupstina-305x207.webp",305,207,true],"cvmm-portrait":["https:\/\/amppress.rs\/wp-content\/uploads\/2025\/03\/gavrilo-skupstina-400x350.webp",400,350,true],"cvmm-medium-square":["https:\/\/amppress.rs\/wp-content\/uploads\/2025\/03\/gavrilo-skupstina-600x350.webp",600,350,true],"cvmm-large":["https:\/\/amppress.rs\/wp-content\/uploads\/2025\/03\/gavrilo-skupstina.webp",604,350,false],"cvmm-small":["https:\/\/amppress.rs\/wp-content\/uploads\/2025\/03\/gavrilo-skupstina-130x95.webp",130,95,true],"newsever-slider-full":["https:\/\/amppress.rs\/wp-content\/uploads\/2025\/03\/gavrilo-skupstina.webp",604,350,false],"newsever-featured":["https:\/\/amppress.rs\/wp-content\/uploads\/2025\/03\/gavrilo-skupstina.webp",604,350,false],"newsever-medium":["https:\/\/amppress.rs\/wp-content\/uploads\/2025\/03\/gavrilo-skupstina.webp",604,350,false]},"author_info":{"display_name":"\u0410\u041c\u041f \u041f\u0420\u0415\u0421\u0421","author_link":"https:\/\/amppress.rs\/index.php\/author\/eduka\/"},"category_info":"<a href=\"https:\/\/amppress.rs\/index.php\/category\/news\/vesti-news\/\" rel=\"category tag\">Vesti<\/a>","tag_info":"Vesti","comment_count":"0","blog_post_layout_featured_media_urls":{"thumbnail":["https:\/\/amppress.rs\/wp-content\/uploads\/2025\/03\/gavrilo-skupstina-150x150.webp",150,150,true],"full":["https:\/\/amppress.rs\/wp-content\/uploads\/2025\/03\/gavrilo-skupstina.webp",604,350,false]},"categories_names":{"7":{"name":"Vesti","link":"https:\/\/amppress.rs\/index.php\/category\/news\/vesti-news\/"}},"tags_names":{"2261":{"name":"de\u010dani","link":"https:\/\/amppress.rs\/index.php\/tag\/decani\/"},"2259":{"name":"gavrilo","link":"https:\/\/amppress.rs\/index.php\/tag\/gavrilo\/"},"2262":{"name":"kr\u0161tenje","link":"https:\/\/amppress.rs\/index.php\/tag\/krstenje\/"},"2163":{"name":"sednica","link":"https:\/\/amppress.rs\/index.php\/tag\/sednica\/"},"2260":{"name":"skup\u0161tina","link":"https:\/\/amppress.rs\/index.php\/tag\/skupstina\/"},"131":{"name":"Srbija","link":"https:\/\/amppress.rs\/index.php\/tag\/srbija\/"}},"comments_number":"0","wpmagazine_modules_featured_media_urls":{"thumbnail":["https:\/\/amppress.rs\/wp-content\/uploads\/2025\/03\/gavrilo-skupstina-150x150.webp",150,150,true],"cvmm-medium":["https:\/\/amppress.rs\/wp-content\/uploads\/2025\/03\/gavrilo-skupstina-300x300.webp",300,300,true],"cvmm-medium-plus":["https:\/\/amppress.rs\/wp-content\/uploads\/2025\/03\/gavrilo-skupstina-305x207.webp",305,207,true],"cvmm-portrait":["https:\/\/amppress.rs\/wp-content\/uploads\/2025\/03\/gavrilo-skupstina-400x350.webp",400,350,true],"cvmm-medium-square":["https:\/\/amppress.rs\/wp-content\/uploads\/2025\/03\/gavrilo-skupstina-600x350.webp",600,350,true],"cvmm-large":["https:\/\/amppress.rs\/wp-content\/uploads\/2025\/03\/gavrilo-skupstina.webp",604,350,false],"cvmm-small":["https:\/\/amppress.rs\/wp-content\/uploads\/2025\/03\/gavrilo-skupstina-130x95.webp",130,95,true],"full":["https:\/\/amppress.rs\/wp-content\/uploads\/2025\/03\/gavrilo-skupstina.webp",604,350,false]},"_links":{"self":[{"href":"https:\/\/amppress.rs\/index.php\/wp-json\/wp\/v2\/posts\/7915","targetHints":{"allow":["GET"]}}],"collection":[{"href":"https:\/\/amppress.rs\/index.php\/wp-json\/wp\/v2\/posts"}],"about":[{"href":"https:\/\/amppress.rs\/index.php\/wp-json\/wp\/v2\/types\/post"}],"author":[{"embeddable":true,"href":"https:\/\/amppress.rs\/index.php\/wp-json\/wp\/v2\/users\/1"}],"replies":[{"embeddable":true,"href":"https:\/\/amppress.rs\/index.php\/wp-json\/wp\/v2\/comments?post=7915"}],"version-history":[{"count":1,"href":"https:\/\/amppress.rs\/index.php\/wp-json\/wp\/v2\/posts\/7915\/revisions"}],"predecessor-version":[{"id":7917,"href":"https:\/\/amppress.rs\/index.php\/wp-json\/wp\/v2\/posts\/7915\/revisions\/7917"}],"wp:featuredmedia":[{"embeddable":true,"href":"https:\/\/amppress.rs\/index.php\/wp-json\/wp\/v2\/media\/7916"}],"wp:attachment":[{"href":"https:\/\/amppress.rs\/index.php\/wp-json\/wp\/v2\/media?parent=7915"}],"wp:term":[{"taxonomy":"category","embeddable":true,"href":"https:\/\/amppress.rs\/index.php\/wp-json\/wp\/v2\/categories?post=7915"},{"taxonomy":"post_tag","embeddable":true,"href":"https:\/\/amppress.rs\/index.php\/wp-json\/wp\/v2\/tags?post=7915"}],"curies":[{"name":"wp","href":"https:\/\/api.w.org\/{rel}","templated":true}]}}