{"id":7892,"date":"2025-03-04T11:27:22","date_gmt":"2025-03-04T10:27:22","guid":{"rendered":"https:\/\/amppress.rs\/?p=7892"},"modified":"2025-03-04T11:28:17","modified_gmt":"2025-03-04T10:28:17","slug":"kampovi-za-mlade-iz-dijaspore-temelj-za-buduci-povratak-nase-dece-u-svoju-domovinu","status":"publish","type":"post","link":"https:\/\/amppress.rs\/index.php\/2025\/03\/04\/kampovi-za-mlade-iz-dijaspore-temelj-za-buduci-povratak-nase-dece-u-svoju-domovinu\/","title":{"rendered":"\u041a\u0430\u043c\u043f\u043e\u0432\u0438 \u0437\u0430 \u043c\u043b\u0430\u0434\u0435 \u0438\u0437 \u0434\u0438\u0458\u0430\u0441\u043f\u043e\u0440\u0435 \u2013 \u0442\u0435\u043c\u0435\u0459 \u0437\u0430 \u0431\u0443\u0434\u0443\u045b\u0438 \u043f\u043e\u0432\u0440\u0430\u0442\u0430\u043a \u043d\u0430\u0448\u0435 \u0434\u0435\u0446\u0435 \u0443 \u0441\u0432\u043e\u0458\u0443  \u0434\u043e\u043c\u043e\u0432\u0438\u043d\u0443"},"content":{"rendered":{},"protected":false},"excerpt":{"rendered":"<p>Ministar bez portfelja zadu\u017een za koordinaciju aktivnosti i mera u oblasti odnosa sa dijasporom \u0110or\u0111e&#8230;<\/p>\n","protected":false},"author":1,"featured_media":7893,"comment_status":"open","ping_status":"open","sticky":false,"template":"","format":"standard","meta":{"_acf_changed":false,"footnotes":""},"categories":[7],"tags":[2044,2248,2249,2247,334,1794,81],"class_list":["post-7892","post","type-post","status-publish","format-standard","has-post-thumbnail","hentry","category-vesti-news","tag-dejan-kovacevic","tag-dijaspora","tag-djordje-milicevoc","tag-kampovi-za-mlade","tag-ministar","tag-predsednik","tag-gornji-milanovac"],"acf":[],"featured_image_urls":{"full":["https:\/\/amppress.rs\/wp-content\/uploads\/2025\/03\/ministar-djordje-i-dejan-kovacevic-scaled.jpg",2560,1920,false],"thumbnail":["https:\/\/amppress.rs\/wp-content\/uploads\/2025\/03\/ministar-djordje-i-dejan-kovacevic-150x150.jpg",150,150,true],"medium":["https:\/\/amppress.rs\/wp-content\/uploads\/2025\/03\/ministar-djordje-i-dejan-kovacevic-300x225.jpg",300,225,true],"medium_large":["https:\/\/amppress.rs\/wp-content\/uploads\/2025\/03\/ministar-djordje-i-dejan-kovacevic-768x576.jpg",640,480,true],"large":["https:\/\/amppress.rs\/wp-content\/uploads\/2025\/03\/ministar-djordje-i-dejan-kovacevic-1024x768.jpg",640,480,true],"1536x1536":["https:\/\/amppress.rs\/wp-content\/uploads\/2025\/03\/ministar-djordje-i-dejan-kovacevic-1536x1152.jpg",1536,1152,true],"2048x2048":["https:\/\/amppress.rs\/wp-content\/uploads\/2025\/03\/ministar-djordje-i-dejan-kovacevic-2048x1536.jpg",2048,1536,true],"cvmm-medium":["https:\/\/amppress.rs\/wp-content\/uploads\/2025\/03\/ministar-djordje-i-dejan-kovacevic-300x300.jpg",300,300,true],"cvmm-medium-plus":["https:\/\/amppress.rs\/wp-content\/uploads\/2025\/03\/ministar-djordje-i-dejan-kovacevic-305x207.jpg",305,207,true],"cvmm-portrait":["https:\/\/amppress.rs\/wp-content\/uploads\/2025\/03\/ministar-djordje-i-dejan-kovacevic-400x600.jpg",400,600,true],"cvmm-medium-square":["https:\/\/amppress.rs\/wp-content\/uploads\/2025\/03\/ministar-djordje-i-dejan-kovacevic-600x600.jpg",600,600,true],"cvmm-large":["https:\/\/amppress.rs\/wp-content\/uploads\/2025\/03\/ministar-djordje-i-dejan-kovacevic-1024x1024.jpg",1024,1024,true],"cvmm-small":["https:\/\/amppress.rs\/wp-content\/uploads\/2025\/03\/ministar-djordje-i-dejan-kovacevic-130x95.jpg",130,95,true],"newsever-slider-full":["https:\/\/amppress.rs\/wp-content\/uploads\/2025\/03\/ministar-djordje-i-dejan-kovacevic-1280x845.jpg",1280,845,true],"newsever-featured":["https:\/\/amppress.rs\/wp-content\/uploads\/2025\/03\/ministar-djordje-i-dejan-kovacevic-1024x768.jpg",1024,768,true],"newsever-medium":["https:\/\/amppress.rs\/wp-content\/uploads\/2025\/03\/ministar-djordje-i-dejan-kovacevic-720x475.jpg",720,475,true]},"author_info":{"display_name":"\u0410\u041c\u041f \u041f\u0420\u0415\u0421\u0421","author_link":"https:\/\/amppress.rs\/index.php\/author\/eduka\/"},"category_info":"<a href=\"https:\/\/amppress.rs\/index.php\/category\/news\/vesti-news\/\" rel=\"category tag\">Vesti<\/a>","tag_info":"Vesti","comment_count":"0","blog_post_layout_featured_media_urls":{"thumbnail":["https:\/\/amppress.rs\/wp-content\/uploads\/2025\/03\/ministar-djordje-i-dejan-kovacevic-150x150.jpg",150,150,true],"full":["https:\/\/amppress.rs\/wp-content\/uploads\/2025\/03\/ministar-djordje-i-dejan-kovacevic-scaled.jpg",2560,1920,false]},"categories_names":{"7":{"name":"Vesti","link":"https:\/\/amppress.rs\/index.php\/category\/news\/vesti-news\/"}},"tags_names":{"2044":{"name":"dejan kova\u010devi\u0107","link":"https:\/\/amppress.rs\/index.php\/tag\/dejan-kovacevic\/"},"2248":{"name":"dijaspora","link":"https:\/\/amppress.rs\/index.php\/tag\/dijaspora\/"},"2249":{"name":"\u0111or\u0111e mili\u0107evo\u0107","link":"https:\/\/amppress.rs\/index.php\/tag\/djordje-milicevoc\/"},"2247":{"name":"kampovi za mlade","link":"https:\/\/amppress.rs\/index.php\/tag\/kampovi-za-mlade\/"},"334":{"name":"MINISTAR","link":"https:\/\/amppress.rs\/index.php\/tag\/ministar\/"},"1794":{"name":"predsednik","link":"https:\/\/amppress.rs\/index.php\/tag\/predsednik\/"},"81":{"name":"\u0413\u043e\u0440\u045a\u0438 \u041c\u0438\u043b\u0430\u043d\u043e\u0432\u0430\u0446","link":"https:\/\/amppress.rs\/index.php\/tag\/gornji-milanovac\/"}},"comments_number":"0","wpmagazine_modules_featured_media_urls":{"thumbnail":["https:\/\/amppress.rs\/wp-content\/uploads\/2025\/03\/ministar-djordje-i-dejan-kovacevic-150x150.jpg",150,150,true],"cvmm-medium":["https:\/\/amppress.rs\/wp-content\/uploads\/2025\/03\/ministar-djordje-i-dejan-kovacevic-300x300.jpg",300,300,true],"cvmm-medium-plus":["https:\/\/amppress.rs\/wp-content\/uploads\/2025\/03\/ministar-djordje-i-dejan-kovacevic-305x207.jpg",305,207,true],"cvmm-portrait":["https:\/\/amppress.rs\/wp-content\/uploads\/2025\/03\/ministar-djordje-i-dejan-kovacevic-400x600.jpg",400,600,true],"cvmm-medium-square":["https:\/\/amppress.rs\/wp-content\/uploads\/2025\/03\/ministar-djordje-i-dejan-kovacevic-600x600.jpg",600,600,true],"cvmm-large":["https:\/\/amppress.rs\/wp-content\/uploads\/2025\/03\/ministar-djordje-i-dejan-kovacevic-1024x1024.jpg",1024,1024,true],"cvmm-small":["https:\/\/amppress.rs\/wp-content\/uploads\/2025\/03\/ministar-djordje-i-dejan-kovacevic-130x95.jpg",130,95,true],"full":["https:\/\/amppress.rs\/wp-content\/uploads\/2025\/03\/ministar-djordje-i-dejan-kovacevic-scaled.jpg",2560,1920,false]},"_links":{"self":[{"href":"https:\/\/amppress.rs\/index.php\/wp-json\/wp\/v2\/posts\/7892","targetHints":{"allow":["GET"]}}],"collection":[{"href":"https:\/\/amppress.rs\/index.php\/wp-json\/wp\/v2\/posts"}],"about":[{"href":"https:\/\/amppress.rs\/index.php\/wp-json\/wp\/v2\/types\/post"}],"author":[{"embeddable":true,"href":"https:\/\/amppress.rs\/index.php\/wp-json\/wp\/v2\/users\/1"}],"replies":[{"embeddable":true,"href":"https:\/\/amppress.rs\/index.php\/wp-json\/wp\/v2\/comments?post=7892"}],"version-history":[{"count":1,"href":"https:\/\/amppress.rs\/index.php\/wp-json\/wp\/v2\/posts\/7892\/revisions"}],"predecessor-version":[{"id":7894,"href":"https:\/\/amppress.rs\/index.php\/wp-json\/wp\/v2\/posts\/7892\/revisions\/7894"}],"wp:featuredmedia":[{"embeddable":true,"href":"https:\/\/amppress.rs\/index.php\/wp-json\/wp\/v2\/media\/7893"}],"wp:attachment":[{"href":"https:\/\/amppress.rs\/index.php\/wp-json\/wp\/v2\/media?parent=7892"}],"wp:term":[{"taxonomy":"category","embeddable":true,"href":"https:\/\/amppress.rs\/index.php\/wp-json\/wp\/v2\/categories?post=7892"},{"taxonomy":"post_tag","embeddable":true,"href":"https:\/\/amppress.rs\/index.php\/wp-json\/wp\/v2\/tags?post=7892"}],"curies":[{"name":"wp","href":"https:\/\/api.w.org\/{rel}","templated":true}]}}