{"id":7750,"date":"2025-02-25T19:44:52","date_gmt":"2025-02-25T18:44:52","guid":{"rendered":"https:\/\/amppress.rs\/?p=7750"},"modified":"2025-02-26T08:53:15","modified_gmt":"2025-02-26T07:53:15","slug":"ministar-ristic-razgovarao-sa-predstavnicima-medija-u-cacku","status":"publish","type":"post","link":"https:\/\/amppress.rs\/index.php\/2025\/02\/25\/ministar-ristic-razgovarao-sa-predstavnicima-medija-u-cacku\/","title":{"rendered":"Ministar Risti\u0107 razgovarao sa predstavnicima medija u \u010ca\u010dku"},"content":{"rendered":{},"protected":false},"excerpt":{"rendered":"<p>\u010ca\u010dak &#8211; Ministar informisanja i telekomunikacija Dejan Risti\u0107 odr\u017eao je sastanak sa predstavnicima lokalnih medija&#8230;.<\/p>\n","protected":false},"author":1,"featured_media":7751,"comment_status":"open","ping_status":"open","sticky":false,"template":"","format":"standard","meta":{"_acf_changed":false,"footnotes":""},"categories":[7],"tags":[1602,2093,1727,1439,334,93],"class_list":["post-7750","post","type-post","status-publish","format-standard","has-post-thumbnail","hentry","category-vesti-news","tag-dejan-ristic","tag-dijalog","tag-gradonacelnik","tag-mediji","tag-ministar","tag-cacak"],"acf":[],"featured_image_urls":{"full":["https:\/\/amppress.rs\/wp-content\/uploads\/2025\/02\/cacak-ministar-ristic.webp",640,480,false],"thumbnail":["https:\/\/amppress.rs\/wp-content\/uploads\/2025\/02\/cacak-ministar-ristic-150x150.webp",150,150,true],"medium":["https:\/\/amppress.rs\/wp-content\/uploads\/2025\/02\/cacak-ministar-ristic-300x225.webp",300,225,true],"medium_large":["https:\/\/amppress.rs\/wp-content\/uploads\/2025\/02\/cacak-ministar-ristic.webp",640,480,false],"large":["https:\/\/amppress.rs\/wp-content\/uploads\/2025\/02\/cacak-ministar-ristic.webp",640,480,false],"1536x1536":["https:\/\/amppress.rs\/wp-content\/uploads\/2025\/02\/cacak-ministar-ristic.webp",640,480,false],"2048x2048":["https:\/\/amppress.rs\/wp-content\/uploads\/2025\/02\/cacak-ministar-ristic.webp",640,480,false],"cvmm-medium":["https:\/\/amppress.rs\/wp-content\/uploads\/2025\/02\/cacak-ministar-ristic-300x300.webp",300,300,true],"cvmm-medium-plus":["https:\/\/amppress.rs\/wp-content\/uploads\/2025\/02\/cacak-ministar-ristic-305x207.webp",305,207,true],"cvmm-portrait":["https:\/\/amppress.rs\/wp-content\/uploads\/2025\/02\/cacak-ministar-ristic-400x480.webp",400,480,true],"cvmm-medium-square":["https:\/\/amppress.rs\/wp-content\/uploads\/2025\/02\/cacak-ministar-ristic-600x480.webp",600,480,true],"cvmm-large":["https:\/\/amppress.rs\/wp-content\/uploads\/2025\/02\/cacak-ministar-ristic.webp",640,480,false],"cvmm-small":["https:\/\/amppress.rs\/wp-content\/uploads\/2025\/02\/cacak-ministar-ristic-130x95.webp",130,95,true],"newsever-slider-full":["https:\/\/amppress.rs\/wp-content\/uploads\/2025\/02\/cacak-ministar-ristic.webp",640,480,false],"newsever-featured":["https:\/\/amppress.rs\/wp-content\/uploads\/2025\/02\/cacak-ministar-ristic.webp",640,480,false],"newsever-medium":["https:\/\/amppress.rs\/wp-content\/uploads\/2025\/02\/cacak-ministar-ristic-640x475.webp",640,475,true]},"author_info":{"display_name":"\u0410\u041c\u041f \u041f\u0420\u0415\u0421\u0421","author_link":"https:\/\/amppress.rs\/index.php\/author\/eduka\/"},"category_info":"<a href=\"https:\/\/amppress.rs\/index.php\/category\/news\/vesti-news\/\" rel=\"category tag\">Vesti<\/a>","tag_info":"Vesti","comment_count":"0","blog_post_layout_featured_media_urls":{"thumbnail":["https:\/\/amppress.rs\/wp-content\/uploads\/2025\/02\/cacak-ministar-ristic-150x150.webp",150,150,true],"full":["https:\/\/amppress.rs\/wp-content\/uploads\/2025\/02\/cacak-ministar-ristic.webp",640,480,false]},"categories_names":{"7":{"name":"Vesti","link":"https:\/\/amppress.rs\/index.php\/category\/news\/vesti-news\/"}},"tags_names":{"1602":{"name":"Dejan Risti\u0107","link":"https:\/\/amppress.rs\/index.php\/tag\/dejan-ristic\/"},"2093":{"name":"dijalog","link":"https:\/\/amppress.rs\/index.php\/tag\/dijalog\/"},"1727":{"name":"gradona\u010delnik","link":"https:\/\/amppress.rs\/index.php\/tag\/gradonacelnik\/"},"1439":{"name":"mediji","link":"https:\/\/amppress.rs\/index.php\/tag\/mediji\/"},"334":{"name":"MINISTAR","link":"https:\/\/amppress.rs\/index.php\/tag\/ministar\/"},"93":{"name":"\u0427\u0430\u0447\u0430\u043a","link":"https:\/\/amppress.rs\/index.php\/tag\/cacak\/"}},"comments_number":"0","wpmagazine_modules_featured_media_urls":{"thumbnail":["https:\/\/amppress.rs\/wp-content\/uploads\/2025\/02\/cacak-ministar-ristic-150x150.webp",150,150,true],"cvmm-medium":["https:\/\/amppress.rs\/wp-content\/uploads\/2025\/02\/cacak-ministar-ristic-300x300.webp",300,300,true],"cvmm-medium-plus":["https:\/\/amppress.rs\/wp-content\/uploads\/2025\/02\/cacak-ministar-ristic-305x207.webp",305,207,true],"cvmm-portrait":["https:\/\/amppress.rs\/wp-content\/uploads\/2025\/02\/cacak-ministar-ristic-400x480.webp",400,480,true],"cvmm-medium-square":["https:\/\/amppress.rs\/wp-content\/uploads\/2025\/02\/cacak-ministar-ristic-600x480.webp",600,480,true],"cvmm-large":["https:\/\/amppress.rs\/wp-content\/uploads\/2025\/02\/cacak-ministar-ristic.webp",640,480,false],"cvmm-small":["https:\/\/amppress.rs\/wp-content\/uploads\/2025\/02\/cacak-ministar-ristic-130x95.webp",130,95,true],"full":["https:\/\/amppress.rs\/wp-content\/uploads\/2025\/02\/cacak-ministar-ristic.webp",640,480,false]},"_links":{"self":[{"href":"https:\/\/amppress.rs\/index.php\/wp-json\/wp\/v2\/posts\/7750","targetHints":{"allow":["GET"]}}],"collection":[{"href":"https:\/\/amppress.rs\/index.php\/wp-json\/wp\/v2\/posts"}],"about":[{"href":"https:\/\/amppress.rs\/index.php\/wp-json\/wp\/v2\/types\/post"}],"author":[{"embeddable":true,"href":"https:\/\/amppress.rs\/index.php\/wp-json\/wp\/v2\/users\/1"}],"replies":[{"embeddable":true,"href":"https:\/\/amppress.rs\/index.php\/wp-json\/wp\/v2\/comments?post=7750"}],"version-history":[{"count":1,"href":"https:\/\/amppress.rs\/index.php\/wp-json\/wp\/v2\/posts\/7750\/revisions"}],"predecessor-version":[{"id":7752,"href":"https:\/\/amppress.rs\/index.php\/wp-json\/wp\/v2\/posts\/7750\/revisions\/7752"}],"wp:featuredmedia":[{"embeddable":true,"href":"https:\/\/amppress.rs\/index.php\/wp-json\/wp\/v2\/media\/7751"}],"wp:attachment":[{"href":"https:\/\/amppress.rs\/index.php\/wp-json\/wp\/v2\/media?parent=7750"}],"wp:term":[{"taxonomy":"category","embeddable":true,"href":"https:\/\/amppress.rs\/index.php\/wp-json\/wp\/v2\/categories?post=7750"},{"taxonomy":"post_tag","embeddable":true,"href":"https:\/\/amppress.rs\/index.php\/wp-json\/wp\/v2\/tags?post=7750"}],"curies":[{"name":"wp","href":"https:\/\/api.w.org\/{rel}","templated":true}]}}