{"id":7653,"date":"2025-02-21T10:32:48","date_gmt":"2025-02-21T09:32:48","guid":{"rendered":"https:\/\/amppress.rs\/?p=7653"},"modified":"2025-02-21T10:32:48","modified_gmt":"2025-02-21T09:32:48","slug":"vucic-danas-u-poseti-branicevskom-okrugu","status":"publish","type":"post","link":"https:\/\/amppress.rs\/index.php\/2025\/02\/21\/vucic-danas-u-poseti-branicevskom-okrugu\/","title":{"rendered":"Vu\u010di\u0107 danas u poseti Brani\u010devskom okrugu"},"content":{"rendered":{},"protected":false},"excerpt":{"rendered":"<p>Predsednik Srbije Aleksandar Vu\u010di\u0107 boravi\u0107e danas u poseti Brani\u010devskom okrugu, saop\u0161tila je Slu\u017eba za saradnju&#8230;<\/p>\n","protected":false},"author":1,"featured_media":7654,"comment_status":"open","ping_status":"open","sticky":false,"template":"","format":"standard","meta":{"_acf_changed":false,"footnotes":""},"categories":[7],"tags":[2139,165,434],"class_list":["post-7653","post","type-post","status-publish","format-standard","has-post-thumbnail","hentry","category-vesti-news","tag-branicevski-okrug","tag-poseta","tag-vucic"],"acf":[],"featured_image_urls":{"full":["https:\/\/amppress.rs\/wp-content\/uploads\/2025\/02\/voz-vucic-smitrovica_f.webp",921,682,false],"thumbnail":["https:\/\/amppress.rs\/wp-content\/uploads\/2025\/02\/voz-vucic-smitrovica_f-150x150.webp",150,150,true],"medium":["https:\/\/amppress.rs\/wp-content\/uploads\/2025\/02\/voz-vucic-smitrovica_f-300x222.webp",300,222,true],"medium_large":["https:\/\/amppress.rs\/wp-content\/uploads\/2025\/02\/voz-vucic-smitrovica_f-768x569.webp",640,474,true],"large":["https:\/\/amppress.rs\/wp-content\/uploads\/2025\/02\/voz-vucic-smitrovica_f.webp",640,474,false],"1536x1536":["https:\/\/amppress.rs\/wp-content\/uploads\/2025\/02\/voz-vucic-smitrovica_f.webp",921,682,false],"2048x2048":["https:\/\/amppress.rs\/wp-content\/uploads\/2025\/02\/voz-vucic-smitrovica_f.webp",921,682,false],"cvmm-medium":["https:\/\/amppress.rs\/wp-content\/uploads\/2025\/02\/voz-vucic-smitrovica_f-300x300.webp",300,300,true],"cvmm-medium-plus":["https:\/\/amppress.rs\/wp-content\/uploads\/2025\/02\/voz-vucic-smitrovica_f-305x207.webp",305,207,true],"cvmm-portrait":["https:\/\/amppress.rs\/wp-content\/uploads\/2025\/02\/voz-vucic-smitrovica_f-400x600.webp",400,600,true],"cvmm-medium-square":["https:\/\/amppress.rs\/wp-content\/uploads\/2025\/02\/voz-vucic-smitrovica_f-600x600.webp",600,600,true],"cvmm-large":["https:\/\/amppress.rs\/wp-content\/uploads\/2025\/02\/voz-vucic-smitrovica_f.webp",921,682,false],"cvmm-small":["https:\/\/amppress.rs\/wp-content\/uploads\/2025\/02\/voz-vucic-smitrovica_f-130x95.webp",130,95,true],"newsever-slider-full":["https:\/\/amppress.rs\/wp-content\/uploads\/2025\/02\/voz-vucic-smitrovica_f.webp",921,682,false],"newsever-featured":["https:\/\/amppress.rs\/wp-content\/uploads\/2025\/02\/voz-vucic-smitrovica_f.webp",921,682,false],"newsever-medium":["https:\/\/amppress.rs\/wp-content\/uploads\/2025\/02\/voz-vucic-smitrovica_f-720x475.webp",720,475,true]},"author_info":{"display_name":"\u0410\u041c\u041f \u041f\u0420\u0415\u0421\u0421","author_link":"https:\/\/amppress.rs\/index.php\/author\/eduka\/"},"category_info":"<a href=\"https:\/\/amppress.rs\/index.php\/category\/news\/vesti-news\/\" rel=\"category tag\">Vesti<\/a>","tag_info":"Vesti","comment_count":"0","blog_post_layout_featured_media_urls":{"thumbnail":["https:\/\/amppress.rs\/wp-content\/uploads\/2025\/02\/voz-vucic-smitrovica_f-150x150.webp",150,150,true],"full":["https:\/\/amppress.rs\/wp-content\/uploads\/2025\/02\/voz-vucic-smitrovica_f.webp",921,682,false]},"categories_names":{"7":{"name":"Vesti","link":"https:\/\/amppress.rs\/index.php\/category\/news\/vesti-news\/"}},"tags_names":{"2139":{"name":"brani\u010devski okrug","link":"https:\/\/amppress.rs\/index.php\/tag\/branicevski-okrug\/"},"165":{"name":"poseta","link":"https:\/\/amppress.rs\/index.php\/tag\/poseta\/"},"434":{"name":"vu\u010di\u0107","link":"https:\/\/amppress.rs\/index.php\/tag\/vucic\/"}},"comments_number":"0","wpmagazine_modules_featured_media_urls":{"thumbnail":["https:\/\/amppress.rs\/wp-content\/uploads\/2025\/02\/voz-vucic-smitrovica_f-150x150.webp",150,150,true],"cvmm-medium":["https:\/\/amppress.rs\/wp-content\/uploads\/2025\/02\/voz-vucic-smitrovica_f-300x300.webp",300,300,true],"cvmm-medium-plus":["https:\/\/amppress.rs\/wp-content\/uploads\/2025\/02\/voz-vucic-smitrovica_f-305x207.webp",305,207,true],"cvmm-portrait":["https:\/\/amppress.rs\/wp-content\/uploads\/2025\/02\/voz-vucic-smitrovica_f-400x600.webp",400,600,true],"cvmm-medium-square":["https:\/\/amppress.rs\/wp-content\/uploads\/2025\/02\/voz-vucic-smitrovica_f-600x600.webp",600,600,true],"cvmm-large":["https:\/\/amppress.rs\/wp-content\/uploads\/2025\/02\/voz-vucic-smitrovica_f.webp",921,682,false],"cvmm-small":["https:\/\/amppress.rs\/wp-content\/uploads\/2025\/02\/voz-vucic-smitrovica_f-130x95.webp",130,95,true],"full":["https:\/\/amppress.rs\/wp-content\/uploads\/2025\/02\/voz-vucic-smitrovica_f.webp",921,682,false]},"_links":{"self":[{"href":"https:\/\/amppress.rs\/index.php\/wp-json\/wp\/v2\/posts\/7653","targetHints":{"allow":["GET"]}}],"collection":[{"href":"https:\/\/amppress.rs\/index.php\/wp-json\/wp\/v2\/posts"}],"about":[{"href":"https:\/\/amppress.rs\/index.php\/wp-json\/wp\/v2\/types\/post"}],"author":[{"embeddable":true,"href":"https:\/\/amppress.rs\/index.php\/wp-json\/wp\/v2\/users\/1"}],"replies":[{"embeddable":true,"href":"https:\/\/amppress.rs\/index.php\/wp-json\/wp\/v2\/comments?post=7653"}],"version-history":[{"count":1,"href":"https:\/\/amppress.rs\/index.php\/wp-json\/wp\/v2\/posts\/7653\/revisions"}],"predecessor-version":[{"id":7655,"href":"https:\/\/amppress.rs\/index.php\/wp-json\/wp\/v2\/posts\/7653\/revisions\/7655"}],"wp:featuredmedia":[{"embeddable":true,"href":"https:\/\/amppress.rs\/index.php\/wp-json\/wp\/v2\/media\/7654"}],"wp:attachment":[{"href":"https:\/\/amppress.rs\/index.php\/wp-json\/wp\/v2\/media?parent=7653"}],"wp:term":[{"taxonomy":"category","embeddable":true,"href":"https:\/\/amppress.rs\/index.php\/wp-json\/wp\/v2\/categories?post=7653"},{"taxonomy":"post_tag","embeddable":true,"href":"https:\/\/amppress.rs\/index.php\/wp-json\/wp\/v2\/tags?post=7653"}],"curies":[{"name":"wp","href":"https:\/\/api.w.org\/{rel}","templated":true}]}}