{"id":7482,"date":"2025-02-13T09:51:37","date_gmt":"2025-02-13T08:51:37","guid":{"rendered":"https:\/\/amppress.rs\/?p=7482"},"modified":"2025-02-13T09:51:37","modified_gmt":"2025-02-13T08:51:37","slug":"nema-totalne-obustave-u-skolama-velika-nervoza-u-kolektivima-nastavnici-hoce-da-rade-soc-izgubio-kompas","status":"publish","type":"post","link":"https:\/\/amppress.rs\/index.php\/2025\/02\/13\/nema-totalne-obustave-u-skolama-velika-nervoza-u-kolektivima-nastavnici-hoce-da-rade-soc-izgubio-kompas\/","title":{"rendered":"Nema totalne obustave u \u0161kolama, velika nervoza u kolektivima, nastavnici ho\u0107e da rade, SO\u010c izgubio kompas"},"content":{"rendered":{},"protected":false},"excerpt":{"rendered":"<p>\u010ca\u010dak &#8211; Nema totalne obustave nastave u \u0161kolama na podru\u010dju Moravi\u010dkog okruga iako je SO\u010c&#8230;<\/p>\n","protected":false},"author":1,"featured_media":7484,"comment_status":"open","ping_status":"open","sticky":false,"template":"","format":"standard","meta":{"_acf_changed":false,"footnotes":""},"categories":[1],"tags":[2041,1539,2062],"class_list":["post-7482","post","type-post","status-publish","format-standard","has-post-thumbnail","hentry","category-uncategorized","tag-nastavnici","tag-skola","tag-soc"],"acf":[],"featured_image_urls":{"full":["https:\/\/amppress.rs\/wp-content\/uploads\/2025\/02\/novo-blurovano-516114002051574511657dve-decenije-predaje-u-seoskoj-skoli-fotorina.webp",640,360,false],"thumbnail":["https:\/\/amppress.rs\/wp-content\/uploads\/2025\/02\/novo-blurovano-516114002051574511657dve-decenije-predaje-u-seoskoj-skoli-fotorina-150x150.webp",150,150,true],"medium":["https:\/\/amppress.rs\/wp-content\/uploads\/2025\/02\/novo-blurovano-516114002051574511657dve-decenije-predaje-u-seoskoj-skoli-fotorina-300x169.webp",300,169,true],"medium_large":["https:\/\/amppress.rs\/wp-content\/uploads\/2025\/02\/novo-blurovano-516114002051574511657dve-decenije-predaje-u-seoskoj-skoli-fotorina.webp",640,360,false],"large":["https:\/\/amppress.rs\/wp-content\/uploads\/2025\/02\/novo-blurovano-516114002051574511657dve-decenije-predaje-u-seoskoj-skoli-fotorina.webp",640,360,false],"1536x1536":["https:\/\/amppress.rs\/wp-content\/uploads\/2025\/02\/novo-blurovano-516114002051574511657dve-decenije-predaje-u-seoskoj-skoli-fotorina.webp",640,360,false],"2048x2048":["https:\/\/amppress.rs\/wp-content\/uploads\/2025\/02\/novo-blurovano-516114002051574511657dve-decenije-predaje-u-seoskoj-skoli-fotorina.webp",640,360,false],"cvmm-medium":["https:\/\/amppress.rs\/wp-content\/uploads\/2025\/02\/novo-blurovano-516114002051574511657dve-decenije-predaje-u-seoskoj-skoli-fotorina-300x300.webp",300,300,true],"cvmm-medium-plus":["https:\/\/amppress.rs\/wp-content\/uploads\/2025\/02\/novo-blurovano-516114002051574511657dve-decenije-predaje-u-seoskoj-skoli-fotorina-305x207.webp",305,207,true],"cvmm-portrait":["https:\/\/amppress.rs\/wp-content\/uploads\/2025\/02\/novo-blurovano-516114002051574511657dve-decenije-predaje-u-seoskoj-skoli-fotorina-400x360.webp",400,360,true],"cvmm-medium-square":["https:\/\/amppress.rs\/wp-content\/uploads\/2025\/02\/novo-blurovano-516114002051574511657dve-decenije-predaje-u-seoskoj-skoli-fotorina-600x360.webp",600,360,true],"cvmm-large":["https:\/\/amppress.rs\/wp-content\/uploads\/2025\/02\/novo-blurovano-516114002051574511657dve-decenije-predaje-u-seoskoj-skoli-fotorina.webp",640,360,false],"cvmm-small":["https:\/\/amppress.rs\/wp-content\/uploads\/2025\/02\/novo-blurovano-516114002051574511657dve-decenije-predaje-u-seoskoj-skoli-fotorina-130x95.webp",130,95,true],"newsever-slider-full":["https:\/\/amppress.rs\/wp-content\/uploads\/2025\/02\/novo-blurovano-516114002051574511657dve-decenije-predaje-u-seoskoj-skoli-fotorina.webp",640,360,false],"newsever-featured":["https:\/\/amppress.rs\/wp-content\/uploads\/2025\/02\/novo-blurovano-516114002051574511657dve-decenije-predaje-u-seoskoj-skoli-fotorina.webp",640,360,false],"newsever-medium":["https:\/\/amppress.rs\/wp-content\/uploads\/2025\/02\/novo-blurovano-516114002051574511657dve-decenije-predaje-u-seoskoj-skoli-fotorina.webp",640,360,false]},"author_info":{"display_name":"\u0410\u041c\u041f \u041f\u0420\u0415\u0421\u0421","author_link":"https:\/\/amppress.rs\/index.php\/author\/eduka\/"},"category_info":"<a href=\"https:\/\/amppress.rs\/index.php\/category\/uncategorized\/\" rel=\"category tag\">Uncategorized<\/a>","tag_info":"Uncategorized","comment_count":"0","blog_post_layout_featured_media_urls":{"thumbnail":["https:\/\/amppress.rs\/wp-content\/uploads\/2025\/02\/novo-blurovano-516114002051574511657dve-decenije-predaje-u-seoskoj-skoli-fotorina-150x150.webp",150,150,true],"full":["https:\/\/amppress.rs\/wp-content\/uploads\/2025\/02\/novo-blurovano-516114002051574511657dve-decenije-predaje-u-seoskoj-skoli-fotorina.webp",640,360,false]},"categories_names":{"1":{"name":"Uncategorized","link":"https:\/\/amppress.rs\/index.php\/category\/uncategorized\/"}},"tags_names":{"2041":{"name":"nastavnici","link":"https:\/\/amppress.rs\/index.php\/tag\/nastavnici\/"},"1539":{"name":"\u0161kola","link":"https:\/\/amppress.rs\/index.php\/tag\/skola\/"},"2062":{"name":"so\u010d","link":"https:\/\/amppress.rs\/index.php\/tag\/soc\/"}},"comments_number":"0","wpmagazine_modules_featured_media_urls":{"thumbnail":["https:\/\/amppress.rs\/wp-content\/uploads\/2025\/02\/novo-blurovano-516114002051574511657dve-decenije-predaje-u-seoskoj-skoli-fotorina-150x150.webp",150,150,true],"cvmm-medium":["https:\/\/amppress.rs\/wp-content\/uploads\/2025\/02\/novo-blurovano-516114002051574511657dve-decenije-predaje-u-seoskoj-skoli-fotorina-300x300.webp",300,300,true],"cvmm-medium-plus":["https:\/\/amppress.rs\/wp-content\/uploads\/2025\/02\/novo-blurovano-516114002051574511657dve-decenije-predaje-u-seoskoj-skoli-fotorina-305x207.webp",305,207,true],"cvmm-portrait":["https:\/\/amppress.rs\/wp-content\/uploads\/2025\/02\/novo-blurovano-516114002051574511657dve-decenije-predaje-u-seoskoj-skoli-fotorina-400x360.webp",400,360,true],"cvmm-medium-square":["https:\/\/amppress.rs\/wp-content\/uploads\/2025\/02\/novo-blurovano-516114002051574511657dve-decenije-predaje-u-seoskoj-skoli-fotorina-600x360.webp",600,360,true],"cvmm-large":["https:\/\/amppress.rs\/wp-content\/uploads\/2025\/02\/novo-blurovano-516114002051574511657dve-decenije-predaje-u-seoskoj-skoli-fotorina.webp",640,360,false],"cvmm-small":["https:\/\/amppress.rs\/wp-content\/uploads\/2025\/02\/novo-blurovano-516114002051574511657dve-decenije-predaje-u-seoskoj-skoli-fotorina-130x95.webp",130,95,true],"full":["https:\/\/amppress.rs\/wp-content\/uploads\/2025\/02\/novo-blurovano-516114002051574511657dve-decenije-predaje-u-seoskoj-skoli-fotorina.webp",640,360,false]},"_links":{"self":[{"href":"https:\/\/amppress.rs\/index.php\/wp-json\/wp\/v2\/posts\/7482","targetHints":{"allow":["GET"]}}],"collection":[{"href":"https:\/\/amppress.rs\/index.php\/wp-json\/wp\/v2\/posts"}],"about":[{"href":"https:\/\/amppress.rs\/index.php\/wp-json\/wp\/v2\/types\/post"}],"author":[{"embeddable":true,"href":"https:\/\/amppress.rs\/index.php\/wp-json\/wp\/v2\/users\/1"}],"replies":[{"embeddable":true,"href":"https:\/\/amppress.rs\/index.php\/wp-json\/wp\/v2\/comments?post=7482"}],"version-history":[{"count":2,"href":"https:\/\/amppress.rs\/index.php\/wp-json\/wp\/v2\/posts\/7482\/revisions"}],"predecessor-version":[{"id":7485,"href":"https:\/\/amppress.rs\/index.php\/wp-json\/wp\/v2\/posts\/7482\/revisions\/7485"}],"wp:featuredmedia":[{"embeddable":true,"href":"https:\/\/amppress.rs\/index.php\/wp-json\/wp\/v2\/media\/7484"}],"wp:attachment":[{"href":"https:\/\/amppress.rs\/index.php\/wp-json\/wp\/v2\/media?parent=7482"}],"wp:term":[{"taxonomy":"category","embeddable":true,"href":"https:\/\/amppress.rs\/index.php\/wp-json\/wp\/v2\/categories?post=7482"},{"taxonomy":"post_tag","embeddable":true,"href":"https:\/\/amppress.rs\/index.php\/wp-json\/wp\/v2\/tags?post=7482"}],"curies":[{"name":"wp","href":"https:\/\/api.w.org\/{rel}","templated":true}]}}