{"id":7261,"date":"2025-02-02T15:38:32","date_gmt":"2025-02-02T14:38:32","guid":{"rendered":"https:\/\/amppress.rs\/?p=7261"},"modified":"2025-02-03T08:49:09","modified_gmt":"2025-02-03T07:49:09","slug":"oglasio-se-predsednik-vucic-nakon-protesta-u-novom-sadu-ocuvali-smo-mir-niko-sa-strane-nam-nece-nametati-vladu","status":"publish","type":"post","link":"https:\/\/amppress.rs\/index.php\/2025\/02\/02\/oglasio-se-predsednik-vucic-nakon-protesta-u-novom-sadu-ocuvali-smo-mir-niko-sa-strane-nam-nece-nametati-vladu\/","title":{"rendered":"Oglasio se predsednik Vu\u010di\u0107 nakon protesta u Novom Sadu &#8211; o\u010duvali smo mir, niko sa strane nam ne\u0107e nametati Vladu"},"content":{"rendered":{},"protected":false},"excerpt":{"rendered":"<p>Predsednik Srbije Aleksandar Vu\u010di\u0107 oglasio se na svom nalogu na Instagramu i uputio poruku gra\u0111anima&#8230;<\/p>\n","protected":false},"author":1,"featured_media":7262,"comment_status":"open","ping_status":"open","sticky":false,"template":"","format":"standard","meta":{"_acf_changed":false,"footnotes":""},"categories":[7],"tags":[1827,1950,1794,1667,434],"class_list":["post-7261","post","type-post","status-publish","format-standard","has-post-thumbnail","hentry","category-vesti-news","tag-mir","tag-novi-sad","tag-predsednik","tag-protest","tag-vucic"],"acf":[],"featured_image_urls":{"full":["https:\/\/amppress.rs\/wp-content\/uploads\/2025\/02\/vucic20gzs.webp",640,405,false],"thumbnail":["https:\/\/amppress.rs\/wp-content\/uploads\/2025\/02\/vucic20gzs-150x150.webp",150,150,true],"medium":["https:\/\/amppress.rs\/wp-content\/uploads\/2025\/02\/vucic20gzs-300x190.webp",300,190,true],"medium_large":["https:\/\/amppress.rs\/wp-content\/uploads\/2025\/02\/vucic20gzs.webp",640,405,false],"large":["https:\/\/amppress.rs\/wp-content\/uploads\/2025\/02\/vucic20gzs.webp",640,405,false],"1536x1536":["https:\/\/amppress.rs\/wp-content\/uploads\/2025\/02\/vucic20gzs.webp",640,405,false],"2048x2048":["https:\/\/amppress.rs\/wp-content\/uploads\/2025\/02\/vucic20gzs.webp",640,405,false],"cvmm-medium":["https:\/\/amppress.rs\/wp-content\/uploads\/2025\/02\/vucic20gzs-300x300.webp",300,300,true],"cvmm-medium-plus":["https:\/\/amppress.rs\/wp-content\/uploads\/2025\/02\/vucic20gzs-305x207.webp",305,207,true],"cvmm-portrait":["https:\/\/amppress.rs\/wp-content\/uploads\/2025\/02\/vucic20gzs-400x405.webp",400,405,true],"cvmm-medium-square":["https:\/\/amppress.rs\/wp-content\/uploads\/2025\/02\/vucic20gzs-600x405.webp",600,405,true],"cvmm-large":["https:\/\/amppress.rs\/wp-content\/uploads\/2025\/02\/vucic20gzs.webp",640,405,false],"cvmm-small":["https:\/\/amppress.rs\/wp-content\/uploads\/2025\/02\/vucic20gzs-130x95.webp",130,95,true],"newsever-slider-full":["https:\/\/amppress.rs\/wp-content\/uploads\/2025\/02\/vucic20gzs.webp",640,405,false],"newsever-featured":["https:\/\/amppress.rs\/wp-content\/uploads\/2025\/02\/vucic20gzs.webp",640,405,false],"newsever-medium":["https:\/\/amppress.rs\/wp-content\/uploads\/2025\/02\/vucic20gzs.webp",640,405,false]},"author_info":{"display_name":"\u0410\u041c\u041f \u041f\u0420\u0415\u0421\u0421","author_link":"https:\/\/amppress.rs\/index.php\/author\/eduka\/"},"category_info":"<a href=\"https:\/\/amppress.rs\/index.php\/category\/news\/vesti-news\/\" rel=\"category tag\">Vesti<\/a>","tag_info":"Vesti","comment_count":"0","blog_post_layout_featured_media_urls":{"thumbnail":["https:\/\/amppress.rs\/wp-content\/uploads\/2025\/02\/vucic20gzs-150x150.webp",150,150,true],"full":["https:\/\/amppress.rs\/wp-content\/uploads\/2025\/02\/vucic20gzs.webp",640,405,false]},"categories_names":{"7":{"name":"Vesti","link":"https:\/\/amppress.rs\/index.php\/category\/news\/vesti-news\/"}},"tags_names":{"1827":{"name":"mir","link":"https:\/\/amppress.rs\/index.php\/tag\/mir\/"},"1950":{"name":"novi sad","link":"https:\/\/amppress.rs\/index.php\/tag\/novi-sad\/"},"1794":{"name":"predsednik","link":"https:\/\/amppress.rs\/index.php\/tag\/predsednik\/"},"1667":{"name":"protest","link":"https:\/\/amppress.rs\/index.php\/tag\/protest\/"},"434":{"name":"vu\u010di\u0107","link":"https:\/\/amppress.rs\/index.php\/tag\/vucic\/"}},"comments_number":"0","wpmagazine_modules_featured_media_urls":{"thumbnail":["https:\/\/amppress.rs\/wp-content\/uploads\/2025\/02\/vucic20gzs-150x150.webp",150,150,true],"cvmm-medium":["https:\/\/amppress.rs\/wp-content\/uploads\/2025\/02\/vucic20gzs-300x300.webp",300,300,true],"cvmm-medium-plus":["https:\/\/amppress.rs\/wp-content\/uploads\/2025\/02\/vucic20gzs-305x207.webp",305,207,true],"cvmm-portrait":["https:\/\/amppress.rs\/wp-content\/uploads\/2025\/02\/vucic20gzs-400x405.webp",400,405,true],"cvmm-medium-square":["https:\/\/amppress.rs\/wp-content\/uploads\/2025\/02\/vucic20gzs-600x405.webp",600,405,true],"cvmm-large":["https:\/\/amppress.rs\/wp-content\/uploads\/2025\/02\/vucic20gzs.webp",640,405,false],"cvmm-small":["https:\/\/amppress.rs\/wp-content\/uploads\/2025\/02\/vucic20gzs-130x95.webp",130,95,true],"full":["https:\/\/amppress.rs\/wp-content\/uploads\/2025\/02\/vucic20gzs.webp",640,405,false]},"_links":{"self":[{"href":"https:\/\/amppress.rs\/index.php\/wp-json\/wp\/v2\/posts\/7261","targetHints":{"allow":["GET"]}}],"collection":[{"href":"https:\/\/amppress.rs\/index.php\/wp-json\/wp\/v2\/posts"}],"about":[{"href":"https:\/\/amppress.rs\/index.php\/wp-json\/wp\/v2\/types\/post"}],"author":[{"embeddable":true,"href":"https:\/\/amppress.rs\/index.php\/wp-json\/wp\/v2\/users\/1"}],"replies":[{"embeddable":true,"href":"https:\/\/amppress.rs\/index.php\/wp-json\/wp\/v2\/comments?post=7261"}],"version-history":[{"count":1,"href":"https:\/\/amppress.rs\/index.php\/wp-json\/wp\/v2\/posts\/7261\/revisions"}],"predecessor-version":[{"id":7263,"href":"https:\/\/amppress.rs\/index.php\/wp-json\/wp\/v2\/posts\/7261\/revisions\/7263"}],"wp:featuredmedia":[{"embeddable":true,"href":"https:\/\/amppress.rs\/index.php\/wp-json\/wp\/v2\/media\/7262"}],"wp:attachment":[{"href":"https:\/\/amppress.rs\/index.php\/wp-json\/wp\/v2\/media?parent=7261"}],"wp:term":[{"taxonomy":"category","embeddable":true,"href":"https:\/\/amppress.rs\/index.php\/wp-json\/wp\/v2\/categories?post=7261"},{"taxonomy":"post_tag","embeddable":true,"href":"https:\/\/amppress.rs\/index.php\/wp-json\/wp\/v2\/tags?post=7261"}],"curies":[{"name":"wp","href":"https:\/\/api.w.org\/{rel}","templated":true}]}}