{"id":7196,"date":"2025-01-30T08:36:30","date_gmt":"2025-01-30T07:36:30","guid":{"rendered":"https:\/\/amppress.rs\/?p=7196"},"modified":"2025-01-30T08:36:30","modified_gmt":"2025-01-30T07:36:30","slug":"stize-sveziji-vazduh-kraj-prolecnim-temperaturama","status":"publish","type":"post","link":"https:\/\/amppress.rs\/index.php\/2025\/01\/30\/stize-sveziji-vazduh-kraj-prolecnim-temperaturama\/","title":{"rendered":"Sti\u017ee sve\u017eiji vazduh, kraj prole\u0107nim temperaturama"},"content":{"rendered":{},"protected":false},"excerpt":{"rendered":"<p>Kraj januara do\u010dekuje se uz postepeno sve\u017eije vreme, najavaljuju meteorolozi. Ki\u0161e \u0107e oko podneva biti&#8230;<\/p>\n","protected":false},"author":1,"featured_media":7197,"comment_status":"open","ping_status":"open","sticky":false,"template":"","format":"standard","meta":{"_acf_changed":false,"footnotes":""},"categories":[7],"tags":[1908,499],"class_list":["post-7196","post","type-post","status-publish","format-standard","has-post-thumbnail","hentry","category-vesti-news","tag-prolecne-temperature","tag-vreme"],"acf":[],"featured_image_urls":{"full":["https:\/\/amppress.rs\/wp-content\/uploads\/2025\/01\/Vremenska_prognoza_foto_b_lukic_gzs.webp",640,296,false],"thumbnail":["https:\/\/amppress.rs\/wp-content\/uploads\/2025\/01\/Vremenska_prognoza_foto_b_lukic_gzs-150x150.webp",150,150,true],"medium":["https:\/\/amppress.rs\/wp-content\/uploads\/2025\/01\/Vremenska_prognoza_foto_b_lukic_gzs-300x139.webp",300,139,true],"medium_large":["https:\/\/amppress.rs\/wp-content\/uploads\/2025\/01\/Vremenska_prognoza_foto_b_lukic_gzs.webp",640,296,false],"large":["https:\/\/amppress.rs\/wp-content\/uploads\/2025\/01\/Vremenska_prognoza_foto_b_lukic_gzs.webp",640,296,false],"1536x1536":["https:\/\/amppress.rs\/wp-content\/uploads\/2025\/01\/Vremenska_prognoza_foto_b_lukic_gzs.webp",640,296,false],"2048x2048":["https:\/\/amppress.rs\/wp-content\/uploads\/2025\/01\/Vremenska_prognoza_foto_b_lukic_gzs.webp",640,296,false],"cvmm-medium":["https:\/\/amppress.rs\/wp-content\/uploads\/2025\/01\/Vremenska_prognoza_foto_b_lukic_gzs-300x296.webp",300,296,true],"cvmm-medium-plus":["https:\/\/amppress.rs\/wp-content\/uploads\/2025\/01\/Vremenska_prognoza_foto_b_lukic_gzs-305x207.webp",305,207,true],"cvmm-portrait":["https:\/\/amppress.rs\/wp-content\/uploads\/2025\/01\/Vremenska_prognoza_foto_b_lukic_gzs-400x296.webp",400,296,true],"cvmm-medium-square":["https:\/\/amppress.rs\/wp-content\/uploads\/2025\/01\/Vremenska_prognoza_foto_b_lukic_gzs-600x296.webp",600,296,true],"cvmm-large":["https:\/\/amppress.rs\/wp-content\/uploads\/2025\/01\/Vremenska_prognoza_foto_b_lukic_gzs.webp",640,296,false],"cvmm-small":["https:\/\/amppress.rs\/wp-content\/uploads\/2025\/01\/Vremenska_prognoza_foto_b_lukic_gzs-130x95.webp",130,95,true],"newsever-slider-full":["https:\/\/amppress.rs\/wp-content\/uploads\/2025\/01\/Vremenska_prognoza_foto_b_lukic_gzs.webp",640,296,false],"newsever-featured":["https:\/\/amppress.rs\/wp-content\/uploads\/2025\/01\/Vremenska_prognoza_foto_b_lukic_gzs.webp",640,296,false],"newsever-medium":["https:\/\/amppress.rs\/wp-content\/uploads\/2025\/01\/Vremenska_prognoza_foto_b_lukic_gzs.webp",640,296,false]},"author_info":{"display_name":"\u0410\u041c\u041f \u041f\u0420\u0415\u0421\u0421","author_link":"https:\/\/amppress.rs\/index.php\/author\/eduka\/"},"category_info":"<a href=\"https:\/\/amppress.rs\/index.php\/category\/news\/vesti-news\/\" rel=\"category tag\">Vesti<\/a>","tag_info":"Vesti","comment_count":"0","blog_post_layout_featured_media_urls":{"thumbnail":["https:\/\/amppress.rs\/wp-content\/uploads\/2025\/01\/Vremenska_prognoza_foto_b_lukic_gzs-150x150.webp",150,150,true],"full":["https:\/\/amppress.rs\/wp-content\/uploads\/2025\/01\/Vremenska_prognoza_foto_b_lukic_gzs.webp",640,296,false]},"categories_names":{"7":{"name":"Vesti","link":"https:\/\/amppress.rs\/index.php\/category\/news\/vesti-news\/"}},"tags_names":{"1908":{"name":"prole\u0107ne temperature","link":"https:\/\/amppress.rs\/index.php\/tag\/prolecne-temperature\/"},"499":{"name":"VREME","link":"https:\/\/amppress.rs\/index.php\/tag\/vreme\/"}},"comments_number":"0","wpmagazine_modules_featured_media_urls":{"thumbnail":["https:\/\/amppress.rs\/wp-content\/uploads\/2025\/01\/Vremenska_prognoza_foto_b_lukic_gzs-150x150.webp",150,150,true],"cvmm-medium":["https:\/\/amppress.rs\/wp-content\/uploads\/2025\/01\/Vremenska_prognoza_foto_b_lukic_gzs-300x296.webp",300,296,true],"cvmm-medium-plus":["https:\/\/amppress.rs\/wp-content\/uploads\/2025\/01\/Vremenska_prognoza_foto_b_lukic_gzs-305x207.webp",305,207,true],"cvmm-portrait":["https:\/\/amppress.rs\/wp-content\/uploads\/2025\/01\/Vremenska_prognoza_foto_b_lukic_gzs-400x296.webp",400,296,true],"cvmm-medium-square":["https:\/\/amppress.rs\/wp-content\/uploads\/2025\/01\/Vremenska_prognoza_foto_b_lukic_gzs-600x296.webp",600,296,true],"cvmm-large":["https:\/\/amppress.rs\/wp-content\/uploads\/2025\/01\/Vremenska_prognoza_foto_b_lukic_gzs.webp",640,296,false],"cvmm-small":["https:\/\/amppress.rs\/wp-content\/uploads\/2025\/01\/Vremenska_prognoza_foto_b_lukic_gzs-130x95.webp",130,95,true],"full":["https:\/\/amppress.rs\/wp-content\/uploads\/2025\/01\/Vremenska_prognoza_foto_b_lukic_gzs.webp",640,296,false]},"_links":{"self":[{"href":"https:\/\/amppress.rs\/index.php\/wp-json\/wp\/v2\/posts\/7196","targetHints":{"allow":["GET"]}}],"collection":[{"href":"https:\/\/amppress.rs\/index.php\/wp-json\/wp\/v2\/posts"}],"about":[{"href":"https:\/\/amppress.rs\/index.php\/wp-json\/wp\/v2\/types\/post"}],"author":[{"embeddable":true,"href":"https:\/\/amppress.rs\/index.php\/wp-json\/wp\/v2\/users\/1"}],"replies":[{"embeddable":true,"href":"https:\/\/amppress.rs\/index.php\/wp-json\/wp\/v2\/comments?post=7196"}],"version-history":[{"count":1,"href":"https:\/\/amppress.rs\/index.php\/wp-json\/wp\/v2\/posts\/7196\/revisions"}],"predecessor-version":[{"id":7198,"href":"https:\/\/amppress.rs\/index.php\/wp-json\/wp\/v2\/posts\/7196\/revisions\/7198"}],"wp:featuredmedia":[{"embeddable":true,"href":"https:\/\/amppress.rs\/index.php\/wp-json\/wp\/v2\/media\/7197"}],"wp:attachment":[{"href":"https:\/\/amppress.rs\/index.php\/wp-json\/wp\/v2\/media?parent=7196"}],"wp:term":[{"taxonomy":"category","embeddable":true,"href":"https:\/\/amppress.rs\/index.php\/wp-json\/wp\/v2\/categories?post=7196"},{"taxonomy":"post_tag","embeddable":true,"href":"https:\/\/amppress.rs\/index.php\/wp-json\/wp\/v2\/tags?post=7196"}],"curies":[{"name":"wp","href":"https:\/\/api.w.org\/{rel}","templated":true}]}}