{"id":6812,"date":"2025-01-09T08:02:32","date_gmt":"2025-01-09T07:02:32","guid":{"rendered":"https:\/\/amppress.rs\/?p=6812"},"modified":"2025-01-09T08:03:28","modified_gmt":"2025-01-09T07:03:28","slug":"danas-slavimo-svetog-stefana-treci-dan-bozica","status":"publish","type":"post","link":"https:\/\/amppress.rs\/index.php\/2025\/01\/09\/danas-slavimo-svetog-stefana-treci-dan-bozica\/","title":{"rendered":"Danas slavimo Svetog Stefana, tre\u0107i dan Bo\u017ei\u0107a"},"content":{"rendered":{},"protected":false},"excerpt":{"rendered":"<p>Srpska pravoslavna crkva danas, tre\u0107eg dana Bo\u017ei\u0107a, slavi Svetog prvomu\u010denika i arhi\u0111akona Stefana, koji je&#8230;<\/p>\n","protected":false},"author":1,"featured_media":2788,"comment_status":"open","ping_status":"open","sticky":false,"template":"","format":"standard","meta":{"_acf_changed":false,"footnotes":""},"categories":[7],"tags":[263,1798,1329,114],"class_list":["post-6812","post","type-post","status-publish","format-standard","has-post-thumbnail","hentry","category-vesti-news","tag-crkva","tag-treci-dan-bozica","tag-vest","tag-slava"],"acf":[],"featured_image_urls":{"full":["https:\/\/amppress.rs\/wp-content\/uploads\/2023\/06\/Crkva-u-Ljubicu-GZS.jpg",800,468,false],"thumbnail":["https:\/\/amppress.rs\/wp-content\/uploads\/2023\/06\/Crkva-u-Ljubicu-GZS-150x150.jpg",150,150,true],"medium":["https:\/\/amppress.rs\/wp-content\/uploads\/2023\/06\/Crkva-u-Ljubicu-GZS-300x176.jpg",300,176,true],"medium_large":["https:\/\/amppress.rs\/wp-content\/uploads\/2023\/06\/Crkva-u-Ljubicu-GZS-768x449.jpg",640,374,true],"large":["https:\/\/amppress.rs\/wp-content\/uploads\/2023\/06\/Crkva-u-Ljubicu-GZS.jpg",640,374,false],"1536x1536":["https:\/\/amppress.rs\/wp-content\/uploads\/2023\/06\/Crkva-u-Ljubicu-GZS.jpg",800,468,false],"2048x2048":["https:\/\/amppress.rs\/wp-content\/uploads\/2023\/06\/Crkva-u-Ljubicu-GZS.jpg",800,468,false],"cvmm-medium":["https:\/\/amppress.rs\/wp-content\/uploads\/2023\/06\/Crkva-u-Ljubicu-GZS-300x300.jpg",300,300,true],"cvmm-medium-plus":["https:\/\/amppress.rs\/wp-content\/uploads\/2023\/06\/Crkva-u-Ljubicu-GZS-305x207.jpg",305,207,true],"cvmm-portrait":["https:\/\/amppress.rs\/wp-content\/uploads\/2023\/06\/Crkva-u-Ljubicu-GZS-400x468.jpg",400,468,true],"cvmm-medium-square":["https:\/\/amppress.rs\/wp-content\/uploads\/2023\/06\/Crkva-u-Ljubicu-GZS-600x468.jpg",600,468,true],"cvmm-large":["https:\/\/amppress.rs\/wp-content\/uploads\/2023\/06\/Crkva-u-Ljubicu-GZS.jpg",800,468,false],"cvmm-small":["https:\/\/amppress.rs\/wp-content\/uploads\/2023\/06\/Crkva-u-Ljubicu-GZS-130x95.jpg",130,95,true],"newsever-slider-full":["https:\/\/amppress.rs\/wp-content\/uploads\/2023\/06\/Crkva-u-Ljubicu-GZS.jpg",800,468,false],"newsever-featured":["https:\/\/amppress.rs\/wp-content\/uploads\/2023\/06\/Crkva-u-Ljubicu-GZS.jpg",800,468,false],"newsever-medium":["https:\/\/amppress.rs\/wp-content\/uploads\/2023\/06\/Crkva-u-Ljubicu-GZS-720x468.jpg",720,468,true]},"author_info":{"display_name":"\u0410\u041c\u041f \u041f\u0420\u0415\u0421\u0421","author_link":"https:\/\/amppress.rs\/index.php\/author\/eduka\/"},"category_info":"<a href=\"https:\/\/amppress.rs\/index.php\/category\/news\/vesti-news\/\" rel=\"category tag\">Vesti<\/a>","tag_info":"Vesti","comment_count":"0","blog_post_layout_featured_media_urls":{"thumbnail":["https:\/\/amppress.rs\/wp-content\/uploads\/2023\/06\/Crkva-u-Ljubicu-GZS-150x150.jpg",150,150,true],"full":["https:\/\/amppress.rs\/wp-content\/uploads\/2023\/06\/Crkva-u-Ljubicu-GZS.jpg",800,468,false]},"categories_names":{"7":{"name":"Vesti","link":"https:\/\/amppress.rs\/index.php\/category\/news\/vesti-news\/"}},"tags_names":{"263":{"name":"CRKVA","link":"https:\/\/amppress.rs\/index.php\/tag\/crkva\/"},"1798":{"name":"tre\u0107i dan Bo\u017ei\u0107a","link":"https:\/\/amppress.rs\/index.php\/tag\/treci-dan-bozica\/"},"1329":{"name":"VEST","link":"https:\/\/amppress.rs\/index.php\/tag\/vest\/"},"114":{"name":"\u0421\u043b\u0430\u0432\u0430","link":"https:\/\/amppress.rs\/index.php\/tag\/slava\/"}},"comments_number":"0","wpmagazine_modules_featured_media_urls":{"thumbnail":["https:\/\/amppress.rs\/wp-content\/uploads\/2023\/06\/Crkva-u-Ljubicu-GZS-150x150.jpg",150,150,true],"cvmm-medium":["https:\/\/amppress.rs\/wp-content\/uploads\/2023\/06\/Crkva-u-Ljubicu-GZS-300x300.jpg",300,300,true],"cvmm-medium-plus":["https:\/\/amppress.rs\/wp-content\/uploads\/2023\/06\/Crkva-u-Ljubicu-GZS-305x207.jpg",305,207,true],"cvmm-portrait":["https:\/\/amppress.rs\/wp-content\/uploads\/2023\/06\/Crkva-u-Ljubicu-GZS-400x468.jpg",400,468,true],"cvmm-medium-square":["https:\/\/amppress.rs\/wp-content\/uploads\/2023\/06\/Crkva-u-Ljubicu-GZS-600x468.jpg",600,468,true],"cvmm-large":["https:\/\/amppress.rs\/wp-content\/uploads\/2023\/06\/Crkva-u-Ljubicu-GZS.jpg",800,468,false],"cvmm-small":["https:\/\/amppress.rs\/wp-content\/uploads\/2023\/06\/Crkva-u-Ljubicu-GZS-130x95.jpg",130,95,true],"full":["https:\/\/amppress.rs\/wp-content\/uploads\/2023\/06\/Crkva-u-Ljubicu-GZS.jpg",800,468,false]},"_links":{"self":[{"href":"https:\/\/amppress.rs\/index.php\/wp-json\/wp\/v2\/posts\/6812","targetHints":{"allow":["GET"]}}],"collection":[{"href":"https:\/\/amppress.rs\/index.php\/wp-json\/wp\/v2\/posts"}],"about":[{"href":"https:\/\/amppress.rs\/index.php\/wp-json\/wp\/v2\/types\/post"}],"author":[{"embeddable":true,"href":"https:\/\/amppress.rs\/index.php\/wp-json\/wp\/v2\/users\/1"}],"replies":[{"embeddable":true,"href":"https:\/\/amppress.rs\/index.php\/wp-json\/wp\/v2\/comments?post=6812"}],"version-history":[{"count":1,"href":"https:\/\/amppress.rs\/index.php\/wp-json\/wp\/v2\/posts\/6812\/revisions"}],"predecessor-version":[{"id":6813,"href":"https:\/\/amppress.rs\/index.php\/wp-json\/wp\/v2\/posts\/6812\/revisions\/6813"}],"wp:featuredmedia":[{"embeddable":true,"href":"https:\/\/amppress.rs\/index.php\/wp-json\/wp\/v2\/media\/2788"}],"wp:attachment":[{"href":"https:\/\/amppress.rs\/index.php\/wp-json\/wp\/v2\/media?parent=6812"}],"wp:term":[{"taxonomy":"category","embeddable":true,"href":"https:\/\/amppress.rs\/index.php\/wp-json\/wp\/v2\/categories?post=6812"},{"taxonomy":"post_tag","embeddable":true,"href":"https:\/\/amppress.rs\/index.php\/wp-json\/wp\/v2\/tags?post=6812"}],"curies":[{"name":"wp","href":"https:\/\/api.w.org\/{rel}","templated":true}]}}