{"id":5722,"date":"2024-09-28T16:38:54","date_gmt":"2024-09-28T14:38:54","guid":{"rendered":"https:\/\/amppress.rs\/?p=5722"},"modified":"2024-09-30T12:40:12","modified_gmt":"2024-09-30T10:40:12","slug":"mural-sa-likom-bore-djordjevica-oslikan-u-gornjem-milanovcu","status":"publish","type":"post","link":"https:\/\/amppress.rs\/index.php\/2024\/09\/28\/mural-sa-likom-bore-djordjevica-oslikan-u-gornjem-milanovcu\/","title":{"rendered":"Mural sa likom Bore \u0110or\u0111evi\u0107a oslikan u Gornjem Milanovcu"},"content":{"rendered":{},"protected":false},"excerpt":{"rendered":"<p>Velikan jugoslovenske rok scene, Bora \u0110or\u0111evi\u0107, preminuo je po\u010detkom septembra u Ljubljani nakon te\u0161ke bolesti&#8230;.<\/p>\n","protected":false},"author":1,"featured_media":5723,"comment_status":"open","ping_status":"open","sticky":false,"template":"","format":"standard","meta":{"_acf_changed":false,"footnotes":""},"categories":[772],"tags":[1370,288],"class_list":["post-5722","post","type-post","status-publish","format-standard","has-post-thumbnail","hentry","category-gornji-milanovac","tag-bora-corba","tag-mural"],"acf":[],"featured_image_urls":{"full":["https:\/\/amppress.rs\/wp-content\/uploads\/2024\/09\/1727523004043_1727519456_gornji-milanovac-mural-bora-djordjevic-fotorina_4.webp",640,426,false],"thumbnail":["https:\/\/amppress.rs\/wp-content\/uploads\/2024\/09\/1727523004043_1727519456_gornji-milanovac-mural-bora-djordjevic-fotorina_4-150x150.webp",150,150,true],"medium":["https:\/\/amppress.rs\/wp-content\/uploads\/2024\/09\/1727523004043_1727519456_gornji-milanovac-mural-bora-djordjevic-fotorina_4-300x200.webp",300,200,true],"medium_large":["https:\/\/amppress.rs\/wp-content\/uploads\/2024\/09\/1727523004043_1727519456_gornji-milanovac-mural-bora-djordjevic-fotorina_4.webp",640,426,false],"large":["https:\/\/amppress.rs\/wp-content\/uploads\/2024\/09\/1727523004043_1727519456_gornji-milanovac-mural-bora-djordjevic-fotorina_4.webp",640,426,false],"1536x1536":["https:\/\/amppress.rs\/wp-content\/uploads\/2024\/09\/1727523004043_1727519456_gornji-milanovac-mural-bora-djordjevic-fotorina_4.webp",640,426,false],"2048x2048":["https:\/\/amppress.rs\/wp-content\/uploads\/2024\/09\/1727523004043_1727519456_gornji-milanovac-mural-bora-djordjevic-fotorina_4.webp",640,426,false],"cvmm-medium":["https:\/\/amppress.rs\/wp-content\/uploads\/2024\/09\/1727523004043_1727519456_gornji-milanovac-mural-bora-djordjevic-fotorina_4-300x300.webp",300,300,true],"cvmm-medium-plus":["https:\/\/amppress.rs\/wp-content\/uploads\/2024\/09\/1727523004043_1727519456_gornji-milanovac-mural-bora-djordjevic-fotorina_4-305x207.webp",305,207,true],"cvmm-portrait":["https:\/\/amppress.rs\/wp-content\/uploads\/2024\/09\/1727523004043_1727519456_gornji-milanovac-mural-bora-djordjevic-fotorina_4-400x426.webp",400,426,true],"cvmm-medium-square":["https:\/\/amppress.rs\/wp-content\/uploads\/2024\/09\/1727523004043_1727519456_gornji-milanovac-mural-bora-djordjevic-fotorina_4-600x426.webp",600,426,true],"cvmm-large":["https:\/\/amppress.rs\/wp-content\/uploads\/2024\/09\/1727523004043_1727519456_gornji-milanovac-mural-bora-djordjevic-fotorina_4.webp",640,426,false],"cvmm-small":["https:\/\/amppress.rs\/wp-content\/uploads\/2024\/09\/1727523004043_1727519456_gornji-milanovac-mural-bora-djordjevic-fotorina_4-130x95.webp",130,95,true],"newsever-slider-full":["https:\/\/amppress.rs\/wp-content\/uploads\/2024\/09\/1727523004043_1727519456_gornji-milanovac-mural-bora-djordjevic-fotorina_4.webp",640,426,false],"newsever-featured":["https:\/\/amppress.rs\/wp-content\/uploads\/2024\/09\/1727523004043_1727519456_gornji-milanovac-mural-bora-djordjevic-fotorina_4.webp",640,426,false],"newsever-medium":["https:\/\/amppress.rs\/wp-content\/uploads\/2024\/09\/1727523004043_1727519456_gornji-milanovac-mural-bora-djordjevic-fotorina_4.webp",640,426,false]},"author_info":{"display_name":"\u0410\u041c\u041f \u041f\u0420\u0415\u0421\u0421","author_link":"https:\/\/amppress.rs\/index.php\/author\/eduka\/"},"category_info":"<a href=\"https:\/\/amppress.rs\/index.php\/category\/gornji-milanovac\/\" rel=\"category tag\">Gornji Milanovac<\/a>","tag_info":"Gornji Milanovac","comment_count":"0","blog_post_layout_featured_media_urls":{"thumbnail":["https:\/\/amppress.rs\/wp-content\/uploads\/2024\/09\/1727523004043_1727519456_gornji-milanovac-mural-bora-djordjevic-fotorina_4-150x150.webp",150,150,true],"full":["https:\/\/amppress.rs\/wp-content\/uploads\/2024\/09\/1727523004043_1727519456_gornji-milanovac-mural-bora-djordjevic-fotorina_4.webp",640,426,false]},"categories_names":{"772":{"name":"Gornji Milanovac","link":"https:\/\/amppress.rs\/index.php\/category\/gornji-milanovac\/"}},"tags_names":{"1370":{"name":"Bora \u010corba","link":"https:\/\/amppress.rs\/index.php\/tag\/bora-corba\/"},"288":{"name":"MURAL","link":"https:\/\/amppress.rs\/index.php\/tag\/mural\/"}},"comments_number":"0","wpmagazine_modules_featured_media_urls":{"thumbnail":["https:\/\/amppress.rs\/wp-content\/uploads\/2024\/09\/1727523004043_1727519456_gornji-milanovac-mural-bora-djordjevic-fotorina_4-150x150.webp",150,150,true],"cvmm-medium":["https:\/\/amppress.rs\/wp-content\/uploads\/2024\/09\/1727523004043_1727519456_gornji-milanovac-mural-bora-djordjevic-fotorina_4-300x300.webp",300,300,true],"cvmm-medium-plus":["https:\/\/amppress.rs\/wp-content\/uploads\/2024\/09\/1727523004043_1727519456_gornji-milanovac-mural-bora-djordjevic-fotorina_4-305x207.webp",305,207,true],"cvmm-portrait":["https:\/\/amppress.rs\/wp-content\/uploads\/2024\/09\/1727523004043_1727519456_gornji-milanovac-mural-bora-djordjevic-fotorina_4-400x426.webp",400,426,true],"cvmm-medium-square":["https:\/\/amppress.rs\/wp-content\/uploads\/2024\/09\/1727523004043_1727519456_gornji-milanovac-mural-bora-djordjevic-fotorina_4-600x426.webp",600,426,true],"cvmm-large":["https:\/\/amppress.rs\/wp-content\/uploads\/2024\/09\/1727523004043_1727519456_gornji-milanovac-mural-bora-djordjevic-fotorina_4.webp",640,426,false],"cvmm-small":["https:\/\/amppress.rs\/wp-content\/uploads\/2024\/09\/1727523004043_1727519456_gornji-milanovac-mural-bora-djordjevic-fotorina_4-130x95.webp",130,95,true],"full":["https:\/\/amppress.rs\/wp-content\/uploads\/2024\/09\/1727523004043_1727519456_gornji-milanovac-mural-bora-djordjevic-fotorina_4.webp",640,426,false]},"_links":{"self":[{"href":"https:\/\/amppress.rs\/index.php\/wp-json\/wp\/v2\/posts\/5722","targetHints":{"allow":["GET"]}}],"collection":[{"href":"https:\/\/amppress.rs\/index.php\/wp-json\/wp\/v2\/posts"}],"about":[{"href":"https:\/\/amppress.rs\/index.php\/wp-json\/wp\/v2\/types\/post"}],"author":[{"embeddable":true,"href":"https:\/\/amppress.rs\/index.php\/wp-json\/wp\/v2\/users\/1"}],"replies":[{"embeddable":true,"href":"https:\/\/amppress.rs\/index.php\/wp-json\/wp\/v2\/comments?post=5722"}],"version-history":[{"count":1,"href":"https:\/\/amppress.rs\/index.php\/wp-json\/wp\/v2\/posts\/5722\/revisions"}],"predecessor-version":[{"id":5724,"href":"https:\/\/amppress.rs\/index.php\/wp-json\/wp\/v2\/posts\/5722\/revisions\/5724"}],"wp:featuredmedia":[{"embeddable":true,"href":"https:\/\/amppress.rs\/index.php\/wp-json\/wp\/v2\/media\/5723"}],"wp:attachment":[{"href":"https:\/\/amppress.rs\/index.php\/wp-json\/wp\/v2\/media?parent=5722"}],"wp:term":[{"taxonomy":"category","embeddable":true,"href":"https:\/\/amppress.rs\/index.php\/wp-json\/wp\/v2\/categories?post=5722"},{"taxonomy":"post_tag","embeddable":true,"href":"https:\/\/amppress.rs\/index.php\/wp-json\/wp\/v2\/tags?post=5722"}],"curies":[{"name":"wp","href":"https:\/\/api.w.org\/{rel}","templated":true}]}}