{"id":5432,"date":"2024-08-06T13:02:01","date_gmt":"2024-08-06T12:02:01","guid":{"rendered":"https:\/\/amppress.rs\/?p=5432"},"modified":"2024-08-06T13:02:01","modified_gmt":"2024-08-06T12:02:01","slug":"gornji-milanovac-uskoro-bogatiji-za-nove-sportske-sadrzaje","status":"publish","type":"post","link":"https:\/\/amppress.rs\/index.php\/2024\/08\/06\/gornji-milanovac-uskoro-bogatiji-za-nove-sportske-sadrzaje\/","title":{"rendered":"Gornji Milanovac uskoro bogatiji za nove sportske sadr\u017eaje"},"content":{"rendered":{},"protected":false},"excerpt":{"rendered":"<p>Gornji Milanovac &#8211; Op\u0161tina Gornji Milanovac nedavno je od Ministarstva dr\u017eavne uprave i lokalne samouprave&#8230;<\/p>\n","protected":false},"author":1,"featured_media":5433,"comment_status":"open","ping_status":"open","sticky":false,"template":"","format":"standard","meta":{"_acf_changed":false,"footnotes":""},"categories":[772,66,67],"tags":[1328,442,1329,81,476],"class_list":["post-5432","post","type-post","status-publish","format-standard","has-post-thumbnail","hentry","category-gornji-milanovac","category-turizam","category-vesti","tag-dejan","tag-kovacevic","tag-vest","tag-gornji-milanovac","tag-sport"],"acf":[],"featured_image_urls":{"full":["https:\/\/amppress.rs\/wp-content\/uploads\/2024\/08\/milanovac-tereni6.jpg",800,643,false],"thumbnail":["https:\/\/amppress.rs\/wp-content\/uploads\/2024\/08\/milanovac-tereni6-150x150.jpg",150,150,true],"medium":["https:\/\/amppress.rs\/wp-content\/uploads\/2024\/08\/milanovac-tereni6-300x241.jpg",300,241,true],"medium_large":["https:\/\/amppress.rs\/wp-content\/uploads\/2024\/08\/milanovac-tereni6-768x617.jpg",640,514,true],"large":["https:\/\/amppress.rs\/wp-content\/uploads\/2024\/08\/milanovac-tereni6.jpg",640,514,false],"1536x1536":["https:\/\/amppress.rs\/wp-content\/uploads\/2024\/08\/milanovac-tereni6.jpg",800,643,false],"2048x2048":["https:\/\/amppress.rs\/wp-content\/uploads\/2024\/08\/milanovac-tereni6.jpg",800,643,false],"cvmm-medium":["https:\/\/amppress.rs\/wp-content\/uploads\/2024\/08\/milanovac-tereni6-300x300.jpg",300,300,true],"cvmm-medium-plus":["https:\/\/amppress.rs\/wp-content\/uploads\/2024\/08\/milanovac-tereni6-305x207.jpg",305,207,true],"cvmm-portrait":["https:\/\/amppress.rs\/wp-content\/uploads\/2024\/08\/milanovac-tereni6-400x600.jpg",400,600,true],"cvmm-medium-square":["https:\/\/amppress.rs\/wp-content\/uploads\/2024\/08\/milanovac-tereni6-600x600.jpg",600,600,true],"cvmm-large":["https:\/\/amppress.rs\/wp-content\/uploads\/2024\/08\/milanovac-tereni6.jpg",800,643,false],"cvmm-small":["https:\/\/amppress.rs\/wp-content\/uploads\/2024\/08\/milanovac-tereni6-130x95.jpg",130,95,true],"newsever-slider-full":["https:\/\/amppress.rs\/wp-content\/uploads\/2024\/08\/milanovac-tereni6.jpg",800,643,false],"newsever-featured":["https:\/\/amppress.rs\/wp-content\/uploads\/2024\/08\/milanovac-tereni6.jpg",800,643,false],"newsever-medium":["https:\/\/amppress.rs\/wp-content\/uploads\/2024\/08\/milanovac-tereni6-720x475.jpg",720,475,true]},"author_info":{"display_name":"\u0410\u041c\u041f \u041f\u0420\u0415\u0421\u0421","author_link":"https:\/\/amppress.rs\/index.php\/author\/eduka\/"},"category_info":"<a href=\"https:\/\/amppress.rs\/index.php\/category\/gornji-milanovac\/\" rel=\"category tag\">Gornji Milanovac<\/a> <a href=\"https:\/\/amppress.rs\/index.php\/category\/turizam\/\" rel=\"category tag\">Turizam<\/a> <a href=\"https:\/\/amppress.rs\/index.php\/category\/vesti\/\" rel=\"category tag\">Vesti<\/a>","tag_info":"Vesti","comment_count":"0","blog_post_layout_featured_media_urls":{"thumbnail":["https:\/\/amppress.rs\/wp-content\/uploads\/2024\/08\/milanovac-tereni6-150x150.jpg",150,150,true],"full":["https:\/\/amppress.rs\/wp-content\/uploads\/2024\/08\/milanovac-tereni6.jpg",800,643,false]},"categories_names":{"772":{"name":"Gornji Milanovac","link":"https:\/\/amppress.rs\/index.php\/category\/gornji-milanovac\/"},"66":{"name":"Turizam","link":"https:\/\/amppress.rs\/index.php\/category\/turizam\/"},"67":{"name":"Vesti","link":"https:\/\/amppress.rs\/index.php\/category\/vesti\/"}},"tags_names":{"1328":{"name":"DEJAN","link":"https:\/\/amppress.rs\/index.php\/tag\/dejan\/"},"442":{"name":"KOVACEVIC","link":"https:\/\/amppress.rs\/index.php\/tag\/kovacevic\/"},"1329":{"name":"VEST","link":"https:\/\/amppress.rs\/index.php\/tag\/vest\/"},"81":{"name":"\u0413\u043e\u0440\u045a\u0438 \u041c\u0438\u043b\u0430\u043d\u043e\u0432\u0430\u0446","link":"https:\/\/amppress.rs\/index.php\/tag\/gornji-milanovac\/"},"476":{"name":"\u0421\u041f\u041e\u0420\u0422","link":"https:\/\/amppress.rs\/index.php\/tag\/sport\/"}},"comments_number":"0","wpmagazine_modules_featured_media_urls":{"thumbnail":["https:\/\/amppress.rs\/wp-content\/uploads\/2024\/08\/milanovac-tereni6-150x150.jpg",150,150,true],"cvmm-medium":["https:\/\/amppress.rs\/wp-content\/uploads\/2024\/08\/milanovac-tereni6-300x300.jpg",300,300,true],"cvmm-medium-plus":["https:\/\/amppress.rs\/wp-content\/uploads\/2024\/08\/milanovac-tereni6-305x207.jpg",305,207,true],"cvmm-portrait":["https:\/\/amppress.rs\/wp-content\/uploads\/2024\/08\/milanovac-tereni6-400x600.jpg",400,600,true],"cvmm-medium-square":["https:\/\/amppress.rs\/wp-content\/uploads\/2024\/08\/milanovac-tereni6-600x600.jpg",600,600,true],"cvmm-large":["https:\/\/amppress.rs\/wp-content\/uploads\/2024\/08\/milanovac-tereni6.jpg",800,643,false],"cvmm-small":["https:\/\/amppress.rs\/wp-content\/uploads\/2024\/08\/milanovac-tereni6-130x95.jpg",130,95,true],"full":["https:\/\/amppress.rs\/wp-content\/uploads\/2024\/08\/milanovac-tereni6.jpg",800,643,false]},"_links":{"self":[{"href":"https:\/\/amppress.rs\/index.php\/wp-json\/wp\/v2\/posts\/5432","targetHints":{"allow":["GET"]}}],"collection":[{"href":"https:\/\/amppress.rs\/index.php\/wp-json\/wp\/v2\/posts"}],"about":[{"href":"https:\/\/amppress.rs\/index.php\/wp-json\/wp\/v2\/types\/post"}],"author":[{"embeddable":true,"href":"https:\/\/amppress.rs\/index.php\/wp-json\/wp\/v2\/users\/1"}],"replies":[{"embeddable":true,"href":"https:\/\/amppress.rs\/index.php\/wp-json\/wp\/v2\/comments?post=5432"}],"version-history":[{"count":1,"href":"https:\/\/amppress.rs\/index.php\/wp-json\/wp\/v2\/posts\/5432\/revisions"}],"predecessor-version":[{"id":5434,"href":"https:\/\/amppress.rs\/index.php\/wp-json\/wp\/v2\/posts\/5432\/revisions\/5434"}],"wp:featuredmedia":[{"embeddable":true,"href":"https:\/\/amppress.rs\/index.php\/wp-json\/wp\/v2\/media\/5433"}],"wp:attachment":[{"href":"https:\/\/amppress.rs\/index.php\/wp-json\/wp\/v2\/media?parent=5432"}],"wp:term":[{"taxonomy":"category","embeddable":true,"href":"https:\/\/amppress.rs\/index.php\/wp-json\/wp\/v2\/categories?post=5432"},{"taxonomy":"post_tag","embeddable":true,"href":"https:\/\/amppress.rs\/index.php\/wp-json\/wp\/v2\/tags?post=5432"}],"curies":[{"name":"wp","href":"https:\/\/api.w.org\/{rel}","templated":true}]}}