{"id":5213,"date":"2024-07-17T08:57:06","date_gmt":"2024-07-17T07:57:06","guid":{"rendered":"https:\/\/amppress.rs\/?p=5213"},"modified":"2024-07-17T08:57:06","modified_gmt":"2024-07-17T07:57:06","slug":"medjunarodni-festival-folklora-etnofest-planeta-u-malom","status":"publish","type":"post","link":"https:\/\/amppress.rs\/index.php\/2024\/07\/17\/medjunarodni-festival-folklora-etnofest-planeta-u-malom\/","title":{"rendered":"Me\u0111unarodni festival folklora \u201eEtnoFest\u201d &#8211; Planeta u malom"},"content":{"rendered":{},"protected":false},"excerpt":{"rendered":"<p>\u010ca\u010dak \u0107e i ove godine, po osmi put, postati sredi\u0161te svetskog folklora i tradicije. Me\u0111unarodni&#8230;<\/p>\n","protected":false},"author":1,"featured_media":5214,"comment_status":"open","ping_status":"open","sticky":false,"template":"","format":"standard","meta":{"_acf_changed":false,"footnotes":""},"categories":[766,65],"tags":[1270,157,1271,1147],"class_list":["post-5213","post","type-post","status-publish","format-standard","has-post-thumbnail","hentry","category-cacak","category-manifestacije","tag-etno-fest","tag-folklor","tag-medjunarodni-festival","tag-tradicija"],"acf":[],"featured_image_urls":{"full":["https:\/\/amppress.rs\/wp-content\/uploads\/2024\/07\/viber_image_2022-07-24_10-17-09-224-etnofest-slika2.jpg",800,534,false],"thumbnail":["https:\/\/amppress.rs\/wp-content\/uploads\/2024\/07\/viber_image_2022-07-24_10-17-09-224-etnofest-slika2-150x150.jpg",150,150,true],"medium":["https:\/\/amppress.rs\/wp-content\/uploads\/2024\/07\/viber_image_2022-07-24_10-17-09-224-etnofest-slika2-300x200.jpg",300,200,true],"medium_large":["https:\/\/amppress.rs\/wp-content\/uploads\/2024\/07\/viber_image_2022-07-24_10-17-09-224-etnofest-slika2-768x513.jpg",640,428,true],"large":["https:\/\/amppress.rs\/wp-content\/uploads\/2024\/07\/viber_image_2022-07-24_10-17-09-224-etnofest-slika2.jpg",640,427,false],"1536x1536":["https:\/\/amppress.rs\/wp-content\/uploads\/2024\/07\/viber_image_2022-07-24_10-17-09-224-etnofest-slika2.jpg",800,534,false],"2048x2048":["https:\/\/amppress.rs\/wp-content\/uploads\/2024\/07\/viber_image_2022-07-24_10-17-09-224-etnofest-slika2.jpg",800,534,false],"cvmm-medium":["https:\/\/amppress.rs\/wp-content\/uploads\/2024\/07\/viber_image_2022-07-24_10-17-09-224-etnofest-slika2-300x300.jpg",300,300,true],"cvmm-medium-plus":["https:\/\/amppress.rs\/wp-content\/uploads\/2024\/07\/viber_image_2022-07-24_10-17-09-224-etnofest-slika2-305x207.jpg",305,207,true],"cvmm-portrait":["https:\/\/amppress.rs\/wp-content\/uploads\/2024\/07\/viber_image_2022-07-24_10-17-09-224-etnofest-slika2-400x534.jpg",400,534,true],"cvmm-medium-square":["https:\/\/amppress.rs\/wp-content\/uploads\/2024\/07\/viber_image_2022-07-24_10-17-09-224-etnofest-slika2-600x534.jpg",600,534,true],"cvmm-large":["https:\/\/amppress.rs\/wp-content\/uploads\/2024\/07\/viber_image_2022-07-24_10-17-09-224-etnofest-slika2.jpg",800,534,false],"cvmm-small":["https:\/\/amppress.rs\/wp-content\/uploads\/2024\/07\/viber_image_2022-07-24_10-17-09-224-etnofest-slika2-130x95.jpg",130,95,true],"newsever-slider-full":["https:\/\/amppress.rs\/wp-content\/uploads\/2024\/07\/viber_image_2022-07-24_10-17-09-224-etnofest-slika2.jpg",800,534,false],"newsever-featured":["https:\/\/amppress.rs\/wp-content\/uploads\/2024\/07\/viber_image_2022-07-24_10-17-09-224-etnofest-slika2.jpg",800,534,false],"newsever-medium":["https:\/\/amppress.rs\/wp-content\/uploads\/2024\/07\/viber_image_2022-07-24_10-17-09-224-etnofest-slika2-720x475.jpg",720,475,true]},"author_info":{"display_name":"\u0410\u041c\u041f \u041f\u0420\u0415\u0421\u0421","author_link":"https:\/\/amppress.rs\/index.php\/author\/eduka\/"},"category_info":"<a href=\"https:\/\/amppress.rs\/index.php\/category\/cacak\/\" rel=\"category tag\">\u010ca\u010dak<\/a> <a href=\"https:\/\/amppress.rs\/index.php\/category\/manifestacije\/\" rel=\"category tag\">\u041c\u0430\u043d\u0438\u0444\u0435\u0441\u0442\u0430\u0446\u0438\u0458\u0435<\/a>","tag_info":"\u041c\u0430\u043d\u0438\u0444\u0435\u0441\u0442\u0430\u0446\u0438\u0458\u0435","comment_count":"0","blog_post_layout_featured_media_urls":{"thumbnail":["https:\/\/amppress.rs\/wp-content\/uploads\/2024\/07\/viber_image_2022-07-24_10-17-09-224-etnofest-slika2-150x150.jpg",150,150,true],"full":["https:\/\/amppress.rs\/wp-content\/uploads\/2024\/07\/viber_image_2022-07-24_10-17-09-224-etnofest-slika2.jpg",800,534,false]},"categories_names":{"766":{"name":"\u010ca\u010dak","link":"https:\/\/amppress.rs\/index.php\/category\/cacak\/"},"65":{"name":"\u041c\u0430\u043d\u0438\u0444\u0435\u0441\u0442\u0430\u0446\u0438\u0458\u0435","link":"https:\/\/amppress.rs\/index.php\/category\/manifestacije\/"}},"tags_names":{"1270":{"name":"Etno Fest","link":"https:\/\/amppress.rs\/index.php\/tag\/etno-fest\/"},"157":{"name":"FOLKLOR","link":"https:\/\/amppress.rs\/index.php\/tag\/folklor\/"},"1271":{"name":"me\u0111unarodni festival","link":"https:\/\/amppress.rs\/index.php\/tag\/medjunarodni-festival\/"},"1147":{"name":"tradicija","link":"https:\/\/amppress.rs\/index.php\/tag\/tradicija\/"}},"comments_number":"0","wpmagazine_modules_featured_media_urls":{"thumbnail":["https:\/\/amppress.rs\/wp-content\/uploads\/2024\/07\/viber_image_2022-07-24_10-17-09-224-etnofest-slika2-150x150.jpg",150,150,true],"cvmm-medium":["https:\/\/amppress.rs\/wp-content\/uploads\/2024\/07\/viber_image_2022-07-24_10-17-09-224-etnofest-slika2-300x300.jpg",300,300,true],"cvmm-medium-plus":["https:\/\/amppress.rs\/wp-content\/uploads\/2024\/07\/viber_image_2022-07-24_10-17-09-224-etnofest-slika2-305x207.jpg",305,207,true],"cvmm-portrait":["https:\/\/amppress.rs\/wp-content\/uploads\/2024\/07\/viber_image_2022-07-24_10-17-09-224-etnofest-slika2-400x534.jpg",400,534,true],"cvmm-medium-square":["https:\/\/amppress.rs\/wp-content\/uploads\/2024\/07\/viber_image_2022-07-24_10-17-09-224-etnofest-slika2-600x534.jpg",600,534,true],"cvmm-large":["https:\/\/amppress.rs\/wp-content\/uploads\/2024\/07\/viber_image_2022-07-24_10-17-09-224-etnofest-slika2.jpg",800,534,false],"cvmm-small":["https:\/\/amppress.rs\/wp-content\/uploads\/2024\/07\/viber_image_2022-07-24_10-17-09-224-etnofest-slika2-130x95.jpg",130,95,true],"full":["https:\/\/amppress.rs\/wp-content\/uploads\/2024\/07\/viber_image_2022-07-24_10-17-09-224-etnofest-slika2.jpg",800,534,false]},"_links":{"self":[{"href":"https:\/\/amppress.rs\/index.php\/wp-json\/wp\/v2\/posts\/5213","targetHints":{"allow":["GET"]}}],"collection":[{"href":"https:\/\/amppress.rs\/index.php\/wp-json\/wp\/v2\/posts"}],"about":[{"href":"https:\/\/amppress.rs\/index.php\/wp-json\/wp\/v2\/types\/post"}],"author":[{"embeddable":true,"href":"https:\/\/amppress.rs\/index.php\/wp-json\/wp\/v2\/users\/1"}],"replies":[{"embeddable":true,"href":"https:\/\/amppress.rs\/index.php\/wp-json\/wp\/v2\/comments?post=5213"}],"version-history":[{"count":1,"href":"https:\/\/amppress.rs\/index.php\/wp-json\/wp\/v2\/posts\/5213\/revisions"}],"predecessor-version":[{"id":5215,"href":"https:\/\/amppress.rs\/index.php\/wp-json\/wp\/v2\/posts\/5213\/revisions\/5215"}],"wp:featuredmedia":[{"embeddable":true,"href":"https:\/\/amppress.rs\/index.php\/wp-json\/wp\/v2\/media\/5214"}],"wp:attachment":[{"href":"https:\/\/amppress.rs\/index.php\/wp-json\/wp\/v2\/media?parent=5213"}],"wp:term":[{"taxonomy":"category","embeddable":true,"href":"https:\/\/amppress.rs\/index.php\/wp-json\/wp\/v2\/categories?post=5213"},{"taxonomy":"post_tag","embeddable":true,"href":"https:\/\/amppress.rs\/index.php\/wp-json\/wp\/v2\/tags?post=5213"}],"curies":[{"name":"wp","href":"https:\/\/api.w.org\/{rel}","templated":true}]}}