{"id":4919,"date":"2024-06-25T13:40:50","date_gmt":"2024-06-25T12:40:50","guid":{"rendered":"https:\/\/amppress.rs\/?p=4919"},"modified":"2024-06-25T13:40:50","modified_gmt":"2024-06-25T12:40:50","slug":"nacionalni-ansambl-kolo-na-gradskom-trgu-u-cacku","status":"publish","type":"post","link":"https:\/\/amppress.rs\/index.php\/2024\/06\/25\/nacionalni-ansambl-kolo-na-gradskom-trgu-u-cacku\/","title":{"rendered":"Nacionalni ansambl \u201eKolo\u201c na Gradskom trgu u \u010ca\u010dku"},"content":{"rendered":{},"protected":false},"excerpt":{"rendered":"<p>\u010ca\u010dak &#8211; Nacionalni ansambl \u201eKolo\u201c \u0107e, i ove godine, nastupiti na Gradskom trgu u \u010ca\u010dku&#8230;.<\/p>\n","protected":false},"author":1,"featured_media":4920,"comment_status":"open","ping_status":"open","sticky":false,"template":"","format":"standard","meta":{"_acf_changed":false,"footnotes":""},"categories":[7],"tags":[1187,282,93],"class_list":["post-4919","post","type-post","status-publish","format-standard","has-post-thumbnail","hentry","category-vesti-news","tag-ansambl","tag-kolo","tag-cacak"],"acf":[],"featured_image_urls":{"full":["https:\/\/amppress.rs\/wp-content\/uploads\/2024\/06\/kolo-gradski-trgfototocacak.jpg",707,888,false],"thumbnail":["https:\/\/amppress.rs\/wp-content\/uploads\/2024\/06\/kolo-gradski-trgfototocacak-150x150.jpg",150,150,true],"medium":["https:\/\/amppress.rs\/wp-content\/uploads\/2024\/06\/kolo-gradski-trgfototocacak-239x300.jpg",239,300,true],"medium_large":["https:\/\/amppress.rs\/wp-content\/uploads\/2024\/06\/kolo-gradski-trgfototocacak.jpg",640,804,false],"large":["https:\/\/amppress.rs\/wp-content\/uploads\/2024\/06\/kolo-gradski-trgfototocacak.jpg",640,804,false],"1536x1536":["https:\/\/amppress.rs\/wp-content\/uploads\/2024\/06\/kolo-gradski-trgfototocacak.jpg",707,888,false],"2048x2048":["https:\/\/amppress.rs\/wp-content\/uploads\/2024\/06\/kolo-gradski-trgfototocacak.jpg",707,888,false],"cvmm-medium":["https:\/\/amppress.rs\/wp-content\/uploads\/2024\/06\/kolo-gradski-trgfototocacak-300x300.jpg",300,300,true],"cvmm-medium-plus":["https:\/\/amppress.rs\/wp-content\/uploads\/2024\/06\/kolo-gradski-trgfototocacak-305x207.jpg",305,207,true],"cvmm-portrait":["https:\/\/amppress.rs\/wp-content\/uploads\/2024\/06\/kolo-gradski-trgfototocacak-400x600.jpg",400,600,true],"cvmm-medium-square":["https:\/\/amppress.rs\/wp-content\/uploads\/2024\/06\/kolo-gradski-trgfototocacak-600x600.jpg",600,600,true],"cvmm-large":["https:\/\/amppress.rs\/wp-content\/uploads\/2024\/06\/kolo-gradski-trgfototocacak.jpg",707,888,false],"cvmm-small":["https:\/\/amppress.rs\/wp-content\/uploads\/2024\/06\/kolo-gradski-trgfototocacak-130x95.jpg",130,95,true],"newsever-slider-full":["https:\/\/amppress.rs\/wp-content\/uploads\/2024\/06\/kolo-gradski-trgfototocacak-707x845.jpg",707,845,true],"newsever-featured":["https:\/\/amppress.rs\/wp-content\/uploads\/2024\/06\/kolo-gradski-trgfototocacak.jpg",707,888,false],"newsever-medium":["https:\/\/amppress.rs\/wp-content\/uploads\/2024\/06\/kolo-gradski-trgfototocacak-707x475.jpg",707,475,true]},"author_info":{"display_name":"\u0410\u041c\u041f \u041f\u0420\u0415\u0421\u0421","author_link":"https:\/\/amppress.rs\/index.php\/author\/eduka\/"},"category_info":"<a href=\"https:\/\/amppress.rs\/index.php\/category\/news\/vesti-news\/\" rel=\"category tag\">Vesti<\/a>","tag_info":"Vesti","comment_count":"0","blog_post_layout_featured_media_urls":{"thumbnail":["https:\/\/amppress.rs\/wp-content\/uploads\/2024\/06\/kolo-gradski-trgfototocacak-150x150.jpg",150,150,true],"full":["https:\/\/amppress.rs\/wp-content\/uploads\/2024\/06\/kolo-gradski-trgfototocacak.jpg",707,888,false]},"categories_names":{"7":{"name":"Vesti","link":"https:\/\/amppress.rs\/index.php\/category\/news\/vesti-news\/"}},"tags_names":{"1187":{"name":"ANSAMBL","link":"https:\/\/amppress.rs\/index.php\/tag\/ansambl\/"},"282":{"name":"KOLO","link":"https:\/\/amppress.rs\/index.php\/tag\/kolo\/"},"93":{"name":"\u0427\u0430\u0447\u0430\u043a","link":"https:\/\/amppress.rs\/index.php\/tag\/cacak\/"}},"comments_number":"0","wpmagazine_modules_featured_media_urls":{"thumbnail":["https:\/\/amppress.rs\/wp-content\/uploads\/2024\/06\/kolo-gradski-trgfototocacak-150x150.jpg",150,150,true],"cvmm-medium":["https:\/\/amppress.rs\/wp-content\/uploads\/2024\/06\/kolo-gradski-trgfototocacak-300x300.jpg",300,300,true],"cvmm-medium-plus":["https:\/\/amppress.rs\/wp-content\/uploads\/2024\/06\/kolo-gradski-trgfototocacak-305x207.jpg",305,207,true],"cvmm-portrait":["https:\/\/amppress.rs\/wp-content\/uploads\/2024\/06\/kolo-gradski-trgfototocacak-400x600.jpg",400,600,true],"cvmm-medium-square":["https:\/\/amppress.rs\/wp-content\/uploads\/2024\/06\/kolo-gradski-trgfototocacak-600x600.jpg",600,600,true],"cvmm-large":["https:\/\/amppress.rs\/wp-content\/uploads\/2024\/06\/kolo-gradski-trgfototocacak.jpg",707,888,false],"cvmm-small":["https:\/\/amppress.rs\/wp-content\/uploads\/2024\/06\/kolo-gradski-trgfototocacak-130x95.jpg",130,95,true],"full":["https:\/\/amppress.rs\/wp-content\/uploads\/2024\/06\/kolo-gradski-trgfototocacak.jpg",707,888,false]},"_links":{"self":[{"href":"https:\/\/amppress.rs\/index.php\/wp-json\/wp\/v2\/posts\/4919","targetHints":{"allow":["GET"]}}],"collection":[{"href":"https:\/\/amppress.rs\/index.php\/wp-json\/wp\/v2\/posts"}],"about":[{"href":"https:\/\/amppress.rs\/index.php\/wp-json\/wp\/v2\/types\/post"}],"author":[{"embeddable":true,"href":"https:\/\/amppress.rs\/index.php\/wp-json\/wp\/v2\/users\/1"}],"replies":[{"embeddable":true,"href":"https:\/\/amppress.rs\/index.php\/wp-json\/wp\/v2\/comments?post=4919"}],"version-history":[{"count":1,"href":"https:\/\/amppress.rs\/index.php\/wp-json\/wp\/v2\/posts\/4919\/revisions"}],"predecessor-version":[{"id":4921,"href":"https:\/\/amppress.rs\/index.php\/wp-json\/wp\/v2\/posts\/4919\/revisions\/4921"}],"wp:featuredmedia":[{"embeddable":true,"href":"https:\/\/amppress.rs\/index.php\/wp-json\/wp\/v2\/media\/4920"}],"wp:attachment":[{"href":"https:\/\/amppress.rs\/index.php\/wp-json\/wp\/v2\/media?parent=4919"}],"wp:term":[{"taxonomy":"category","embeddable":true,"href":"https:\/\/amppress.rs\/index.php\/wp-json\/wp\/v2\/categories?post=4919"},{"taxonomy":"post_tag","embeddable":true,"href":"https:\/\/amppress.rs\/index.php\/wp-json\/wp\/v2\/tags?post=4919"}],"curies":[{"name":"wp","href":"https:\/\/api.w.org\/{rel}","templated":true}]}}