{"id":4727,"date":"2024-06-04T13:50:00","date_gmt":"2024-06-04T12:50:00","guid":{"rendered":"https:\/\/amppress.rs\/?p=4727"},"modified":"2024-06-04T13:50:20","modified_gmt":"2024-06-04T12:50:20","slug":"4727","status":"publish","type":"post","link":"https:\/\/amppress.rs\/index.php\/2024\/06\/04\/4727\/","title":{"rendered":"Javorski sabor dvojni\u010dara i starih instrumenata Srbije &#8211; poziv dvojni\u010darima i svira\u010dima starih instrumenata da se prijave"},"content":{"rendered":{},"protected":false},"excerpt":{"rendered":"<p>U organizaciji Doma kulture Ivanjica, Mesne zajednice Ku\u0161i\u0107i i O\u0160 \u201eMajor Ili\u0107\u201d iz Ku\u0161i\u0107a, u&#8230;<\/p>\n","protected":false},"author":1,"featured_media":4728,"comment_status":"open","ping_status":"open","sticky":false,"template":"","format":"standard","meta":{"_acf_changed":false,"footnotes":""},"categories":[753,65],"tags":[1116,148,287],"class_list":["post-4727","post","type-post","status-publish","format-standard","has-post-thumbnail","hentry","category-ivanjica","category-manifestacije","tag-dvojnice","tag-manifestacija","tag-muzika"],"acf":[],"featured_image_urls":{"full":["https:\/\/amppress.rs\/wp-content\/uploads\/2024\/06\/duet-mladi-2024-dom-kulture-ivanjica.png",800,533,false],"thumbnail":["https:\/\/amppress.rs\/wp-content\/uploads\/2024\/06\/duet-mladi-2024-dom-kulture-ivanjica-150x150.png",150,150,true],"medium":["https:\/\/amppress.rs\/wp-content\/uploads\/2024\/06\/duet-mladi-2024-dom-kulture-ivanjica-300x200.png",300,200,true],"medium_large":["https:\/\/amppress.rs\/wp-content\/uploads\/2024\/06\/duet-mladi-2024-dom-kulture-ivanjica-768x512.png",640,427,true],"large":["https:\/\/amppress.rs\/wp-content\/uploads\/2024\/06\/duet-mladi-2024-dom-kulture-ivanjica.png",640,426,false],"1536x1536":["https:\/\/amppress.rs\/wp-content\/uploads\/2024\/06\/duet-mladi-2024-dom-kulture-ivanjica.png",800,533,false],"2048x2048":["https:\/\/amppress.rs\/wp-content\/uploads\/2024\/06\/duet-mladi-2024-dom-kulture-ivanjica.png",800,533,false],"cvmm-medium":["https:\/\/amppress.rs\/wp-content\/uploads\/2024\/06\/duet-mladi-2024-dom-kulture-ivanjica-300x300.png",300,300,true],"cvmm-medium-plus":["https:\/\/amppress.rs\/wp-content\/uploads\/2024\/06\/duet-mladi-2024-dom-kulture-ivanjica-305x207.png",305,207,true],"cvmm-portrait":["https:\/\/amppress.rs\/wp-content\/uploads\/2024\/06\/duet-mladi-2024-dom-kulture-ivanjica-400x533.png",400,533,true],"cvmm-medium-square":["https:\/\/amppress.rs\/wp-content\/uploads\/2024\/06\/duet-mladi-2024-dom-kulture-ivanjica-600x533.png",600,533,true],"cvmm-large":["https:\/\/amppress.rs\/wp-content\/uploads\/2024\/06\/duet-mladi-2024-dom-kulture-ivanjica.png",800,533,false],"cvmm-small":["https:\/\/amppress.rs\/wp-content\/uploads\/2024\/06\/duet-mladi-2024-dom-kulture-ivanjica-130x95.png",130,95,true],"newsever-slider-full":["https:\/\/amppress.rs\/wp-content\/uploads\/2024\/06\/duet-mladi-2024-dom-kulture-ivanjica.png",800,533,false],"newsever-featured":["https:\/\/amppress.rs\/wp-content\/uploads\/2024\/06\/duet-mladi-2024-dom-kulture-ivanjica.png",800,533,false],"newsever-medium":["https:\/\/amppress.rs\/wp-content\/uploads\/2024\/06\/duet-mladi-2024-dom-kulture-ivanjica-720x475.png",720,475,true]},"author_info":{"display_name":"\u0410\u041c\u041f \u041f\u0420\u0415\u0421\u0421","author_link":"https:\/\/amppress.rs\/index.php\/author\/eduka\/"},"category_info":"<a href=\"https:\/\/amppress.rs\/index.php\/category\/ivanjica\/\" rel=\"category tag\">Ivanjica<\/a> <a href=\"https:\/\/amppress.rs\/index.php\/category\/manifestacije\/\" rel=\"category tag\">\u041c\u0430\u043d\u0438\u0444\u0435\u0441\u0442\u0430\u0446\u0438\u0458\u0435<\/a>","tag_info":"\u041c\u0430\u043d\u0438\u0444\u0435\u0441\u0442\u0430\u0446\u0438\u0458\u0435","comment_count":"0","blog_post_layout_featured_media_urls":{"thumbnail":["https:\/\/amppress.rs\/wp-content\/uploads\/2024\/06\/duet-mladi-2024-dom-kulture-ivanjica-150x150.png",150,150,true],"full":["https:\/\/amppress.rs\/wp-content\/uploads\/2024\/06\/duet-mladi-2024-dom-kulture-ivanjica.png",800,533,false]},"categories_names":{"753":{"name":"Ivanjica","link":"https:\/\/amppress.rs\/index.php\/category\/ivanjica\/"},"65":{"name":"\u041c\u0430\u043d\u0438\u0444\u0435\u0441\u0442\u0430\u0446\u0438\u0458\u0435","link":"https:\/\/amppress.rs\/index.php\/category\/manifestacije\/"}},"tags_names":{"1116":{"name":"dvojnice","link":"https:\/\/amppress.rs\/index.php\/tag\/dvojnice\/"},"148":{"name":"manifestacija","link":"https:\/\/amppress.rs\/index.php\/tag\/manifestacija\/"},"287":{"name":"MUZIKA","link":"https:\/\/amppress.rs\/index.php\/tag\/muzika\/"}},"comments_number":"0","wpmagazine_modules_featured_media_urls":{"thumbnail":["https:\/\/amppress.rs\/wp-content\/uploads\/2024\/06\/duet-mladi-2024-dom-kulture-ivanjica-150x150.png",150,150,true],"cvmm-medium":["https:\/\/amppress.rs\/wp-content\/uploads\/2024\/06\/duet-mladi-2024-dom-kulture-ivanjica-300x300.png",300,300,true],"cvmm-medium-plus":["https:\/\/amppress.rs\/wp-content\/uploads\/2024\/06\/duet-mladi-2024-dom-kulture-ivanjica-305x207.png",305,207,true],"cvmm-portrait":["https:\/\/amppress.rs\/wp-content\/uploads\/2024\/06\/duet-mladi-2024-dom-kulture-ivanjica-400x533.png",400,533,true],"cvmm-medium-square":["https:\/\/amppress.rs\/wp-content\/uploads\/2024\/06\/duet-mladi-2024-dom-kulture-ivanjica-600x533.png",600,533,true],"cvmm-large":["https:\/\/amppress.rs\/wp-content\/uploads\/2024\/06\/duet-mladi-2024-dom-kulture-ivanjica.png",800,533,false],"cvmm-small":["https:\/\/amppress.rs\/wp-content\/uploads\/2024\/06\/duet-mladi-2024-dom-kulture-ivanjica-130x95.png",130,95,true],"full":["https:\/\/amppress.rs\/wp-content\/uploads\/2024\/06\/duet-mladi-2024-dom-kulture-ivanjica.png",800,533,false]},"_links":{"self":[{"href":"https:\/\/amppress.rs\/index.php\/wp-json\/wp\/v2\/posts\/4727","targetHints":{"allow":["GET"]}}],"collection":[{"href":"https:\/\/amppress.rs\/index.php\/wp-json\/wp\/v2\/posts"}],"about":[{"href":"https:\/\/amppress.rs\/index.php\/wp-json\/wp\/v2\/types\/post"}],"author":[{"embeddable":true,"href":"https:\/\/amppress.rs\/index.php\/wp-json\/wp\/v2\/users\/1"}],"replies":[{"embeddable":true,"href":"https:\/\/amppress.rs\/index.php\/wp-json\/wp\/v2\/comments?post=4727"}],"version-history":[{"count":2,"href":"https:\/\/amppress.rs\/index.php\/wp-json\/wp\/v2\/posts\/4727\/revisions"}],"predecessor-version":[{"id":4730,"href":"https:\/\/amppress.rs\/index.php\/wp-json\/wp\/v2\/posts\/4727\/revisions\/4730"}],"wp:featuredmedia":[{"embeddable":true,"href":"https:\/\/amppress.rs\/index.php\/wp-json\/wp\/v2\/media\/4728"}],"wp:attachment":[{"href":"https:\/\/amppress.rs\/index.php\/wp-json\/wp\/v2\/media?parent=4727"}],"wp:term":[{"taxonomy":"category","embeddable":true,"href":"https:\/\/amppress.rs\/index.php\/wp-json\/wp\/v2\/categories?post=4727"},{"taxonomy":"post_tag","embeddable":true,"href":"https:\/\/amppress.rs\/index.php\/wp-json\/wp\/v2\/tags?post=4727"}],"curies":[{"name":"wp","href":"https:\/\/api.w.org\/{rel}","templated":true}]}}