{"id":4663,"date":"2024-05-28T08:28:33","date_gmt":"2024-05-28T07:28:33","guid":{"rendered":"https:\/\/amppress.rs\/?p=4663"},"modified":"2024-05-28T08:28:33","modified_gmt":"2024-05-28T07:28:33","slug":"mladi-karatisti-iz-gornjeg-milanovca-putuju-na-balkansko-prvenstvo","status":"publish","type":"post","link":"https:\/\/amppress.rs\/index.php\/2024\/05\/28\/mladi-karatisti-iz-gornjeg-milanovca-putuju-na-balkansko-prvenstvo\/","title":{"rendered":"Mladi karatisti iz Gornjeg Milanovca putuju na Balkansko prvenstvo"},"content":{"rendered":{},"protected":false},"excerpt":{"rendered":"<p>Mladi reprezentativci Srbije, karatisti kluba \u201eMilanovac\u201d, Ru\u017eica Petrovi\u0107(12) i Petar Petrovi\u0107(11), u\u010destvovali su na Dr\u017eavnom&#8230;<\/p>\n","protected":false},"author":1,"featured_media":4665,"comment_status":"open","ping_status":"open","sticky":false,"template":"","format":"standard","meta":{"_acf_changed":false,"footnotes":""},"categories":[772,1088],"tags":[1090,1089],"class_list":["post-4663","post","type-post","status-publish","format-standard","has-post-thumbnail","hentry","category-gornji-milanovac","category-sport","tag-balkansko-poluostrvo","tag-karatisti"],"acf":[],"featured_image_urls":{"full":["https:\/\/amppress.rs\/wp-content\/uploads\/2024\/05\/1-karatisti-2024.jpg",800,450,false],"thumbnail":["https:\/\/amppress.rs\/wp-content\/uploads\/2024\/05\/1-karatisti-2024-150x150.jpg",150,150,true],"medium":["https:\/\/amppress.rs\/wp-content\/uploads\/2024\/05\/1-karatisti-2024-300x169.jpg",300,169,true],"medium_large":["https:\/\/amppress.rs\/wp-content\/uploads\/2024\/05\/1-karatisti-2024-768x432.jpg",640,360,true],"large":["https:\/\/amppress.rs\/wp-content\/uploads\/2024\/05\/1-karatisti-2024.jpg",640,360,false],"1536x1536":["https:\/\/amppress.rs\/wp-content\/uploads\/2024\/05\/1-karatisti-2024.jpg",800,450,false],"2048x2048":["https:\/\/amppress.rs\/wp-content\/uploads\/2024\/05\/1-karatisti-2024.jpg",800,450,false],"cvmm-medium":["https:\/\/amppress.rs\/wp-content\/uploads\/2024\/05\/1-karatisti-2024-300x300.jpg",300,300,true],"cvmm-medium-plus":["https:\/\/amppress.rs\/wp-content\/uploads\/2024\/05\/1-karatisti-2024-305x207.jpg",305,207,true],"cvmm-portrait":["https:\/\/amppress.rs\/wp-content\/uploads\/2024\/05\/1-karatisti-2024-400x450.jpg",400,450,true],"cvmm-medium-square":["https:\/\/amppress.rs\/wp-content\/uploads\/2024\/05\/1-karatisti-2024-600x450.jpg",600,450,true],"cvmm-large":["https:\/\/amppress.rs\/wp-content\/uploads\/2024\/05\/1-karatisti-2024.jpg",800,450,false],"cvmm-small":["https:\/\/amppress.rs\/wp-content\/uploads\/2024\/05\/1-karatisti-2024-130x95.jpg",130,95,true],"newsever-slider-full":["https:\/\/amppress.rs\/wp-content\/uploads\/2024\/05\/1-karatisti-2024.jpg",800,450,false],"newsever-featured":["https:\/\/amppress.rs\/wp-content\/uploads\/2024\/05\/1-karatisti-2024.jpg",800,450,false],"newsever-medium":["https:\/\/amppress.rs\/wp-content\/uploads\/2024\/05\/1-karatisti-2024-720x450.jpg",720,450,true]},"author_info":{"display_name":"\u0410\u041c\u041f \u041f\u0420\u0415\u0421\u0421","author_link":"https:\/\/amppress.rs\/index.php\/author\/eduka\/"},"category_info":"<a href=\"https:\/\/amppress.rs\/index.php\/category\/gornji-milanovac\/\" rel=\"category tag\">Gornji Milanovac<\/a> <a href=\"https:\/\/amppress.rs\/index.php\/category\/sport\/\" rel=\"category tag\">Sport<\/a>","tag_info":"Sport","comment_count":"0","blog_post_layout_featured_media_urls":{"thumbnail":["https:\/\/amppress.rs\/wp-content\/uploads\/2024\/05\/1-karatisti-2024-150x150.jpg",150,150,true],"full":["https:\/\/amppress.rs\/wp-content\/uploads\/2024\/05\/1-karatisti-2024.jpg",800,450,false]},"categories_names":{"772":{"name":"Gornji Milanovac","link":"https:\/\/amppress.rs\/index.php\/category\/gornji-milanovac\/"},"1088":{"name":"Sport","link":"https:\/\/amppress.rs\/index.php\/category\/sport\/"}},"tags_names":{"1090":{"name":"Balkansko poluostrvo","link":"https:\/\/amppress.rs\/index.php\/tag\/balkansko-poluostrvo\/"},"1089":{"name":"karatisti","link":"https:\/\/amppress.rs\/index.php\/tag\/karatisti\/"}},"comments_number":"0","wpmagazine_modules_featured_media_urls":{"thumbnail":["https:\/\/amppress.rs\/wp-content\/uploads\/2024\/05\/1-karatisti-2024-150x150.jpg",150,150,true],"cvmm-medium":["https:\/\/amppress.rs\/wp-content\/uploads\/2024\/05\/1-karatisti-2024-300x300.jpg",300,300,true],"cvmm-medium-plus":["https:\/\/amppress.rs\/wp-content\/uploads\/2024\/05\/1-karatisti-2024-305x207.jpg",305,207,true],"cvmm-portrait":["https:\/\/amppress.rs\/wp-content\/uploads\/2024\/05\/1-karatisti-2024-400x450.jpg",400,450,true],"cvmm-medium-square":["https:\/\/amppress.rs\/wp-content\/uploads\/2024\/05\/1-karatisti-2024-600x450.jpg",600,450,true],"cvmm-large":["https:\/\/amppress.rs\/wp-content\/uploads\/2024\/05\/1-karatisti-2024.jpg",800,450,false],"cvmm-small":["https:\/\/amppress.rs\/wp-content\/uploads\/2024\/05\/1-karatisti-2024-130x95.jpg",130,95,true],"full":["https:\/\/amppress.rs\/wp-content\/uploads\/2024\/05\/1-karatisti-2024.jpg",800,450,false]},"_links":{"self":[{"href":"https:\/\/amppress.rs\/index.php\/wp-json\/wp\/v2\/posts\/4663","targetHints":{"allow":["GET"]}}],"collection":[{"href":"https:\/\/amppress.rs\/index.php\/wp-json\/wp\/v2\/posts"}],"about":[{"href":"https:\/\/amppress.rs\/index.php\/wp-json\/wp\/v2\/types\/post"}],"author":[{"embeddable":true,"href":"https:\/\/amppress.rs\/index.php\/wp-json\/wp\/v2\/users\/1"}],"replies":[{"embeddable":true,"href":"https:\/\/amppress.rs\/index.php\/wp-json\/wp\/v2\/comments?post=4663"}],"version-history":[{"count":1,"href":"https:\/\/amppress.rs\/index.php\/wp-json\/wp\/v2\/posts\/4663\/revisions"}],"predecessor-version":[{"id":4666,"href":"https:\/\/amppress.rs\/index.php\/wp-json\/wp\/v2\/posts\/4663\/revisions\/4666"}],"wp:featuredmedia":[{"embeddable":true,"href":"https:\/\/amppress.rs\/index.php\/wp-json\/wp\/v2\/media\/4665"}],"wp:attachment":[{"href":"https:\/\/amppress.rs\/index.php\/wp-json\/wp\/v2\/media?parent=4663"}],"wp:term":[{"taxonomy":"category","embeddable":true,"href":"https:\/\/amppress.rs\/index.php\/wp-json\/wp\/v2\/categories?post=4663"},{"taxonomy":"post_tag","embeddable":true,"href":"https:\/\/amppress.rs\/index.php\/wp-json\/wp\/v2\/tags?post=4663"}],"curies":[{"name":"wp","href":"https:\/\/api.w.org\/{rel}","templated":true}]}}