{"id":4159,"date":"2024-03-21T09:34:56","date_gmt":"2024-03-21T08:34:56","guid":{"rendered":"https:\/\/amppress.rs\/?p=4159"},"modified":"2024-03-21T09:34:56","modified_gmt":"2024-03-21T08:34:56","slug":"cacak-predaje-stafetu-uzice-od-sutra-srpska-prestonica-kulture","status":"publish","type":"post","link":"https:\/\/amppress.rs\/index.php\/2024\/03\/21\/cacak-predaje-stafetu-uzice-od-sutra-srpska-prestonica-kulture\/","title":{"rendered":"\u010ca\u010dak predaje \u0161tafetu: U\u017eice od sutra srpska prestonica kulture"},"content":{"rendered":{},"protected":false},"excerpt":{"rendered":"<p>Prva prestonica kulture Srbije \u2013 \u010ca\u010dak 2023, projekat \u201e\u010ca\u010danska rodna\u201c, zvani\u010dno se zavr\u0161ava danas 21&#8230;.<\/p>\n","protected":false},"author":1,"featured_media":4160,"comment_status":"open","ping_status":"open","sticky":false,"template":"","format":"standard","meta":{"_acf_changed":false,"footnotes":""},"categories":[766],"tags":[479],"class_list":["post-4159","post","type-post","status-publish","format-standard","has-post-thumbnail","hentry","category-cacak","tag-prestonica-kulture"],"acf":[],"featured_image_urls":{"full":["https:\/\/amppress.rs\/wp-content\/uploads\/2024\/03\/prestonica-kulture-srbije.jpg",1024,576,false],"thumbnail":["https:\/\/amppress.rs\/wp-content\/uploads\/2024\/03\/prestonica-kulture-srbije-150x150.jpg",150,150,true],"medium":["https:\/\/amppress.rs\/wp-content\/uploads\/2024\/03\/prestonica-kulture-srbije-300x169.jpg",300,169,true],"medium_large":["https:\/\/amppress.rs\/wp-content\/uploads\/2024\/03\/prestonica-kulture-srbije-768x432.jpg",640,360,true],"large":["https:\/\/amppress.rs\/wp-content\/uploads\/2024\/03\/prestonica-kulture-srbije.jpg",640,360,false],"1536x1536":["https:\/\/amppress.rs\/wp-content\/uploads\/2024\/03\/prestonica-kulture-srbije.jpg",1024,576,false],"2048x2048":["https:\/\/amppress.rs\/wp-content\/uploads\/2024\/03\/prestonica-kulture-srbije.jpg",1024,576,false],"cvmm-medium":["https:\/\/amppress.rs\/wp-content\/uploads\/2024\/03\/prestonica-kulture-srbije-300x300.jpg",300,300,true],"cvmm-medium-plus":["https:\/\/amppress.rs\/wp-content\/uploads\/2024\/03\/prestonica-kulture-srbije-305x207.jpg",305,207,true],"cvmm-portrait":["https:\/\/amppress.rs\/wp-content\/uploads\/2024\/03\/prestonica-kulture-srbije-400x576.jpg",400,576,true],"cvmm-medium-square":["https:\/\/amppress.rs\/wp-content\/uploads\/2024\/03\/prestonica-kulture-srbije-600x576.jpg",600,576,true],"cvmm-large":["https:\/\/amppress.rs\/wp-content\/uploads\/2024\/03\/prestonica-kulture-srbije.jpg",1024,576,false],"cvmm-small":["https:\/\/amppress.rs\/wp-content\/uploads\/2024\/03\/prestonica-kulture-srbije-130x95.jpg",130,95,true],"newsever-slider-full":["https:\/\/amppress.rs\/wp-content\/uploads\/2024\/03\/prestonica-kulture-srbije.jpg",1024,576,false],"newsever-featured":["https:\/\/amppress.rs\/wp-content\/uploads\/2024\/03\/prestonica-kulture-srbije.jpg",1024,576,false],"newsever-medium":["https:\/\/amppress.rs\/wp-content\/uploads\/2024\/03\/prestonica-kulture-srbije-720x475.jpg",720,475,true]},"author_info":{"display_name":"\u0410\u041c\u041f \u041f\u0420\u0415\u0421\u0421","author_link":"https:\/\/amppress.rs\/index.php\/author\/eduka\/"},"category_info":"<a href=\"https:\/\/amppress.rs\/index.php\/category\/cacak\/\" rel=\"category tag\">\u010ca\u010dak<\/a>","tag_info":"\u010ca\u010dak","comment_count":"0","blog_post_layout_featured_media_urls":{"thumbnail":["https:\/\/amppress.rs\/wp-content\/uploads\/2024\/03\/prestonica-kulture-srbije-150x150.jpg",150,150,true],"full":["https:\/\/amppress.rs\/wp-content\/uploads\/2024\/03\/prestonica-kulture-srbije.jpg",1024,576,false]},"categories_names":{"766":{"name":"\u010ca\u010dak","link":"https:\/\/amppress.rs\/index.php\/category\/cacak\/"}},"tags_names":{"479":{"name":"\u041f\u0420\u0415\u0421\u0422\u041e\u041d\u0418\u0426\u0410 \u041a\u0423\u041b\u0422\u0423\u0420\u0415","link":"https:\/\/amppress.rs\/index.php\/tag\/prestonica-kulture\/"}},"comments_number":"0","wpmagazine_modules_featured_media_urls":{"thumbnail":["https:\/\/amppress.rs\/wp-content\/uploads\/2024\/03\/prestonica-kulture-srbije-150x150.jpg",150,150,true],"cvmm-medium":["https:\/\/amppress.rs\/wp-content\/uploads\/2024\/03\/prestonica-kulture-srbije-300x300.jpg",300,300,true],"cvmm-medium-plus":["https:\/\/amppress.rs\/wp-content\/uploads\/2024\/03\/prestonica-kulture-srbije-305x207.jpg",305,207,true],"cvmm-portrait":["https:\/\/amppress.rs\/wp-content\/uploads\/2024\/03\/prestonica-kulture-srbije-400x576.jpg",400,576,true],"cvmm-medium-square":["https:\/\/amppress.rs\/wp-content\/uploads\/2024\/03\/prestonica-kulture-srbije-600x576.jpg",600,576,true],"cvmm-large":["https:\/\/amppress.rs\/wp-content\/uploads\/2024\/03\/prestonica-kulture-srbije.jpg",1024,576,false],"cvmm-small":["https:\/\/amppress.rs\/wp-content\/uploads\/2024\/03\/prestonica-kulture-srbije-130x95.jpg",130,95,true],"full":["https:\/\/amppress.rs\/wp-content\/uploads\/2024\/03\/prestonica-kulture-srbije.jpg",1024,576,false]},"_links":{"self":[{"href":"https:\/\/amppress.rs\/index.php\/wp-json\/wp\/v2\/posts\/4159","targetHints":{"allow":["GET"]}}],"collection":[{"href":"https:\/\/amppress.rs\/index.php\/wp-json\/wp\/v2\/posts"}],"about":[{"href":"https:\/\/amppress.rs\/index.php\/wp-json\/wp\/v2\/types\/post"}],"author":[{"embeddable":true,"href":"https:\/\/amppress.rs\/index.php\/wp-json\/wp\/v2\/users\/1"}],"replies":[{"embeddable":true,"href":"https:\/\/amppress.rs\/index.php\/wp-json\/wp\/v2\/comments?post=4159"}],"version-history":[{"count":1,"href":"https:\/\/amppress.rs\/index.php\/wp-json\/wp\/v2\/posts\/4159\/revisions"}],"predecessor-version":[{"id":4161,"href":"https:\/\/amppress.rs\/index.php\/wp-json\/wp\/v2\/posts\/4159\/revisions\/4161"}],"wp:featuredmedia":[{"embeddable":true,"href":"https:\/\/amppress.rs\/index.php\/wp-json\/wp\/v2\/media\/4160"}],"wp:attachment":[{"href":"https:\/\/amppress.rs\/index.php\/wp-json\/wp\/v2\/media?parent=4159"}],"wp:term":[{"taxonomy":"category","embeddable":true,"href":"https:\/\/amppress.rs\/index.php\/wp-json\/wp\/v2\/categories?post=4159"},{"taxonomy":"post_tag","embeddable":true,"href":"https:\/\/amppress.rs\/index.php\/wp-json\/wp\/v2\/tags?post=4159"}],"curies":[{"name":"wp","href":"https:\/\/api.w.org\/{rel}","templated":true}]}}