{"id":3780,"date":"2024-01-11T15:31:51","date_gmt":"2024-01-11T14:31:51","guid":{"rendered":"https:\/\/amppress.rs\/?p=3780"},"modified":"2024-01-12T15:33:17","modified_gmt":"2024-01-12T14:33:17","slug":"bane-mojicevic-u-lucanima-za-pravoslavnu-novu-godinu","status":"publish","type":"post","link":"https:\/\/amppress.rs\/index.php\/2024\/01\/11\/bane-mojicevic-u-lucanima-za-pravoslavnu-novu-godinu\/","title":{"rendered":"Bane Moji\u0107evi\u0107 u Lu\u010danima za pravoslavnu Novu godinu"},"content":{"rendered":{},"protected":false},"excerpt":{"rendered":"<p>Turisti\u010dka organizacija Draga\u010devo organizuje do\u010dek Srpske nove godine ispred Doma kulture u Lu\u010danima. Bane Moji\u0107evi\u0107&#8230;<\/p>\n","protected":false},"author":1,"featured_media":3781,"comment_status":"open","ping_status":"open","sticky":false,"template":"","format":"standard","meta":{"_acf_changed":false,"footnotes":""},"categories":[767,800],"tags":[801,336,273],"class_list":["post-3780","post","type-post","status-publish","format-standard","has-post-thumbnail","hentry","category-koncerti","category-lucani","tag-bane-mojicevic","tag-docek","tag-nova-godina"],"acf":[],"featured_image_urls":{"full":["https:\/\/amppress.rs\/wp-content\/uploads\/2024\/01\/lucani-docek-2024.jpg",800,1117,false],"thumbnail":["https:\/\/amppress.rs\/wp-content\/uploads\/2024\/01\/lucani-docek-2024-150x150.jpg",150,150,true],"medium":["https:\/\/amppress.rs\/wp-content\/uploads\/2024\/01\/lucani-docek-2024-215x300.jpg",215,300,true],"medium_large":["https:\/\/amppress.rs\/wp-content\/uploads\/2024\/01\/lucani-docek-2024-768x1072.jpg",640,893,true],"large":["https:\/\/amppress.rs\/wp-content\/uploads\/2024\/01\/lucani-docek-2024-733x1024.jpg",640,894,true],"1536x1536":["https:\/\/amppress.rs\/wp-content\/uploads\/2024\/01\/lucani-docek-2024.jpg",800,1117,false],"2048x2048":["https:\/\/amppress.rs\/wp-content\/uploads\/2024\/01\/lucani-docek-2024.jpg",800,1117,false],"cvmm-medium":["https:\/\/amppress.rs\/wp-content\/uploads\/2024\/01\/lucani-docek-2024-300x300.jpg",300,300,true],"cvmm-medium-plus":["https:\/\/amppress.rs\/wp-content\/uploads\/2024\/01\/lucani-docek-2024-305x207.jpg",305,207,true],"cvmm-portrait":["https:\/\/amppress.rs\/wp-content\/uploads\/2024\/01\/lucani-docek-2024-400x600.jpg",400,600,true],"cvmm-medium-square":["https:\/\/amppress.rs\/wp-content\/uploads\/2024\/01\/lucani-docek-2024-600x600.jpg",600,600,true],"cvmm-large":["https:\/\/amppress.rs\/wp-content\/uploads\/2024\/01\/lucani-docek-2024-800x1024.jpg",800,1024,true],"cvmm-small":["https:\/\/amppress.rs\/wp-content\/uploads\/2024\/01\/lucani-docek-2024-130x95.jpg",130,95,true],"newsever-slider-full":["https:\/\/amppress.rs\/wp-content\/uploads\/2024\/01\/lucani-docek-2024-800x845.jpg",800,845,true],"newsever-featured":["https:\/\/amppress.rs\/wp-content\/uploads\/2024\/01\/lucani-docek-2024.jpg",800,1117,false],"newsever-medium":["https:\/\/amppress.rs\/wp-content\/uploads\/2024\/01\/lucani-docek-2024-720x475.jpg",720,475,true]},"author_info":{"display_name":"\u0410\u041c\u041f \u041f\u0420\u0415\u0421\u0421","author_link":"https:\/\/amppress.rs\/index.php\/author\/eduka\/"},"category_info":"<a href=\"https:\/\/amppress.rs\/index.php\/category\/koncerti\/\" rel=\"category tag\">Koncerti<\/a> <a href=\"https:\/\/amppress.rs\/index.php\/category\/lucani\/\" rel=\"category tag\">Lu\u010dani<\/a>","tag_info":"Lu\u010dani","comment_count":"0","blog_post_layout_featured_media_urls":{"thumbnail":["https:\/\/amppress.rs\/wp-content\/uploads\/2024\/01\/lucani-docek-2024-150x150.jpg",150,150,true],"full":["https:\/\/amppress.rs\/wp-content\/uploads\/2024\/01\/lucani-docek-2024.jpg",800,1117,false]},"categories_names":{"767":{"name":"Koncerti","link":"https:\/\/amppress.rs\/index.php\/category\/koncerti\/"},"800":{"name":"Lu\u010dani","link":"https:\/\/amppress.rs\/index.php\/category\/lucani\/"}},"tags_names":{"801":{"name":"Bane Moji\u0107evi\u0107","link":"https:\/\/amppress.rs\/index.php\/tag\/bane-mojicevic\/"},"336":{"name":"DO\u010cEK","link":"https:\/\/amppress.rs\/index.php\/tag\/docek\/"},"273":{"name":"NOVA GODINA","link":"https:\/\/amppress.rs\/index.php\/tag\/nova-godina\/"}},"comments_number":"0","wpmagazine_modules_featured_media_urls":{"thumbnail":["https:\/\/amppress.rs\/wp-content\/uploads\/2024\/01\/lucani-docek-2024-150x150.jpg",150,150,true],"cvmm-medium":["https:\/\/amppress.rs\/wp-content\/uploads\/2024\/01\/lucani-docek-2024-300x300.jpg",300,300,true],"cvmm-medium-plus":["https:\/\/amppress.rs\/wp-content\/uploads\/2024\/01\/lucani-docek-2024-305x207.jpg",305,207,true],"cvmm-portrait":["https:\/\/amppress.rs\/wp-content\/uploads\/2024\/01\/lucani-docek-2024-400x600.jpg",400,600,true],"cvmm-medium-square":["https:\/\/amppress.rs\/wp-content\/uploads\/2024\/01\/lucani-docek-2024-600x600.jpg",600,600,true],"cvmm-large":["https:\/\/amppress.rs\/wp-content\/uploads\/2024\/01\/lucani-docek-2024-800x1024.jpg",800,1024,true],"cvmm-small":["https:\/\/amppress.rs\/wp-content\/uploads\/2024\/01\/lucani-docek-2024-130x95.jpg",130,95,true],"full":["https:\/\/amppress.rs\/wp-content\/uploads\/2024\/01\/lucani-docek-2024.jpg",800,1117,false]},"_links":{"self":[{"href":"https:\/\/amppress.rs\/index.php\/wp-json\/wp\/v2\/posts\/3780","targetHints":{"allow":["GET"]}}],"collection":[{"href":"https:\/\/amppress.rs\/index.php\/wp-json\/wp\/v2\/posts"}],"about":[{"href":"https:\/\/amppress.rs\/index.php\/wp-json\/wp\/v2\/types\/post"}],"author":[{"embeddable":true,"href":"https:\/\/amppress.rs\/index.php\/wp-json\/wp\/v2\/users\/1"}],"replies":[{"embeddable":true,"href":"https:\/\/amppress.rs\/index.php\/wp-json\/wp\/v2\/comments?post=3780"}],"version-history":[{"count":1,"href":"https:\/\/amppress.rs\/index.php\/wp-json\/wp\/v2\/posts\/3780\/revisions"}],"predecessor-version":[{"id":3782,"href":"https:\/\/amppress.rs\/index.php\/wp-json\/wp\/v2\/posts\/3780\/revisions\/3782"}],"wp:featuredmedia":[{"embeddable":true,"href":"https:\/\/amppress.rs\/index.php\/wp-json\/wp\/v2\/media\/3781"}],"wp:attachment":[{"href":"https:\/\/amppress.rs\/index.php\/wp-json\/wp\/v2\/media?parent=3780"}],"wp:term":[{"taxonomy":"category","embeddable":true,"href":"https:\/\/amppress.rs\/index.php\/wp-json\/wp\/v2\/categories?post=3780"},{"taxonomy":"post_tag","embeddable":true,"href":"https:\/\/amppress.rs\/index.php\/wp-json\/wp\/v2\/tags?post=3780"}],"curies":[{"name":"wp","href":"https:\/\/api.w.org\/{rel}","templated":true}]}}