{"id":3752,"date":"2024-01-07T16:13:53","date_gmt":"2024-01-07T15:13:53","guid":{"rendered":"https:\/\/amppress.rs\/?p=3752"},"modified":"2024-01-07T16:13:57","modified_gmt":"2024-01-07T15:13:57","slug":"svim-vernicima-koji-danas-slave-rodjenje-hristovo-srecan-bozic-hristos-se-rodi","status":"publish","type":"post","link":"https:\/\/amppress.rs\/index.php\/2024\/01\/07\/svim-vernicima-koji-danas-slave-rodjenje-hristovo-srecan-bozic-hristos-se-rodi\/","title":{"rendered":"Svim vernicima koji danas slave ro\u0111enje Hristovo sre\u0107an Bo\u017ei\u0107. Hristos se rodi!"},"content":{"rendered":{},"protected":false},"excerpt":{"rendered":"<p>Bo\u017ei\u0107 je praznik kada sve ru\u017eno i lo\u0161e ostavljamo iza sebe, a nastupa vreme ljubavi&#8230;<\/p>\n","protected":false},"author":1,"featured_media":3753,"comment_status":"open","ping_status":"open","sticky":false,"template":"","format":"standard","meta":{"_acf_changed":false,"footnotes":""},"categories":[701,700],"tags":[788,790],"class_list":["post-3752","post","type-post","status-publish","format-standard","has-post-thumbnail","hentry","category-srbija","category-srpska-pravoslavna-crkva","tag-bozic","tag-obicaji"],"acf":[],"featured_image_urls":{"full":["https:\/\/amppress.rs\/wp-content\/uploads\/2024\/01\/dekoracija-novagodina-bozic-ivanjica-marija-pajovic-foto5-gzs.png",800,425,false],"thumbnail":["https:\/\/amppress.rs\/wp-content\/uploads\/2024\/01\/dekoracija-novagodina-bozic-ivanjica-marija-pajovic-foto5-gzs-150x150.png",150,150,true],"medium":["https:\/\/amppress.rs\/wp-content\/uploads\/2024\/01\/dekoracija-novagodina-bozic-ivanjica-marija-pajovic-foto5-gzs-300x159.png",300,159,true],"medium_large":["https:\/\/amppress.rs\/wp-content\/uploads\/2024\/01\/dekoracija-novagodina-bozic-ivanjica-marija-pajovic-foto5-gzs-768x408.png",640,340,true],"large":["https:\/\/amppress.rs\/wp-content\/uploads\/2024\/01\/dekoracija-novagodina-bozic-ivanjica-marija-pajovic-foto5-gzs.png",640,340,false],"1536x1536":["https:\/\/amppress.rs\/wp-content\/uploads\/2024\/01\/dekoracija-novagodina-bozic-ivanjica-marija-pajovic-foto5-gzs.png",800,425,false],"2048x2048":["https:\/\/amppress.rs\/wp-content\/uploads\/2024\/01\/dekoracija-novagodina-bozic-ivanjica-marija-pajovic-foto5-gzs.png",800,425,false],"cvmm-medium":["https:\/\/amppress.rs\/wp-content\/uploads\/2024\/01\/dekoracija-novagodina-bozic-ivanjica-marija-pajovic-foto5-gzs-300x300.png",300,300,true],"cvmm-medium-plus":["https:\/\/amppress.rs\/wp-content\/uploads\/2024\/01\/dekoracija-novagodina-bozic-ivanjica-marija-pajovic-foto5-gzs-305x207.png",305,207,true],"cvmm-portrait":["https:\/\/amppress.rs\/wp-content\/uploads\/2024\/01\/dekoracija-novagodina-bozic-ivanjica-marija-pajovic-foto5-gzs-400x425.png",400,425,true],"cvmm-medium-square":["https:\/\/amppress.rs\/wp-content\/uploads\/2024\/01\/dekoracija-novagodina-bozic-ivanjica-marija-pajovic-foto5-gzs-600x425.png",600,425,true],"cvmm-large":["https:\/\/amppress.rs\/wp-content\/uploads\/2024\/01\/dekoracija-novagodina-bozic-ivanjica-marija-pajovic-foto5-gzs.png",800,425,false],"cvmm-small":["https:\/\/amppress.rs\/wp-content\/uploads\/2024\/01\/dekoracija-novagodina-bozic-ivanjica-marija-pajovic-foto5-gzs-130x95.png",130,95,true],"newsever-slider-full":["https:\/\/amppress.rs\/wp-content\/uploads\/2024\/01\/dekoracija-novagodina-bozic-ivanjica-marija-pajovic-foto5-gzs.png",800,425,false],"newsever-featured":["https:\/\/amppress.rs\/wp-content\/uploads\/2024\/01\/dekoracija-novagodina-bozic-ivanjica-marija-pajovic-foto5-gzs.png",800,425,false],"newsever-medium":["https:\/\/amppress.rs\/wp-content\/uploads\/2024\/01\/dekoracija-novagodina-bozic-ivanjica-marija-pajovic-foto5-gzs-720x425.png",720,425,true]},"author_info":{"display_name":"\u0410\u041c\u041f \u041f\u0420\u0415\u0421\u0421","author_link":"https:\/\/amppress.rs\/index.php\/author\/eduka\/"},"category_info":"<a href=\"https:\/\/amppress.rs\/index.php\/category\/srbija\/\" rel=\"category tag\">Srbija<\/a> <a href=\"https:\/\/amppress.rs\/index.php\/category\/srpska-pravoslavna-crkva\/\" rel=\"category tag\">Srpska pravoslavna crkva<\/a>","tag_info":"Srpska pravoslavna crkva","comment_count":"0","blog_post_layout_featured_media_urls":{"thumbnail":["https:\/\/amppress.rs\/wp-content\/uploads\/2024\/01\/dekoracija-novagodina-bozic-ivanjica-marija-pajovic-foto5-gzs-150x150.png",150,150,true],"full":["https:\/\/amppress.rs\/wp-content\/uploads\/2024\/01\/dekoracija-novagodina-bozic-ivanjica-marija-pajovic-foto5-gzs.png",800,425,false]},"categories_names":{"701":{"name":"Srbija","link":"https:\/\/amppress.rs\/index.php\/category\/srbija\/"},"700":{"name":"Srpska pravoslavna crkva","link":"https:\/\/amppress.rs\/index.php\/category\/srpska-pravoslavna-crkva\/"}},"tags_names":{"788":{"name":"Bo\u017ei\u0107","link":"https:\/\/amppress.rs\/index.php\/tag\/bozic\/"},"790":{"name":"obi\u010daji","link":"https:\/\/amppress.rs\/index.php\/tag\/obicaji\/"}},"comments_number":"0","wpmagazine_modules_featured_media_urls":{"thumbnail":["https:\/\/amppress.rs\/wp-content\/uploads\/2024\/01\/dekoracija-novagodina-bozic-ivanjica-marija-pajovic-foto5-gzs-150x150.png",150,150,true],"cvmm-medium":["https:\/\/amppress.rs\/wp-content\/uploads\/2024\/01\/dekoracija-novagodina-bozic-ivanjica-marija-pajovic-foto5-gzs-300x300.png",300,300,true],"cvmm-medium-plus":["https:\/\/amppress.rs\/wp-content\/uploads\/2024\/01\/dekoracija-novagodina-bozic-ivanjica-marija-pajovic-foto5-gzs-305x207.png",305,207,true],"cvmm-portrait":["https:\/\/amppress.rs\/wp-content\/uploads\/2024\/01\/dekoracija-novagodina-bozic-ivanjica-marija-pajovic-foto5-gzs-400x425.png",400,425,true],"cvmm-medium-square":["https:\/\/amppress.rs\/wp-content\/uploads\/2024\/01\/dekoracija-novagodina-bozic-ivanjica-marija-pajovic-foto5-gzs-600x425.png",600,425,true],"cvmm-large":["https:\/\/amppress.rs\/wp-content\/uploads\/2024\/01\/dekoracija-novagodina-bozic-ivanjica-marija-pajovic-foto5-gzs.png",800,425,false],"cvmm-small":["https:\/\/amppress.rs\/wp-content\/uploads\/2024\/01\/dekoracija-novagodina-bozic-ivanjica-marija-pajovic-foto5-gzs-130x95.png",130,95,true],"full":["https:\/\/amppress.rs\/wp-content\/uploads\/2024\/01\/dekoracija-novagodina-bozic-ivanjica-marija-pajovic-foto5-gzs.png",800,425,false]},"_links":{"self":[{"href":"https:\/\/amppress.rs\/index.php\/wp-json\/wp\/v2\/posts\/3752","targetHints":{"allow":["GET"]}}],"collection":[{"href":"https:\/\/amppress.rs\/index.php\/wp-json\/wp\/v2\/posts"}],"about":[{"href":"https:\/\/amppress.rs\/index.php\/wp-json\/wp\/v2\/types\/post"}],"author":[{"embeddable":true,"href":"https:\/\/amppress.rs\/index.php\/wp-json\/wp\/v2\/users\/1"}],"replies":[{"embeddable":true,"href":"https:\/\/amppress.rs\/index.php\/wp-json\/wp\/v2\/comments?post=3752"}],"version-history":[{"count":1,"href":"https:\/\/amppress.rs\/index.php\/wp-json\/wp\/v2\/posts\/3752\/revisions"}],"predecessor-version":[{"id":3754,"href":"https:\/\/amppress.rs\/index.php\/wp-json\/wp\/v2\/posts\/3752\/revisions\/3754"}],"wp:featuredmedia":[{"embeddable":true,"href":"https:\/\/amppress.rs\/index.php\/wp-json\/wp\/v2\/media\/3753"}],"wp:attachment":[{"href":"https:\/\/amppress.rs\/index.php\/wp-json\/wp\/v2\/media?parent=3752"}],"wp:term":[{"taxonomy":"category","embeddable":true,"href":"https:\/\/amppress.rs\/index.php\/wp-json\/wp\/v2\/categories?post=3752"},{"taxonomy":"post_tag","embeddable":true,"href":"https:\/\/amppress.rs\/index.php\/wp-json\/wp\/v2\/tags?post=3752"}],"curies":[{"name":"wp","href":"https:\/\/api.w.org\/{rel}","templated":true}]}}