{"id":3449,"date":"2023-10-31T09:31:59","date_gmt":"2023-10-31T08:31:59","guid":{"rendered":"https:\/\/amppress.rs\/?p=3449"},"modified":"2023-10-31T09:31:59","modified_gmt":"2023-10-31T08:31:59","slug":"sveti-lukaali-nije-sneg-do-kuka","status":"publish","type":"post","link":"https:\/\/amppress.rs\/index.php\/2023\/10\/31\/sveti-lukaali-nije-sneg-do-kuka\/","title":{"rendered":"Sveti Luka,ali nije sneg do kuka"},"content":{"rendered":{},"protected":false},"excerpt":{"rendered":"<p>Ove godine navr\u0161ilo se 570 godina od prenosa mo\u0161tiju Svetog Luke u Smederevo. Taj \u010din&#8230;<\/p>\n","protected":false},"author":1,"featured_media":3450,"comment_status":"open","ping_status":"open","sticky":false,"template":"","format":"standard","meta":{"_acf_changed":false,"footnotes":""},"categories":[700],"tags":[709],"class_list":["post-3449","post","type-post","status-publish","format-standard","has-post-thumbnail","hentry","category-srpska-pravoslavna-crkva","tag-sveti-luka"],"acf":[],"featured_image_urls":{"full":["https:\/\/amppress.rs\/wp-content\/uploads\/2023\/10\/sv-luka.png",508,508,false],"thumbnail":["https:\/\/amppress.rs\/wp-content\/uploads\/2023\/10\/sv-luka-150x150.png",150,150,true],"medium":["https:\/\/amppress.rs\/wp-content\/uploads\/2023\/10\/sv-luka-300x300.png",300,300,true],"medium_large":["https:\/\/amppress.rs\/wp-content\/uploads\/2023\/10\/sv-luka.png",508,508,false],"large":["https:\/\/amppress.rs\/wp-content\/uploads\/2023\/10\/sv-luka.png",508,508,false],"1536x1536":["https:\/\/amppress.rs\/wp-content\/uploads\/2023\/10\/sv-luka.png",508,508,false],"2048x2048":["https:\/\/amppress.rs\/wp-content\/uploads\/2023\/10\/sv-luka.png",508,508,false],"cvmm-medium":["https:\/\/amppress.rs\/wp-content\/uploads\/2023\/10\/sv-luka-300x300.png",300,300,true],"cvmm-medium-plus":["https:\/\/amppress.rs\/wp-content\/uploads\/2023\/10\/sv-luka-305x207.png",305,207,true],"cvmm-portrait":["https:\/\/amppress.rs\/wp-content\/uploads\/2023\/10\/sv-luka-400x508.png",400,508,true],"cvmm-medium-square":["https:\/\/amppress.rs\/wp-content\/uploads\/2023\/10\/sv-luka.png",508,508,false],"cvmm-large":["https:\/\/amppress.rs\/wp-content\/uploads\/2023\/10\/sv-luka.png",508,508,false],"cvmm-small":["https:\/\/amppress.rs\/wp-content\/uploads\/2023\/10\/sv-luka-130x95.png",130,95,true],"newsever-slider-full":["https:\/\/amppress.rs\/wp-content\/uploads\/2023\/10\/sv-luka.png",508,508,false],"newsever-featured":["https:\/\/amppress.rs\/wp-content\/uploads\/2023\/10\/sv-luka.png",508,508,false],"newsever-medium":["https:\/\/amppress.rs\/wp-content\/uploads\/2023\/10\/sv-luka-508x475.png",508,475,true]},"author_info":{"display_name":"\u0410\u041c\u041f \u041f\u0420\u0415\u0421\u0421","author_link":"https:\/\/amppress.rs\/index.php\/author\/eduka\/"},"category_info":"<a href=\"https:\/\/amppress.rs\/index.php\/category\/srpska-pravoslavna-crkva\/\" rel=\"category tag\">Srpska pravoslavna crkva<\/a>","tag_info":"Srpska pravoslavna crkva","comment_count":"0","blog_post_layout_featured_media_urls":{"thumbnail":["https:\/\/amppress.rs\/wp-content\/uploads\/2023\/10\/sv-luka-150x150.png",150,150,true],"full":["https:\/\/amppress.rs\/wp-content\/uploads\/2023\/10\/sv-luka.png",508,508,false]},"categories_names":{"700":{"name":"Srpska pravoslavna crkva","link":"https:\/\/amppress.rs\/index.php\/category\/srpska-pravoslavna-crkva\/"}},"tags_names":{"709":{"name":"SVETI LUKA","link":"https:\/\/amppress.rs\/index.php\/tag\/sveti-luka\/"}},"comments_number":"0","wpmagazine_modules_featured_media_urls":{"thumbnail":["https:\/\/amppress.rs\/wp-content\/uploads\/2023\/10\/sv-luka-150x150.png",150,150,true],"cvmm-medium":["https:\/\/amppress.rs\/wp-content\/uploads\/2023\/10\/sv-luka-300x300.png",300,300,true],"cvmm-medium-plus":["https:\/\/amppress.rs\/wp-content\/uploads\/2023\/10\/sv-luka-305x207.png",305,207,true],"cvmm-portrait":["https:\/\/amppress.rs\/wp-content\/uploads\/2023\/10\/sv-luka-400x508.png",400,508,true],"cvmm-medium-square":["https:\/\/amppress.rs\/wp-content\/uploads\/2023\/10\/sv-luka.png",508,508,false],"cvmm-large":["https:\/\/amppress.rs\/wp-content\/uploads\/2023\/10\/sv-luka.png",508,508,false],"cvmm-small":["https:\/\/amppress.rs\/wp-content\/uploads\/2023\/10\/sv-luka-130x95.png",130,95,true],"full":["https:\/\/amppress.rs\/wp-content\/uploads\/2023\/10\/sv-luka.png",508,508,false]},"_links":{"self":[{"href":"https:\/\/amppress.rs\/index.php\/wp-json\/wp\/v2\/posts\/3449","targetHints":{"allow":["GET"]}}],"collection":[{"href":"https:\/\/amppress.rs\/index.php\/wp-json\/wp\/v2\/posts"}],"about":[{"href":"https:\/\/amppress.rs\/index.php\/wp-json\/wp\/v2\/types\/post"}],"author":[{"embeddable":true,"href":"https:\/\/amppress.rs\/index.php\/wp-json\/wp\/v2\/users\/1"}],"replies":[{"embeddable":true,"href":"https:\/\/amppress.rs\/index.php\/wp-json\/wp\/v2\/comments?post=3449"}],"version-history":[{"count":2,"href":"https:\/\/amppress.rs\/index.php\/wp-json\/wp\/v2\/posts\/3449\/revisions"}],"predecessor-version":[{"id":3452,"href":"https:\/\/amppress.rs\/index.php\/wp-json\/wp\/v2\/posts\/3449\/revisions\/3452"}],"wp:featuredmedia":[{"embeddable":true,"href":"https:\/\/amppress.rs\/index.php\/wp-json\/wp\/v2\/media\/3450"}],"wp:attachment":[{"href":"https:\/\/amppress.rs\/index.php\/wp-json\/wp\/v2\/media?parent=3449"}],"wp:term":[{"taxonomy":"category","embeddable":true,"href":"https:\/\/amppress.rs\/index.php\/wp-json\/wp\/v2\/categories?post=3449"},{"taxonomy":"post_tag","embeddable":true,"href":"https:\/\/amppress.rs\/index.php\/wp-json\/wp\/v2\/tags?post=3449"}],"curies":[{"name":"wp","href":"https:\/\/api.w.org\/{rel}","templated":true}]}}