{"id":2952,"date":"2023-08-23T17:35:45","date_gmt":"2023-08-23T17:35:45","guid":{"rendered":"https:\/\/amppress.rs\/?p=2952"},"modified":"2023-08-23T17:35:45","modified_gmt":"2023-08-23T17:35:45","slug":"praznik-kulture-humora-zabave-i-smeha-zakazan-za-vikend-sve-spremno-za-jos-jednu-nusicijadu-u-ivanjici","status":"publish","type":"post","link":"https:\/\/amppress.rs\/index.php\/2023\/08\/23\/praznik-kulture-humora-zabave-i-smeha-zakazan-za-vikend-sve-spremno-za-jos-jednu-nusicijadu-u-ivanjici\/","title":{"rendered":"Praznik kulture, humora, zabave i smeha zakazan za vikend: Sve spremno za jo\u0161 jednu Nu\u0161i\u0107ijadu u Ivanjici"},"content":{"rendered":{},"protected":false},"excerpt":{"rendered":"<p>Ivanjica &#8211; Praznik kulture, humora, zabave i smeha, ivanji\u010dki festival \u201eNu\u0161i\u0107ijada\u201d ove godine odr\u017eava se&#8230;<\/p>\n","protected":false},"author":1,"featured_media":2953,"comment_status":"open","ping_status":"open","sticky":false,"template":"","format":"standard","meta":{"_acf_changed":false,"footnotes":""},"categories":[66,67,65],"tags":[148,438,106],"class_list":["post-2952","post","type-post","status-publish","format-standard","has-post-thumbnail","hentry","category-turizam","category-vesti","category-manifestacije","tag-manifestacija","tag-nusicijada","tag-ivanjica"],"acf":[],"featured_image_urls":{"full":["https:\/\/amppress.rs\/wp-content\/uploads\/2023\/08\/16927792441630080631ivanjica-pocela-nusicijada-kljucevi-fotorina11.jpg",800,450,false],"thumbnail":["https:\/\/amppress.rs\/wp-content\/uploads\/2023\/08\/16927792441630080631ivanjica-pocela-nusicijada-kljucevi-fotorina11-150x150.jpg",150,150,true],"medium":["https:\/\/amppress.rs\/wp-content\/uploads\/2023\/08\/16927792441630080631ivanjica-pocela-nusicijada-kljucevi-fotorina11-300x169.jpg",300,169,true],"medium_large":["https:\/\/amppress.rs\/wp-content\/uploads\/2023\/08\/16927792441630080631ivanjica-pocela-nusicijada-kljucevi-fotorina11-768x432.jpg",640,360,true],"large":["https:\/\/amppress.rs\/wp-content\/uploads\/2023\/08\/16927792441630080631ivanjica-pocela-nusicijada-kljucevi-fotorina11.jpg",640,360,false],"1536x1536":["https:\/\/amppress.rs\/wp-content\/uploads\/2023\/08\/16927792441630080631ivanjica-pocela-nusicijada-kljucevi-fotorina11.jpg",800,450,false],"2048x2048":["https:\/\/amppress.rs\/wp-content\/uploads\/2023\/08\/16927792441630080631ivanjica-pocela-nusicijada-kljucevi-fotorina11.jpg",800,450,false],"cvmm-medium":["https:\/\/amppress.rs\/wp-content\/uploads\/2023\/08\/16927792441630080631ivanjica-pocela-nusicijada-kljucevi-fotorina11-300x300.jpg",300,300,true],"cvmm-medium-plus":["https:\/\/amppress.rs\/wp-content\/uploads\/2023\/08\/16927792441630080631ivanjica-pocela-nusicijada-kljucevi-fotorina11-305x207.jpg",305,207,true],"cvmm-portrait":["https:\/\/amppress.rs\/wp-content\/uploads\/2023\/08\/16927792441630080631ivanjica-pocela-nusicijada-kljucevi-fotorina11-400x450.jpg",400,450,true],"cvmm-medium-square":["https:\/\/amppress.rs\/wp-content\/uploads\/2023\/08\/16927792441630080631ivanjica-pocela-nusicijada-kljucevi-fotorina11-600x450.jpg",600,450,true],"cvmm-large":["https:\/\/amppress.rs\/wp-content\/uploads\/2023\/08\/16927792441630080631ivanjica-pocela-nusicijada-kljucevi-fotorina11.jpg",800,450,false],"cvmm-small":["https:\/\/amppress.rs\/wp-content\/uploads\/2023\/08\/16927792441630080631ivanjica-pocela-nusicijada-kljucevi-fotorina11-130x95.jpg",130,95,true],"newsever-slider-full":["https:\/\/amppress.rs\/wp-content\/uploads\/2023\/08\/16927792441630080631ivanjica-pocela-nusicijada-kljucevi-fotorina11.jpg",800,450,false],"newsever-featured":["https:\/\/amppress.rs\/wp-content\/uploads\/2023\/08\/16927792441630080631ivanjica-pocela-nusicijada-kljucevi-fotorina11.jpg",800,450,false],"newsever-medium":["https:\/\/amppress.rs\/wp-content\/uploads\/2023\/08\/16927792441630080631ivanjica-pocela-nusicijada-kljucevi-fotorina11-720x450.jpg",720,450,true]},"author_info":{"display_name":"\u0410\u041c\u041f \u041f\u0420\u0415\u0421\u0421","author_link":"https:\/\/amppress.rs\/index.php\/author\/eduka\/"},"category_info":"<a href=\"https:\/\/amppress.rs\/index.php\/category\/turizam\/\" rel=\"category tag\">Turizam<\/a> <a href=\"https:\/\/amppress.rs\/index.php\/category\/vesti\/\" rel=\"category tag\">Vesti<\/a> <a href=\"https:\/\/amppress.rs\/index.php\/category\/manifestacije\/\" rel=\"category tag\">\u041c\u0430\u043d\u0438\u0444\u0435\u0441\u0442\u0430\u0446\u0438\u0458\u0435<\/a>","tag_info":"\u041c\u0430\u043d\u0438\u0444\u0435\u0441\u0442\u0430\u0446\u0438\u0458\u0435","comment_count":"0","blog_post_layout_featured_media_urls":{"thumbnail":["https:\/\/amppress.rs\/wp-content\/uploads\/2023\/08\/16927792441630080631ivanjica-pocela-nusicijada-kljucevi-fotorina11-150x150.jpg",150,150,true],"full":["https:\/\/amppress.rs\/wp-content\/uploads\/2023\/08\/16927792441630080631ivanjica-pocela-nusicijada-kljucevi-fotorina11.jpg",800,450,false]},"categories_names":{"66":{"name":"Turizam","link":"https:\/\/amppress.rs\/index.php\/category\/turizam\/"},"67":{"name":"Vesti","link":"https:\/\/amppress.rs\/index.php\/category\/vesti\/"},"65":{"name":"\u041c\u0430\u043d\u0438\u0444\u0435\u0441\u0442\u0430\u0446\u0438\u0458\u0435","link":"https:\/\/amppress.rs\/index.php\/category\/manifestacije\/"}},"tags_names":{"148":{"name":"manifestacija","link":"https:\/\/amppress.rs\/index.php\/tag\/manifestacija\/"},"438":{"name":"NU\u0160I\u0106IJADA","link":"https:\/\/amppress.rs\/index.php\/tag\/nusicijada\/"},"106":{"name":"\u0418\u0432\u0430\u045a\u0438\u0446\u0430","link":"https:\/\/amppress.rs\/index.php\/tag\/ivanjica\/"}},"comments_number":"0","wpmagazine_modules_featured_media_urls":{"thumbnail":["https:\/\/amppress.rs\/wp-content\/uploads\/2023\/08\/16927792441630080631ivanjica-pocela-nusicijada-kljucevi-fotorina11-150x150.jpg",150,150,true],"cvmm-medium":["https:\/\/amppress.rs\/wp-content\/uploads\/2023\/08\/16927792441630080631ivanjica-pocela-nusicijada-kljucevi-fotorina11-300x300.jpg",300,300,true],"cvmm-medium-plus":["https:\/\/amppress.rs\/wp-content\/uploads\/2023\/08\/16927792441630080631ivanjica-pocela-nusicijada-kljucevi-fotorina11-305x207.jpg",305,207,true],"cvmm-portrait":["https:\/\/amppress.rs\/wp-content\/uploads\/2023\/08\/16927792441630080631ivanjica-pocela-nusicijada-kljucevi-fotorina11-400x450.jpg",400,450,true],"cvmm-medium-square":["https:\/\/amppress.rs\/wp-content\/uploads\/2023\/08\/16927792441630080631ivanjica-pocela-nusicijada-kljucevi-fotorina11-600x450.jpg",600,450,true],"cvmm-large":["https:\/\/amppress.rs\/wp-content\/uploads\/2023\/08\/16927792441630080631ivanjica-pocela-nusicijada-kljucevi-fotorina11.jpg",800,450,false],"cvmm-small":["https:\/\/amppress.rs\/wp-content\/uploads\/2023\/08\/16927792441630080631ivanjica-pocela-nusicijada-kljucevi-fotorina11-130x95.jpg",130,95,true],"full":["https:\/\/amppress.rs\/wp-content\/uploads\/2023\/08\/16927792441630080631ivanjica-pocela-nusicijada-kljucevi-fotorina11.jpg",800,450,false]},"_links":{"self":[{"href":"https:\/\/amppress.rs\/index.php\/wp-json\/wp\/v2\/posts\/2952","targetHints":{"allow":["GET"]}}],"collection":[{"href":"https:\/\/amppress.rs\/index.php\/wp-json\/wp\/v2\/posts"}],"about":[{"href":"https:\/\/amppress.rs\/index.php\/wp-json\/wp\/v2\/types\/post"}],"author":[{"embeddable":true,"href":"https:\/\/amppress.rs\/index.php\/wp-json\/wp\/v2\/users\/1"}],"replies":[{"embeddable":true,"href":"https:\/\/amppress.rs\/index.php\/wp-json\/wp\/v2\/comments?post=2952"}],"version-history":[{"count":1,"href":"https:\/\/amppress.rs\/index.php\/wp-json\/wp\/v2\/posts\/2952\/revisions"}],"predecessor-version":[{"id":2954,"href":"https:\/\/amppress.rs\/index.php\/wp-json\/wp\/v2\/posts\/2952\/revisions\/2954"}],"wp:featuredmedia":[{"embeddable":true,"href":"https:\/\/amppress.rs\/index.php\/wp-json\/wp\/v2\/media\/2953"}],"wp:attachment":[{"href":"https:\/\/amppress.rs\/index.php\/wp-json\/wp\/v2\/media?parent=2952"}],"wp:term":[{"taxonomy":"category","embeddable":true,"href":"https:\/\/amppress.rs\/index.php\/wp-json\/wp\/v2\/categories?post=2952"},{"taxonomy":"post_tag","embeddable":true,"href":"https:\/\/amppress.rs\/index.php\/wp-json\/wp\/v2\/tags?post=2952"}],"curies":[{"name":"wp","href":"https:\/\/api.w.org\/{rel}","templated":true}]}}