{"id":2571,"date":"2023-04-18T10:02:33","date_gmt":"2023-04-18T10:02:33","guid":{"rendered":"https:\/\/amppress.rs\/?p=2571"},"modified":"2023-04-18T10:02:36","modified_gmt":"2023-04-18T10:02:36","slug":"kamp-zlatibor-otvoren-za-posetioce","status":"publish","type":"post","link":"https:\/\/amppress.rs\/index.php\/2023\/04\/18\/kamp-zlatibor-otvoren-za-posetioce\/","title":{"rendered":"Kamp &#8220; Zlatibor&#8220; otvoren za posetioce"},"content":{"rendered":{},"protected":false},"excerpt":{"rendered":"<p>\u010cajetina &#8211; Zlatiborski kamp od danas spremno do\u010dekuje novu sezonu i pru\u017ea mnogobrojnim kamperima nesvakida\u0161nju&#8230;<\/p>\n","protected":false},"author":1,"featured_media":2572,"comment_status":"open","ping_status":"open","sticky":false,"template":"","format":"standard","meta":{"_acf_changed":false,"footnotes":""},"categories":[66,67],"tags":[197,68,89],"class_list":["post-2571","post","type-post","status-publish","format-standard","has-post-thumbnail","hentry","category-turizam","category-vesti","tag-kamp","tag-turizam","tag-zlatibor"],"acf":[],"featured_image_urls":{"full":["https:\/\/amppress.rs\/wp-content\/uploads\/2023\/04\/Kamp-Zlatibor.jpg",800,600,false],"thumbnail":["https:\/\/amppress.rs\/wp-content\/uploads\/2023\/04\/Kamp-Zlatibor-150x150.jpg",150,150,true],"medium":["https:\/\/amppress.rs\/wp-content\/uploads\/2023\/04\/Kamp-Zlatibor-300x225.jpg",300,225,true],"medium_large":["https:\/\/amppress.rs\/wp-content\/uploads\/2023\/04\/Kamp-Zlatibor-768x576.jpg",640,480,true],"large":["https:\/\/amppress.rs\/wp-content\/uploads\/2023\/04\/Kamp-Zlatibor.jpg",640,480,false],"1536x1536":["https:\/\/amppress.rs\/wp-content\/uploads\/2023\/04\/Kamp-Zlatibor.jpg",800,600,false],"2048x2048":["https:\/\/amppress.rs\/wp-content\/uploads\/2023\/04\/Kamp-Zlatibor.jpg",800,600,false],"cvmm-medium":["https:\/\/amppress.rs\/wp-content\/uploads\/2023\/04\/Kamp-Zlatibor-300x300.jpg",300,300,true],"cvmm-medium-plus":["https:\/\/amppress.rs\/wp-content\/uploads\/2023\/04\/Kamp-Zlatibor-305x207.jpg",305,207,true],"cvmm-portrait":["https:\/\/amppress.rs\/wp-content\/uploads\/2023\/04\/Kamp-Zlatibor-400x600.jpg",400,600,true],"cvmm-medium-square":["https:\/\/amppress.rs\/wp-content\/uploads\/2023\/04\/Kamp-Zlatibor-600x600.jpg",600,600,true],"cvmm-large":["https:\/\/amppress.rs\/wp-content\/uploads\/2023\/04\/Kamp-Zlatibor.jpg",800,600,false],"cvmm-small":["https:\/\/amppress.rs\/wp-content\/uploads\/2023\/04\/Kamp-Zlatibor-130x95.jpg",130,95,true],"newsever-slider-full":["https:\/\/amppress.rs\/wp-content\/uploads\/2023\/04\/Kamp-Zlatibor.jpg",800,600,false],"newsever-featured":["https:\/\/amppress.rs\/wp-content\/uploads\/2023\/04\/Kamp-Zlatibor.jpg",800,600,false],"newsever-medium":["https:\/\/amppress.rs\/wp-content\/uploads\/2023\/04\/Kamp-Zlatibor-720x475.jpg",720,475,true]},"author_info":{"display_name":"\u0410\u041c\u041f \u041f\u0420\u0415\u0421\u0421","author_link":"https:\/\/amppress.rs\/index.php\/author\/eduka\/"},"category_info":"<a href=\"https:\/\/amppress.rs\/index.php\/category\/turizam\/\" rel=\"category tag\">Turizam<\/a> <a href=\"https:\/\/amppress.rs\/index.php\/category\/vesti\/\" rel=\"category tag\">Vesti<\/a>","tag_info":"Vesti","comment_count":"0","blog_post_layout_featured_media_urls":{"thumbnail":["https:\/\/amppress.rs\/wp-content\/uploads\/2023\/04\/Kamp-Zlatibor-150x150.jpg",150,150,true],"full":["https:\/\/amppress.rs\/wp-content\/uploads\/2023\/04\/Kamp-Zlatibor.jpg",800,600,false]},"categories_names":{"66":{"name":"Turizam","link":"https:\/\/amppress.rs\/index.php\/category\/turizam\/"},"67":{"name":"Vesti","link":"https:\/\/amppress.rs\/index.php\/category\/vesti\/"}},"tags_names":{"197":{"name":"kamp","link":"https:\/\/amppress.rs\/index.php\/tag\/kamp\/"},"68":{"name":"Turizam","link":"https:\/\/amppress.rs\/index.php\/tag\/turizam\/"},"89":{"name":"\u0417\u043b\u0430\u0442\u0438\u0431\u043e\u0440","link":"https:\/\/amppress.rs\/index.php\/tag\/zlatibor\/"}},"comments_number":"0","wpmagazine_modules_featured_media_urls":{"thumbnail":["https:\/\/amppress.rs\/wp-content\/uploads\/2023\/04\/Kamp-Zlatibor-150x150.jpg",150,150,true],"cvmm-medium":["https:\/\/amppress.rs\/wp-content\/uploads\/2023\/04\/Kamp-Zlatibor-300x300.jpg",300,300,true],"cvmm-medium-plus":["https:\/\/amppress.rs\/wp-content\/uploads\/2023\/04\/Kamp-Zlatibor-305x207.jpg",305,207,true],"cvmm-portrait":["https:\/\/amppress.rs\/wp-content\/uploads\/2023\/04\/Kamp-Zlatibor-400x600.jpg",400,600,true],"cvmm-medium-square":["https:\/\/amppress.rs\/wp-content\/uploads\/2023\/04\/Kamp-Zlatibor-600x600.jpg",600,600,true],"cvmm-large":["https:\/\/amppress.rs\/wp-content\/uploads\/2023\/04\/Kamp-Zlatibor.jpg",800,600,false],"cvmm-small":["https:\/\/amppress.rs\/wp-content\/uploads\/2023\/04\/Kamp-Zlatibor-130x95.jpg",130,95,true],"full":["https:\/\/amppress.rs\/wp-content\/uploads\/2023\/04\/Kamp-Zlatibor.jpg",800,600,false]},"_links":{"self":[{"href":"https:\/\/amppress.rs\/index.php\/wp-json\/wp\/v2\/posts\/2571","targetHints":{"allow":["GET"]}}],"collection":[{"href":"https:\/\/amppress.rs\/index.php\/wp-json\/wp\/v2\/posts"}],"about":[{"href":"https:\/\/amppress.rs\/index.php\/wp-json\/wp\/v2\/types\/post"}],"author":[{"embeddable":true,"href":"https:\/\/amppress.rs\/index.php\/wp-json\/wp\/v2\/users\/1"}],"replies":[{"embeddable":true,"href":"https:\/\/amppress.rs\/index.php\/wp-json\/wp\/v2\/comments?post=2571"}],"version-history":[{"count":1,"href":"https:\/\/amppress.rs\/index.php\/wp-json\/wp\/v2\/posts\/2571\/revisions"}],"predecessor-version":[{"id":2573,"href":"https:\/\/amppress.rs\/index.php\/wp-json\/wp\/v2\/posts\/2571\/revisions\/2573"}],"wp:featuredmedia":[{"embeddable":true,"href":"https:\/\/amppress.rs\/index.php\/wp-json\/wp\/v2\/media\/2572"}],"wp:attachment":[{"href":"https:\/\/amppress.rs\/index.php\/wp-json\/wp\/v2\/media?parent=2571"}],"wp:term":[{"taxonomy":"category","embeddable":true,"href":"https:\/\/amppress.rs\/index.php\/wp-json\/wp\/v2\/categories?post=2571"},{"taxonomy":"post_tag","embeddable":true,"href":"https:\/\/amppress.rs\/index.php\/wp-json\/wp\/v2\/tags?post=2571"}],"curies":[{"name":"wp","href":"https:\/\/api.w.org\/{rel}","templated":true}]}}