{"id":14287,"date":"2026-08-13T14:04:28","date_gmt":"2026-08-13T12:04:28","guid":{"rendered":"https:\/\/amppress.rs\/?p=14287"},"modified":"2026-08-14T08:09:59","modified_gmt":"2026-08-14T06:09:59","slug":"cacak-domacin-regionalne-olimpijade-penzionera","status":"publish","type":"post","link":"https:\/\/amppress.rs\/index.php\/2026\/08\/13\/cacak-domacin-regionalne-olimpijade-penzionera\/","title":{"rendered":"\u010cA\u010cAK DOMA\u0106IN REGIONALNE OLIMPIJADE PENZIONERA"},"content":{"rendered":{},"protected":false},"excerpt":{"rendered":"<p>\u010ca\u010dak &#8211; U \u010ca\u010dku je danas sve\u010dano otvorena Regionalna olimpijada penzionera, koja je okupila veliki&#8230;<\/p>\n","protected":false},"author":1,"featured_media":14289,"comment_status":"open","ping_status":"open","sticky":false,"template":"","format":"standard","meta":{"_acf_changed":false,"footnotes":""},"categories":[766],"tags":[3331,409,93],"class_list":["post-14287","post","type-post","status-publish","format-standard","has-post-thumbnail","hentry","category-cacak","tag-olimpiada","tag-penzioneri","tag-cacak"],"acf":[],"featured_image_urls":{"full":["https:\/\/amppress.rs\/wp-content\/uploads\/2026\/08\/penzioneri_olimpijada-gzs.webp",640,360,false],"thumbnail":["https:\/\/amppress.rs\/wp-content\/uploads\/2026\/08\/penzioneri_olimpijada-gzs-150x150.webp",150,150,true],"medium":["https:\/\/amppress.rs\/wp-content\/uploads\/2026\/08\/penzioneri_olimpijada-gzs-300x169.webp",300,169,true],"medium_large":["https:\/\/amppress.rs\/wp-content\/uploads\/2026\/08\/penzioneri_olimpijada-gzs.webp",640,360,false],"large":["https:\/\/amppress.rs\/wp-content\/uploads\/2026\/08\/penzioneri_olimpijada-gzs.webp",640,360,false],"1536x1536":["https:\/\/amppress.rs\/wp-content\/uploads\/2026\/08\/penzioneri_olimpijada-gzs.webp",640,360,false],"2048x2048":["https:\/\/amppress.rs\/wp-content\/uploads\/2026\/08\/penzioneri_olimpijada-gzs.webp",640,360,false],"cvmm-medium":["https:\/\/amppress.rs\/wp-content\/uploads\/2026\/08\/penzioneri_olimpijada-gzs-300x300.webp",300,300,true],"cvmm-medium-plus":["https:\/\/amppress.rs\/wp-content\/uploads\/2026\/08\/penzioneri_olimpijada-gzs-305x207.webp",305,207,true],"cvmm-portrait":["https:\/\/amppress.rs\/wp-content\/uploads\/2026\/08\/penzioneri_olimpijada-gzs-400x360.webp",400,360,true],"cvmm-medium-square":["https:\/\/amppress.rs\/wp-content\/uploads\/2026\/08\/penzioneri_olimpijada-gzs-600x360.webp",600,360,true],"cvmm-large":["https:\/\/amppress.rs\/wp-content\/uploads\/2026\/08\/penzioneri_olimpijada-gzs.webp",640,360,false],"cvmm-small":["https:\/\/amppress.rs\/wp-content\/uploads\/2026\/08\/penzioneri_olimpijada-gzs-130x95.webp",130,95,true],"newsever-slider-full":["https:\/\/amppress.rs\/wp-content\/uploads\/2026\/08\/penzioneri_olimpijada-gzs.webp",640,360,false],"newsever-featured":["https:\/\/amppress.rs\/wp-content\/uploads\/2026\/08\/penzioneri_olimpijada-gzs.webp",640,360,false],"newsever-medium":["https:\/\/amppress.rs\/wp-content\/uploads\/2026\/08\/penzioneri_olimpijada-gzs.webp",640,360,false]},"author_info":{"display_name":"\u0410\u041c\u041f \u041f\u0420\u0415\u0421\u0421","author_link":"https:\/\/amppress.rs\/index.php\/author\/eduka\/"},"category_info":"<a href=\"https:\/\/amppress.rs\/index.php\/category\/cacak\/\" rel=\"category tag\">\u010ca\u010dak<\/a>","tag_info":"\u010ca\u010dak","comment_count":"0","blog_post_layout_featured_media_urls":{"thumbnail":["https:\/\/amppress.rs\/wp-content\/uploads\/2026\/08\/penzioneri_olimpijada-gzs-150x150.webp",150,150,true],"full":["https:\/\/amppress.rs\/wp-content\/uploads\/2026\/08\/penzioneri_olimpijada-gzs.webp",640,360,false]},"categories_names":{"766":{"name":"\u010ca\u010dak","link":"https:\/\/amppress.rs\/index.php\/category\/cacak\/"}},"tags_names":{"3331":{"name":"olimpiada","link":"https:\/\/amppress.rs\/index.php\/tag\/olimpiada\/"},"409":{"name":"\u041f\u0415\u041d\u0417\u0418\u041e\u041d\u0415\u0420\u0418","link":"https:\/\/amppress.rs\/index.php\/tag\/penzioneri\/"},"93":{"name":"\u0427\u0430\u0447\u0430\u043a","link":"https:\/\/amppress.rs\/index.php\/tag\/cacak\/"}},"comments_number":"0","wpmagazine_modules_featured_media_urls":{"thumbnail":["https:\/\/amppress.rs\/wp-content\/uploads\/2026\/08\/penzioneri_olimpijada-gzs-150x150.webp",150,150,true],"cvmm-medium":["https:\/\/amppress.rs\/wp-content\/uploads\/2026\/08\/penzioneri_olimpijada-gzs-300x300.webp",300,300,true],"cvmm-medium-plus":["https:\/\/amppress.rs\/wp-content\/uploads\/2026\/08\/penzioneri_olimpijada-gzs-305x207.webp",305,207,true],"cvmm-portrait":["https:\/\/amppress.rs\/wp-content\/uploads\/2026\/08\/penzioneri_olimpijada-gzs-400x360.webp",400,360,true],"cvmm-medium-square":["https:\/\/amppress.rs\/wp-content\/uploads\/2026\/08\/penzioneri_olimpijada-gzs-600x360.webp",600,360,true],"cvmm-large":["https:\/\/amppress.rs\/wp-content\/uploads\/2026\/08\/penzioneri_olimpijada-gzs.webp",640,360,false],"cvmm-small":["https:\/\/amppress.rs\/wp-content\/uploads\/2026\/08\/penzioneri_olimpijada-gzs-130x95.webp",130,95,true],"full":["https:\/\/amppress.rs\/wp-content\/uploads\/2026\/08\/penzioneri_olimpijada-gzs.webp",640,360,false]},"_links":{"self":[{"href":"https:\/\/amppress.rs\/index.php\/wp-json\/wp\/v2\/posts\/14287","targetHints":{"allow":["GET"]}}],"collection":[{"href":"https:\/\/amppress.rs\/index.php\/wp-json\/wp\/v2\/posts"}],"about":[{"href":"https:\/\/amppress.rs\/index.php\/wp-json\/wp\/v2\/types\/post"}],"author":[{"embeddable":true,"href":"https:\/\/amppress.rs\/index.php\/wp-json\/wp\/v2\/users\/1"}],"replies":[{"embeddable":true,"href":"https:\/\/amppress.rs\/index.php\/wp-json\/wp\/v2\/comments?post=14287"}],"version-history":[{"count":1,"href":"https:\/\/amppress.rs\/index.php\/wp-json\/wp\/v2\/posts\/14287\/revisions"}],"predecessor-version":[{"id":14288,"href":"https:\/\/amppress.rs\/index.php\/wp-json\/wp\/v2\/posts\/14287\/revisions\/14288"}],"wp:featuredmedia":[{"embeddable":true,"href":"https:\/\/amppress.rs\/index.php\/wp-json\/wp\/v2\/media\/14289"}],"wp:attachment":[{"href":"https:\/\/amppress.rs\/index.php\/wp-json\/wp\/v2\/media?parent=14287"}],"wp:term":[{"taxonomy":"category","embeddable":true,"href":"https:\/\/amppress.rs\/index.php\/wp-json\/wp\/v2\/categories?post=14287"},{"taxonomy":"post_tag","embeddable":true,"href":"https:\/\/amppress.rs\/index.php\/wp-json\/wp\/v2\/tags?post=14287"}],"curies":[{"name":"wp","href":"https:\/\/api.w.org\/{rel}","templated":true}]}}