{"id":14182,"date":"2026-07-30T09:15:39","date_gmt":"2026-07-30T07:15:39","guid":{"rendered":"https:\/\/amppress.rs\/?p=14182"},"modified":"2026-07-31T09:20:16","modified_gmt":"2026-07-31T07:20:16","slug":"danas-je-ognjena-marijazastitnica-zena-i-jedna-od-najpostovanijih-svetiteljki","status":"publish","type":"post","link":"https:\/\/amppress.rs\/index.php\/2026\/07\/30\/danas-je-ognjena-marijazastitnica-zena-i-jedna-od-najpostovanijih-svetiteljki\/","title":{"rendered":"Danas je Ognjena Marija,za\u0161titnica \u017eena i jedna od najpo\u0161tovanijih svetiteljki"},"content":{"rendered":{},"protected":false},"excerpt":{"rendered":"<p>Danas Srpska pravoslavna crkva obele\u017eava svetu velikomu\u010denicu Marinu, u narodu poznatiju kao Ognjena Marija. Re\u010d&#8230;<\/p>\n","protected":false},"author":1,"featured_media":14183,"comment_status":"open","ping_status":"open","sticky":false,"template":"","format":"standard","meta":{"_acf_changed":false,"footnotes":""},"categories":[700],"tags":[263,1307,749,1789,3505],"class_list":["post-14182","post","type-post","status-publish","format-standard","has-post-thumbnail","hentry","category-srpska-pravoslavna-crkva","tag-crkva","tag-ognjena-marija","tag-praznik","tag-vernici","tag-zastitnica-zena"],"acf":[],"featured_image_urls":{"full":["https:\/\/amppress.rs\/wp-content\/uploads\/2026\/07\/ognjena-marija-prinscrin.webp",640,362,false],"thumbnail":["https:\/\/amppress.rs\/wp-content\/uploads\/2026\/07\/ognjena-marija-prinscrin-150x150.webp",150,150,true],"medium":["https:\/\/amppress.rs\/wp-content\/uploads\/2026\/07\/ognjena-marija-prinscrin-300x170.webp",300,170,true],"medium_large":["https:\/\/amppress.rs\/wp-content\/uploads\/2026\/07\/ognjena-marija-prinscrin.webp",640,362,false],"large":["https:\/\/amppress.rs\/wp-content\/uploads\/2026\/07\/ognjena-marija-prinscrin.webp",640,362,false],"1536x1536":["https:\/\/amppress.rs\/wp-content\/uploads\/2026\/07\/ognjena-marija-prinscrin.webp",640,362,false],"2048x2048":["https:\/\/amppress.rs\/wp-content\/uploads\/2026\/07\/ognjena-marija-prinscrin.webp",640,362,false],"cvmm-medium":["https:\/\/amppress.rs\/wp-content\/uploads\/2026\/07\/ognjena-marija-prinscrin-300x300.webp",300,300,true],"cvmm-medium-plus":["https:\/\/amppress.rs\/wp-content\/uploads\/2026\/07\/ognjena-marija-prinscrin-305x207.webp",305,207,true],"cvmm-portrait":["https:\/\/amppress.rs\/wp-content\/uploads\/2026\/07\/ognjena-marija-prinscrin-400x362.webp",400,362,true],"cvmm-medium-square":["https:\/\/amppress.rs\/wp-content\/uploads\/2026\/07\/ognjena-marija-prinscrin-600x362.webp",600,362,true],"cvmm-large":["https:\/\/amppress.rs\/wp-content\/uploads\/2026\/07\/ognjena-marija-prinscrin.webp",640,362,false],"cvmm-small":["https:\/\/amppress.rs\/wp-content\/uploads\/2026\/07\/ognjena-marija-prinscrin-130x95.webp",130,95,true],"newsever-slider-full":["https:\/\/amppress.rs\/wp-content\/uploads\/2026\/07\/ognjena-marija-prinscrin.webp",640,362,false],"newsever-featured":["https:\/\/amppress.rs\/wp-content\/uploads\/2026\/07\/ognjena-marija-prinscrin.webp",640,362,false],"newsever-medium":["https:\/\/amppress.rs\/wp-content\/uploads\/2026\/07\/ognjena-marija-prinscrin.webp",640,362,false]},"author_info":{"display_name":"\u0410\u041c\u041f \u041f\u0420\u0415\u0421\u0421","author_link":"https:\/\/amppress.rs\/index.php\/author\/eduka\/"},"category_info":"<a href=\"https:\/\/amppress.rs\/index.php\/category\/srpska-pravoslavna-crkva\/\" rel=\"category tag\">Srpska pravoslavna crkva<\/a>","tag_info":"Srpska pravoslavna crkva","comment_count":"0","blog_post_layout_featured_media_urls":{"thumbnail":["https:\/\/amppress.rs\/wp-content\/uploads\/2026\/07\/ognjena-marija-prinscrin-150x150.webp",150,150,true],"full":["https:\/\/amppress.rs\/wp-content\/uploads\/2026\/07\/ognjena-marija-prinscrin.webp",640,362,false]},"categories_names":{"700":{"name":"Srpska pravoslavna crkva","link":"https:\/\/amppress.rs\/index.php\/category\/srpska-pravoslavna-crkva\/"}},"tags_names":{"263":{"name":"CRKVA","link":"https:\/\/amppress.rs\/index.php\/tag\/crkva\/"},"1307":{"name":"ognjena marija","link":"https:\/\/amppress.rs\/index.php\/tag\/ognjena-marija\/"},"749":{"name":"praznik","link":"https:\/\/amppress.rs\/index.php\/tag\/praznik\/"},"1789":{"name":"vernici","link":"https:\/\/amppress.rs\/index.php\/tag\/vernici\/"},"3505":{"name":"za\u0161titnica \u017eena","link":"https:\/\/amppress.rs\/index.php\/tag\/zastitnica-zena\/"}},"comments_number":"0","wpmagazine_modules_featured_media_urls":{"thumbnail":["https:\/\/amppress.rs\/wp-content\/uploads\/2026\/07\/ognjena-marija-prinscrin-150x150.webp",150,150,true],"cvmm-medium":["https:\/\/amppress.rs\/wp-content\/uploads\/2026\/07\/ognjena-marija-prinscrin-300x300.webp",300,300,true],"cvmm-medium-plus":["https:\/\/amppress.rs\/wp-content\/uploads\/2026\/07\/ognjena-marija-prinscrin-305x207.webp",305,207,true],"cvmm-portrait":["https:\/\/amppress.rs\/wp-content\/uploads\/2026\/07\/ognjena-marija-prinscrin-400x362.webp",400,362,true],"cvmm-medium-square":["https:\/\/amppress.rs\/wp-content\/uploads\/2026\/07\/ognjena-marija-prinscrin-600x362.webp",600,362,true],"cvmm-large":["https:\/\/amppress.rs\/wp-content\/uploads\/2026\/07\/ognjena-marija-prinscrin.webp",640,362,false],"cvmm-small":["https:\/\/amppress.rs\/wp-content\/uploads\/2026\/07\/ognjena-marija-prinscrin-130x95.webp",130,95,true],"full":["https:\/\/amppress.rs\/wp-content\/uploads\/2026\/07\/ognjena-marija-prinscrin.webp",640,362,false]},"_links":{"self":[{"href":"https:\/\/amppress.rs\/index.php\/wp-json\/wp\/v2\/posts\/14182","targetHints":{"allow":["GET"]}}],"collection":[{"href":"https:\/\/amppress.rs\/index.php\/wp-json\/wp\/v2\/posts"}],"about":[{"href":"https:\/\/amppress.rs\/index.php\/wp-json\/wp\/v2\/types\/post"}],"author":[{"embeddable":true,"href":"https:\/\/amppress.rs\/index.php\/wp-json\/wp\/v2\/users\/1"}],"replies":[{"embeddable":true,"href":"https:\/\/amppress.rs\/index.php\/wp-json\/wp\/v2\/comments?post=14182"}],"version-history":[{"count":1,"href":"https:\/\/amppress.rs\/index.php\/wp-json\/wp\/v2\/posts\/14182\/revisions"}],"predecessor-version":[{"id":14184,"href":"https:\/\/amppress.rs\/index.php\/wp-json\/wp\/v2\/posts\/14182\/revisions\/14184"}],"wp:featuredmedia":[{"embeddable":true,"href":"https:\/\/amppress.rs\/index.php\/wp-json\/wp\/v2\/media\/14183"}],"wp:attachment":[{"href":"https:\/\/amppress.rs\/index.php\/wp-json\/wp\/v2\/media?parent=14182"}],"wp:term":[{"taxonomy":"category","embeddable":true,"href":"https:\/\/amppress.rs\/index.php\/wp-json\/wp\/v2\/categories?post=14182"},{"taxonomy":"post_tag","embeddable":true,"href":"https:\/\/amppress.rs\/index.php\/wp-json\/wp\/v2\/tags?post=14182"}],"curies":[{"name":"wp","href":"https:\/\/api.w.org\/{rel}","templated":true}]}}