{"id":13253,"date":"2026-05-20T11:48:31","date_gmt":"2026-05-20T09:48:31","guid":{"rendered":"https:\/\/amppress.rs\/?p=13253"},"modified":"2026-05-20T11:48:31","modified_gmt":"2026-05-20T09:48:31","slug":"svilajnac-postaje-centar-dualnog-obrazovanja-pocinje-izgradnja-regionalnog-trening-centra","status":"publish","type":"post","link":"https:\/\/amppress.rs\/index.php\/2026\/05\/20\/svilajnac-postaje-centar-dualnog-obrazovanja-pocinje-izgradnja-regionalnog-trening-centra\/","title":{"rendered":"Svilajnac postaje centar dualnog obrazovanja: Po\u010dinje izgradnja regionalnog trening centra"},"content":{"rendered":{},"protected":false},"excerpt":{"rendered":"<p>Svilajnac &#8211; Op\u0161tina Svilajnac jo\u0161 jednom je potvrdila poziciju lidera u razvoju dualnog obrazovanja. Zavr\u0161eni&#8230;<\/p>\n","protected":false},"author":1,"featured_media":13254,"comment_status":"open","ping_status":"open","sticky":false,"template":"","format":"standard","meta":{"_acf_changed":false,"footnotes":""},"categories":[958],"tags":[975,967,3994],"class_list":["post-13253","post","type-post","status-publish","format-standard","has-post-thumbnail","hentry","category-svilajnac","tag-dualno-obrazovanje","tag-svilajnac","tag-vlada-republike-srbije"],"acf":[],"featured_image_urls":{"full":["https:\/\/amppress.rs\/wp-content\/uploads\/2026\/05\/Svilajnac2020.webp",640,427,false],"thumbnail":["https:\/\/amppress.rs\/wp-content\/uploads\/2026\/05\/Svilajnac2020-150x150.webp",150,150,true],"medium":["https:\/\/amppress.rs\/wp-content\/uploads\/2026\/05\/Svilajnac2020-300x200.webp",300,200,true],"medium_large":["https:\/\/amppress.rs\/wp-content\/uploads\/2026\/05\/Svilajnac2020.webp",640,427,false],"large":["https:\/\/amppress.rs\/wp-content\/uploads\/2026\/05\/Svilajnac2020.webp",640,427,false],"1536x1536":["https:\/\/amppress.rs\/wp-content\/uploads\/2026\/05\/Svilajnac2020.webp",640,427,false],"2048x2048":["https:\/\/amppress.rs\/wp-content\/uploads\/2026\/05\/Svilajnac2020.webp",640,427,false],"cvmm-medium":["https:\/\/amppress.rs\/wp-content\/uploads\/2026\/05\/Svilajnac2020-300x300.webp",300,300,true],"cvmm-medium-plus":["https:\/\/amppress.rs\/wp-content\/uploads\/2026\/05\/Svilajnac2020-305x207.webp",305,207,true],"cvmm-portrait":["https:\/\/amppress.rs\/wp-content\/uploads\/2026\/05\/Svilajnac2020-400x427.webp",400,427,true],"cvmm-medium-square":["https:\/\/amppress.rs\/wp-content\/uploads\/2026\/05\/Svilajnac2020-600x427.webp",600,427,true],"cvmm-large":["https:\/\/amppress.rs\/wp-content\/uploads\/2026\/05\/Svilajnac2020.webp",640,427,false],"cvmm-small":["https:\/\/amppress.rs\/wp-content\/uploads\/2026\/05\/Svilajnac2020-130x95.webp",130,95,true],"newsever-slider-full":["https:\/\/amppress.rs\/wp-content\/uploads\/2026\/05\/Svilajnac2020.webp",640,427,false],"newsever-featured":["https:\/\/amppress.rs\/wp-content\/uploads\/2026\/05\/Svilajnac2020.webp",640,427,false],"newsever-medium":["https:\/\/amppress.rs\/wp-content\/uploads\/2026\/05\/Svilajnac2020.webp",640,427,false]},"author_info":{"display_name":"\u0410\u041c\u041f \u041f\u0420\u0415\u0421\u0421","author_link":"https:\/\/amppress.rs\/index.php\/author\/eduka\/"},"category_info":"<a href=\"https:\/\/amppress.rs\/index.php\/category\/svilajnac\/\" rel=\"category tag\">svilajnac<\/a>","tag_info":"svilajnac","comment_count":"1","blog_post_layout_featured_media_urls":{"thumbnail":["https:\/\/amppress.rs\/wp-content\/uploads\/2026\/05\/Svilajnac2020-150x150.webp",150,150,true],"full":["https:\/\/amppress.rs\/wp-content\/uploads\/2026\/05\/Svilajnac2020.webp",640,427,false]},"categories_names":{"958":{"name":"svilajnac","link":"https:\/\/amppress.rs\/index.php\/category\/svilajnac\/"}},"tags_names":{"975":{"name":"DUALNO OBRAZOVANJE","link":"https:\/\/amppress.rs\/index.php\/tag\/dualno-obrazovanje\/"},"967":{"name":"SVILAJNAC","link":"https:\/\/amppress.rs\/index.php\/tag\/svilajnac\/"},"3994":{"name":"vlada republike Srbije","link":"https:\/\/amppress.rs\/index.php\/tag\/vlada-republike-srbije\/"}},"comments_number":"1","wpmagazine_modules_featured_media_urls":{"thumbnail":["https:\/\/amppress.rs\/wp-content\/uploads\/2026\/05\/Svilajnac2020-150x150.webp",150,150,true],"cvmm-medium":["https:\/\/amppress.rs\/wp-content\/uploads\/2026\/05\/Svilajnac2020-300x300.webp",300,300,true],"cvmm-medium-plus":["https:\/\/amppress.rs\/wp-content\/uploads\/2026\/05\/Svilajnac2020-305x207.webp",305,207,true],"cvmm-portrait":["https:\/\/amppress.rs\/wp-content\/uploads\/2026\/05\/Svilajnac2020-400x427.webp",400,427,true],"cvmm-medium-square":["https:\/\/amppress.rs\/wp-content\/uploads\/2026\/05\/Svilajnac2020-600x427.webp",600,427,true],"cvmm-large":["https:\/\/amppress.rs\/wp-content\/uploads\/2026\/05\/Svilajnac2020.webp",640,427,false],"cvmm-small":["https:\/\/amppress.rs\/wp-content\/uploads\/2026\/05\/Svilajnac2020-130x95.webp",130,95,true],"full":["https:\/\/amppress.rs\/wp-content\/uploads\/2026\/05\/Svilajnac2020.webp",640,427,false]},"_links":{"self":[{"href":"https:\/\/amppress.rs\/index.php\/wp-json\/wp\/v2\/posts\/13253","targetHints":{"allow":["GET"]}}],"collection":[{"href":"https:\/\/amppress.rs\/index.php\/wp-json\/wp\/v2\/posts"}],"about":[{"href":"https:\/\/amppress.rs\/index.php\/wp-json\/wp\/v2\/types\/post"}],"author":[{"embeddable":true,"href":"https:\/\/amppress.rs\/index.php\/wp-json\/wp\/v2\/users\/1"}],"replies":[{"embeddable":true,"href":"https:\/\/amppress.rs\/index.php\/wp-json\/wp\/v2\/comments?post=13253"}],"version-history":[{"count":1,"href":"https:\/\/amppress.rs\/index.php\/wp-json\/wp\/v2\/posts\/13253\/revisions"}],"predecessor-version":[{"id":13255,"href":"https:\/\/amppress.rs\/index.php\/wp-json\/wp\/v2\/posts\/13253\/revisions\/13255"}],"wp:featuredmedia":[{"embeddable":true,"href":"https:\/\/amppress.rs\/index.php\/wp-json\/wp\/v2\/media\/13254"}],"wp:attachment":[{"href":"https:\/\/amppress.rs\/index.php\/wp-json\/wp\/v2\/media?parent=13253"}],"wp:term":[{"taxonomy":"category","embeddable":true,"href":"https:\/\/amppress.rs\/index.php\/wp-json\/wp\/v2\/categories?post=13253"},{"taxonomy":"post_tag","embeddable":true,"href":"https:\/\/amppress.rs\/index.php\/wp-json\/wp\/v2\/tags?post=13253"}],"curies":[{"name":"wp","href":"https:\/\/api.w.org\/{rel}","templated":true}]}}