{"id":12876,"date":"2026-04-22T12:09:30","date_gmt":"2026-04-22T10:09:30","guid":{"rendered":"https:\/\/amppress.rs\/?p=12876"},"modified":"2026-04-23T09:17:45","modified_gmt":"2026-04-23T07:17:45","slug":"pdsrbijasumena-medjunarodnom-sajmu-hortikulture","status":"publish","type":"post","link":"https:\/\/amppress.rs\/index.php\/2026\/04\/22\/pdsrbijasumena-medjunarodnom-sajmu-hortikulture\/","title":{"rendered":"PD&#8220;Srbija\u0161ume&#8220;na me\u0111unarodnom sajmu hortikulture"},"content":{"rendered":{},"protected":false},"excerpt":{"rendered":"<p>Me\u0111unarodni sajam hortikulture, na Beogradskom sajmu sve\u010dano je otvorio ministar poljoprivrede, \u0161umarstva i vodoprivrede prof&#8230;<\/p>\n","protected":false},"author":1,"featured_media":12877,"comment_status":"open","ping_status":"open","sticky":false,"template":"","format":"standard","meta":{"_acf_changed":false,"footnotes":""},"categories":[3552],"tags":[3922,221,3209],"class_list":["post-12876","post","type-post","status-publish","format-standard","has-post-thumbnail","hentry","category-srbijasume","tag-holtikultura","tag-sajam","tag-srbijasume"],"acf":[],"featured_image_urls":{"full":["https:\/\/amppress.rs\/wp-content\/uploads\/2026\/04\/IMG_2507.webp",640,427,false],"thumbnail":["https:\/\/amppress.rs\/wp-content\/uploads\/2026\/04\/IMG_2507-150x150.webp",150,150,true],"medium":["https:\/\/amppress.rs\/wp-content\/uploads\/2026\/04\/IMG_2507-300x200.webp",300,200,true],"medium_large":["https:\/\/amppress.rs\/wp-content\/uploads\/2026\/04\/IMG_2507.webp",640,427,false],"large":["https:\/\/amppress.rs\/wp-content\/uploads\/2026\/04\/IMG_2507.webp",640,427,false],"1536x1536":["https:\/\/amppress.rs\/wp-content\/uploads\/2026\/04\/IMG_2507.webp",640,427,false],"2048x2048":["https:\/\/amppress.rs\/wp-content\/uploads\/2026\/04\/IMG_2507.webp",640,427,false],"cvmm-medium":["https:\/\/amppress.rs\/wp-content\/uploads\/2026\/04\/IMG_2507-300x300.webp",300,300,true],"cvmm-medium-plus":["https:\/\/amppress.rs\/wp-content\/uploads\/2026\/04\/IMG_2507-305x207.webp",305,207,true],"cvmm-portrait":["https:\/\/amppress.rs\/wp-content\/uploads\/2026\/04\/IMG_2507-400x427.webp",400,427,true],"cvmm-medium-square":["https:\/\/amppress.rs\/wp-content\/uploads\/2026\/04\/IMG_2507-600x427.webp",600,427,true],"cvmm-large":["https:\/\/amppress.rs\/wp-content\/uploads\/2026\/04\/IMG_2507.webp",640,427,false],"cvmm-small":["https:\/\/amppress.rs\/wp-content\/uploads\/2026\/04\/IMG_2507-130x95.webp",130,95,true],"newsever-slider-full":["https:\/\/amppress.rs\/wp-content\/uploads\/2026\/04\/IMG_2507.webp",640,427,false],"newsever-featured":["https:\/\/amppress.rs\/wp-content\/uploads\/2026\/04\/IMG_2507.webp",640,427,false],"newsever-medium":["https:\/\/amppress.rs\/wp-content\/uploads\/2026\/04\/IMG_2507.webp",640,427,false]},"author_info":{"display_name":"\u0410\u041c\u041f \u041f\u0420\u0415\u0421\u0421","author_link":"https:\/\/amppress.rs\/index.php\/author\/eduka\/"},"category_info":"<a href=\"https:\/\/amppress.rs\/index.php\/category\/srbijasume\/\" rel=\"category tag\">Srbija\u0161ume<\/a>","tag_info":"Srbija\u0161ume","comment_count":"0","blog_post_layout_featured_media_urls":{"thumbnail":["https:\/\/amppress.rs\/wp-content\/uploads\/2026\/04\/IMG_2507-150x150.webp",150,150,true],"full":["https:\/\/amppress.rs\/wp-content\/uploads\/2026\/04\/IMG_2507.webp",640,427,false]},"categories_names":{"3552":{"name":"Srbija\u0161ume","link":"https:\/\/amppress.rs\/index.php\/category\/srbijasume\/"}},"tags_names":{"3922":{"name":"holtikultura","link":"https:\/\/amppress.rs\/index.php\/tag\/holtikultura\/"},"221":{"name":"sajam","link":"https:\/\/amppress.rs\/index.php\/tag\/sajam\/"},"3209":{"name":"Srbija\u0161ume","link":"https:\/\/amppress.rs\/index.php\/tag\/srbijasume\/"}},"comments_number":"0","wpmagazine_modules_featured_media_urls":{"thumbnail":["https:\/\/amppress.rs\/wp-content\/uploads\/2026\/04\/IMG_2507-150x150.webp",150,150,true],"cvmm-medium":["https:\/\/amppress.rs\/wp-content\/uploads\/2026\/04\/IMG_2507-300x300.webp",300,300,true],"cvmm-medium-plus":["https:\/\/amppress.rs\/wp-content\/uploads\/2026\/04\/IMG_2507-305x207.webp",305,207,true],"cvmm-portrait":["https:\/\/amppress.rs\/wp-content\/uploads\/2026\/04\/IMG_2507-400x427.webp",400,427,true],"cvmm-medium-square":["https:\/\/amppress.rs\/wp-content\/uploads\/2026\/04\/IMG_2507-600x427.webp",600,427,true],"cvmm-large":["https:\/\/amppress.rs\/wp-content\/uploads\/2026\/04\/IMG_2507.webp",640,427,false],"cvmm-small":["https:\/\/amppress.rs\/wp-content\/uploads\/2026\/04\/IMG_2507-130x95.webp",130,95,true],"full":["https:\/\/amppress.rs\/wp-content\/uploads\/2026\/04\/IMG_2507.webp",640,427,false]},"_links":{"self":[{"href":"https:\/\/amppress.rs\/index.php\/wp-json\/wp\/v2\/posts\/12876","targetHints":{"allow":["GET"]}}],"collection":[{"href":"https:\/\/amppress.rs\/index.php\/wp-json\/wp\/v2\/posts"}],"about":[{"href":"https:\/\/amppress.rs\/index.php\/wp-json\/wp\/v2\/types\/post"}],"author":[{"embeddable":true,"href":"https:\/\/amppress.rs\/index.php\/wp-json\/wp\/v2\/users\/1"}],"replies":[{"embeddable":true,"href":"https:\/\/amppress.rs\/index.php\/wp-json\/wp\/v2\/comments?post=12876"}],"version-history":[{"count":1,"href":"https:\/\/amppress.rs\/index.php\/wp-json\/wp\/v2\/posts\/12876\/revisions"}],"predecessor-version":[{"id":12878,"href":"https:\/\/amppress.rs\/index.php\/wp-json\/wp\/v2\/posts\/12876\/revisions\/12878"}],"wp:featuredmedia":[{"embeddable":true,"href":"https:\/\/amppress.rs\/index.php\/wp-json\/wp\/v2\/media\/12877"}],"wp:attachment":[{"href":"https:\/\/amppress.rs\/index.php\/wp-json\/wp\/v2\/media?parent=12876"}],"wp:term":[{"taxonomy":"category","embeddable":true,"href":"https:\/\/amppress.rs\/index.php\/wp-json\/wp\/v2\/categories?post=12876"},{"taxonomy":"post_tag","embeddable":true,"href":"https:\/\/amppress.rs\/index.php\/wp-json\/wp\/v2\/tags?post=12876"}],"curies":[{"name":"wp","href":"https:\/\/api.w.org\/{rel}","templated":true}]}}