{"id":12856,"date":"2026-04-22T08:08:16","date_gmt":"2026-04-22T06:08:16","guid":{"rendered":"https:\/\/amppress.rs\/?p=12856"},"modified":"2026-04-22T08:35:55","modified_gmt":"2026-04-22T06:35:55","slug":"selo-u-gradu-u-gornjem-milanovcu-susret-tradicije-gastronomije-i-seoskog-turizma","status":"publish","type":"post","link":"https:\/\/amppress.rs\/index.php\/2026\/04\/22\/selo-u-gradu-u-gornjem-milanovcu-susret-tradicije-gastronomije-i-seoskog-turizma\/","title":{"rendered":"\u201eSelo u gradu\u201c: Srce milanova\u010dkih sela u centru grada"},"content":{"rendered":{},"protected":false},"excerpt":{"rendered":"<p>Gornji Milanovac &#8211; U okviru obele\u017eavanja Dana op\u0161tine, Turisti\u010dka organizacija op\u0161tine Gornji Milanovac organizuje manifestaciju&#8230;<\/p>\n","protected":false},"author":1,"featured_media":12857,"comment_status":"open","ping_status":"open","sticky":false,"template":"","format":"standard","meta":{"_acf_changed":false,"footnotes":""},"categories":[772],"tags":[3916,81,113,478],"class_list":["post-12856","post","type-post","status-publish","format-standard","has-post-thumbnail","hentry","category-gornji-milanovac","tag-selo-u-gradu","tag-gornji-milanovac","tag-dan-opstine","tag-program"],"acf":[],"featured_image_urls":{"full":["https:\/\/amppress.rs\/wp-content\/uploads\/2026\/04\/milanovac-opstina.webp",640,360,false],"thumbnail":["https:\/\/amppress.rs\/wp-content\/uploads\/2026\/04\/milanovac-opstina-150x150.webp",150,150,true],"medium":["https:\/\/amppress.rs\/wp-content\/uploads\/2026\/04\/milanovac-opstina-300x169.webp",300,169,true],"medium_large":["https:\/\/amppress.rs\/wp-content\/uploads\/2026\/04\/milanovac-opstina.webp",640,360,false],"large":["https:\/\/amppress.rs\/wp-content\/uploads\/2026\/04\/milanovac-opstina.webp",640,360,false],"1536x1536":["https:\/\/amppress.rs\/wp-content\/uploads\/2026\/04\/milanovac-opstina.webp",640,360,false],"2048x2048":["https:\/\/amppress.rs\/wp-content\/uploads\/2026\/04\/milanovac-opstina.webp",640,360,false],"cvmm-medium":["https:\/\/amppress.rs\/wp-content\/uploads\/2026\/04\/milanovac-opstina-300x300.webp",300,300,true],"cvmm-medium-plus":["https:\/\/amppress.rs\/wp-content\/uploads\/2026\/04\/milanovac-opstina-305x207.webp",305,207,true],"cvmm-portrait":["https:\/\/amppress.rs\/wp-content\/uploads\/2026\/04\/milanovac-opstina-400x360.webp",400,360,true],"cvmm-medium-square":["https:\/\/amppress.rs\/wp-content\/uploads\/2026\/04\/milanovac-opstina-600x360.webp",600,360,true],"cvmm-large":["https:\/\/amppress.rs\/wp-content\/uploads\/2026\/04\/milanovac-opstina.webp",640,360,false],"cvmm-small":["https:\/\/amppress.rs\/wp-content\/uploads\/2026\/04\/milanovac-opstina-130x95.webp",130,95,true],"newsever-slider-full":["https:\/\/amppress.rs\/wp-content\/uploads\/2026\/04\/milanovac-opstina.webp",640,360,false],"newsever-featured":["https:\/\/amppress.rs\/wp-content\/uploads\/2026\/04\/milanovac-opstina.webp",640,360,false],"newsever-medium":["https:\/\/amppress.rs\/wp-content\/uploads\/2026\/04\/milanovac-opstina.webp",640,360,false]},"author_info":{"display_name":"\u0410\u041c\u041f \u041f\u0420\u0415\u0421\u0421","author_link":"https:\/\/amppress.rs\/index.php\/author\/eduka\/"},"category_info":"<a href=\"https:\/\/amppress.rs\/index.php\/category\/gornji-milanovac\/\" rel=\"category tag\">Gornji Milanovac<\/a>","tag_info":"Gornji Milanovac","comment_count":"0","blog_post_layout_featured_media_urls":{"thumbnail":["https:\/\/amppress.rs\/wp-content\/uploads\/2026\/04\/milanovac-opstina-150x150.webp",150,150,true],"full":["https:\/\/amppress.rs\/wp-content\/uploads\/2026\/04\/milanovac-opstina.webp",640,360,false]},"categories_names":{"772":{"name":"Gornji Milanovac","link":"https:\/\/amppress.rs\/index.php\/category\/gornji-milanovac\/"}},"tags_names":{"3916":{"name":"selo u gradu","link":"https:\/\/amppress.rs\/index.php\/tag\/selo-u-gradu\/"},"81":{"name":"\u0413\u043e\u0440\u045a\u0438 \u041c\u0438\u043b\u0430\u043d\u043e\u0432\u0430\u0446","link":"https:\/\/amppress.rs\/index.php\/tag\/gornji-milanovac\/"},"113":{"name":"\u0414\u0430\u043d \u043e\u043f\u0448\u0442\u0438\u043d\u0435","link":"https:\/\/amppress.rs\/index.php\/tag\/dan-opstine\/"},"478":{"name":"\u041f\u0420\u041e\u0413\u0420\u0410\u041c","link":"https:\/\/amppress.rs\/index.php\/tag\/program\/"}},"comments_number":"0","wpmagazine_modules_featured_media_urls":{"thumbnail":["https:\/\/amppress.rs\/wp-content\/uploads\/2026\/04\/milanovac-opstina-150x150.webp",150,150,true],"cvmm-medium":["https:\/\/amppress.rs\/wp-content\/uploads\/2026\/04\/milanovac-opstina-300x300.webp",300,300,true],"cvmm-medium-plus":["https:\/\/amppress.rs\/wp-content\/uploads\/2026\/04\/milanovac-opstina-305x207.webp",305,207,true],"cvmm-portrait":["https:\/\/amppress.rs\/wp-content\/uploads\/2026\/04\/milanovac-opstina-400x360.webp",400,360,true],"cvmm-medium-square":["https:\/\/amppress.rs\/wp-content\/uploads\/2026\/04\/milanovac-opstina-600x360.webp",600,360,true],"cvmm-large":["https:\/\/amppress.rs\/wp-content\/uploads\/2026\/04\/milanovac-opstina.webp",640,360,false],"cvmm-small":["https:\/\/amppress.rs\/wp-content\/uploads\/2026\/04\/milanovac-opstina-130x95.webp",130,95,true],"full":["https:\/\/amppress.rs\/wp-content\/uploads\/2026\/04\/milanovac-opstina.webp",640,360,false]},"_links":{"self":[{"href":"https:\/\/amppress.rs\/index.php\/wp-json\/wp\/v2\/posts\/12856","targetHints":{"allow":["GET"]}}],"collection":[{"href":"https:\/\/amppress.rs\/index.php\/wp-json\/wp\/v2\/posts"}],"about":[{"href":"https:\/\/amppress.rs\/index.php\/wp-json\/wp\/v2\/types\/post"}],"author":[{"embeddable":true,"href":"https:\/\/amppress.rs\/index.php\/wp-json\/wp\/v2\/users\/1"}],"replies":[{"embeddable":true,"href":"https:\/\/amppress.rs\/index.php\/wp-json\/wp\/v2\/comments?post=12856"}],"version-history":[{"count":3,"href":"https:\/\/amppress.rs\/index.php\/wp-json\/wp\/v2\/posts\/12856\/revisions"}],"predecessor-version":[{"id":12862,"href":"https:\/\/amppress.rs\/index.php\/wp-json\/wp\/v2\/posts\/12856\/revisions\/12862"}],"wp:featuredmedia":[{"embeddable":true,"href":"https:\/\/amppress.rs\/index.php\/wp-json\/wp\/v2\/media\/12857"}],"wp:attachment":[{"href":"https:\/\/amppress.rs\/index.php\/wp-json\/wp\/v2\/media?parent=12856"}],"wp:term":[{"taxonomy":"category","embeddable":true,"href":"https:\/\/amppress.rs\/index.php\/wp-json\/wp\/v2\/categories?post=12856"},{"taxonomy":"post_tag","embeddable":true,"href":"https:\/\/amppress.rs\/index.php\/wp-json\/wp\/v2\/tags?post=12856"}],"curies":[{"name":"wp","href":"https:\/\/api.w.org\/{rel}","templated":true}]}}