{"id":12696,"date":"2026-04-08T15:50:40","date_gmt":"2026-04-08T13:50:40","guid":{"rendered":"https:\/\/amppress.rs\/?p=12696"},"modified":"2026-04-09T12:14:35","modified_gmt":"2026-04-09T10:14:35","slug":"dan-zastite-prirode-obelezen-za-zlataru","status":"publish","type":"post","link":"https:\/\/amppress.rs\/index.php\/2026\/04\/08\/dan-zastite-prirode-obelezen-za-zlataru\/","title":{"rendered":"Dan za\u0161tite prirode obele\u017een za Zlataru"},"content":{"rendered":{},"protected":false},"excerpt":{"rendered":"<p>Nova Varo\u0161 \/Zlatar \u2013 Centralna manifestacija povodom obele\u017eavanja Dana za\u0161tite prirode u Srbiji odr\u017eana je&#8230;<\/p>\n","protected":false},"author":1,"featured_media":12697,"comment_status":"open","ping_status":"open","sticky":false,"template":"","format":"standard","meta":{"_acf_changed":false,"footnotes":""},"categories":[3552],"tags":[3209,3876,244,132],"class_list":["post-12696","post","type-post","status-publish","format-standard","has-post-thumbnail","hentry","category-srbijasume","tag-srbijasume","tag-vodena-poljana","tag-zlatar","tag-prijepolje"],"acf":[],"featured_image_urls":{"full":["https:\/\/amppress.rs\/wp-content\/uploads\/2026\/04\/SrbijaCC20na20poljani-gzs.webp",640,360,false],"thumbnail":["https:\/\/amppress.rs\/wp-content\/uploads\/2026\/04\/SrbijaCC20na20poljani-gzs-150x150.webp",150,150,true],"medium":["https:\/\/amppress.rs\/wp-content\/uploads\/2026\/04\/SrbijaCC20na20poljani-gzs-300x169.webp",300,169,true],"medium_large":["https:\/\/amppress.rs\/wp-content\/uploads\/2026\/04\/SrbijaCC20na20poljani-gzs.webp",640,360,false],"large":["https:\/\/amppress.rs\/wp-content\/uploads\/2026\/04\/SrbijaCC20na20poljani-gzs.webp",640,360,false],"1536x1536":["https:\/\/amppress.rs\/wp-content\/uploads\/2026\/04\/SrbijaCC20na20poljani-gzs.webp",640,360,false],"2048x2048":["https:\/\/amppress.rs\/wp-content\/uploads\/2026\/04\/SrbijaCC20na20poljani-gzs.webp",640,360,false],"cvmm-medium":["https:\/\/amppress.rs\/wp-content\/uploads\/2026\/04\/SrbijaCC20na20poljani-gzs-300x300.webp",300,300,true],"cvmm-medium-plus":["https:\/\/amppress.rs\/wp-content\/uploads\/2026\/04\/SrbijaCC20na20poljani-gzs-305x207.webp",305,207,true],"cvmm-portrait":["https:\/\/amppress.rs\/wp-content\/uploads\/2026\/04\/SrbijaCC20na20poljani-gzs-400x360.webp",400,360,true],"cvmm-medium-square":["https:\/\/amppress.rs\/wp-content\/uploads\/2026\/04\/SrbijaCC20na20poljani-gzs-600x360.webp",600,360,true],"cvmm-large":["https:\/\/amppress.rs\/wp-content\/uploads\/2026\/04\/SrbijaCC20na20poljani-gzs.webp",640,360,false],"cvmm-small":["https:\/\/amppress.rs\/wp-content\/uploads\/2026\/04\/SrbijaCC20na20poljani-gzs-130x95.webp",130,95,true],"newsever-slider-full":["https:\/\/amppress.rs\/wp-content\/uploads\/2026\/04\/SrbijaCC20na20poljani-gzs.webp",640,360,false],"newsever-featured":["https:\/\/amppress.rs\/wp-content\/uploads\/2026\/04\/SrbijaCC20na20poljani-gzs.webp",640,360,false],"newsever-medium":["https:\/\/amppress.rs\/wp-content\/uploads\/2026\/04\/SrbijaCC20na20poljani-gzs.webp",640,360,false]},"author_info":{"display_name":"\u0410\u041c\u041f \u041f\u0420\u0415\u0421\u0421","author_link":"https:\/\/amppress.rs\/index.php\/author\/eduka\/"},"category_info":"<a href=\"https:\/\/amppress.rs\/index.php\/category\/srbijasume\/\" rel=\"category tag\">Srbija\u0161ume<\/a>","tag_info":"Srbija\u0161ume","comment_count":"0","blog_post_layout_featured_media_urls":{"thumbnail":["https:\/\/amppress.rs\/wp-content\/uploads\/2026\/04\/SrbijaCC20na20poljani-gzs-150x150.webp",150,150,true],"full":["https:\/\/amppress.rs\/wp-content\/uploads\/2026\/04\/SrbijaCC20na20poljani-gzs.webp",640,360,false]},"categories_names":{"3552":{"name":"Srbija\u0161ume","link":"https:\/\/amppress.rs\/index.php\/category\/srbijasume\/"}},"tags_names":{"3209":{"name":"Srbija\u0161ume","link":"https:\/\/amppress.rs\/index.php\/tag\/srbijasume\/"},"3876":{"name":"vodena poljana","link":"https:\/\/amppress.rs\/index.php\/tag\/vodena-poljana\/"},"244":{"name":"ZLATAR","link":"https:\/\/amppress.rs\/index.php\/tag\/zlatar\/"},"132":{"name":"\u041f\u0440\u0438\u0458\u0435\u043f\u043e\u0459\u0435","link":"https:\/\/amppress.rs\/index.php\/tag\/prijepolje\/"}},"comments_number":"0","wpmagazine_modules_featured_media_urls":{"thumbnail":["https:\/\/amppress.rs\/wp-content\/uploads\/2026\/04\/SrbijaCC20na20poljani-gzs-150x150.webp",150,150,true],"cvmm-medium":["https:\/\/amppress.rs\/wp-content\/uploads\/2026\/04\/SrbijaCC20na20poljani-gzs-300x300.webp",300,300,true],"cvmm-medium-plus":["https:\/\/amppress.rs\/wp-content\/uploads\/2026\/04\/SrbijaCC20na20poljani-gzs-305x207.webp",305,207,true],"cvmm-portrait":["https:\/\/amppress.rs\/wp-content\/uploads\/2026\/04\/SrbijaCC20na20poljani-gzs-400x360.webp",400,360,true],"cvmm-medium-square":["https:\/\/amppress.rs\/wp-content\/uploads\/2026\/04\/SrbijaCC20na20poljani-gzs-600x360.webp",600,360,true],"cvmm-large":["https:\/\/amppress.rs\/wp-content\/uploads\/2026\/04\/SrbijaCC20na20poljani-gzs.webp",640,360,false],"cvmm-small":["https:\/\/amppress.rs\/wp-content\/uploads\/2026\/04\/SrbijaCC20na20poljani-gzs-130x95.webp",130,95,true],"full":["https:\/\/amppress.rs\/wp-content\/uploads\/2026\/04\/SrbijaCC20na20poljani-gzs.webp",640,360,false]},"_links":{"self":[{"href":"https:\/\/amppress.rs\/index.php\/wp-json\/wp\/v2\/posts\/12696","targetHints":{"allow":["GET"]}}],"collection":[{"href":"https:\/\/amppress.rs\/index.php\/wp-json\/wp\/v2\/posts"}],"about":[{"href":"https:\/\/amppress.rs\/index.php\/wp-json\/wp\/v2\/types\/post"}],"author":[{"embeddable":true,"href":"https:\/\/amppress.rs\/index.php\/wp-json\/wp\/v2\/users\/1"}],"replies":[{"embeddable":true,"href":"https:\/\/amppress.rs\/index.php\/wp-json\/wp\/v2\/comments?post=12696"}],"version-history":[{"count":3,"href":"https:\/\/amppress.rs\/index.php\/wp-json\/wp\/v2\/posts\/12696\/revisions"}],"predecessor-version":[{"id":12716,"href":"https:\/\/amppress.rs\/index.php\/wp-json\/wp\/v2\/posts\/12696\/revisions\/12716"}],"wp:featuredmedia":[{"embeddable":true,"href":"https:\/\/amppress.rs\/index.php\/wp-json\/wp\/v2\/media\/12697"}],"wp:attachment":[{"href":"https:\/\/amppress.rs\/index.php\/wp-json\/wp\/v2\/media?parent=12696"}],"wp:term":[{"taxonomy":"category","embeddable":true,"href":"https:\/\/amppress.rs\/index.php\/wp-json\/wp\/v2\/categories?post=12696"},{"taxonomy":"post_tag","embeddable":true,"href":"https:\/\/amppress.rs\/index.php\/wp-json\/wp\/v2\/tags?post=12696"}],"curies":[{"name":"wp","href":"https:\/\/api.w.org\/{rel}","templated":true}]}}