{"id":12439,"date":"2026-03-19T06:40:57","date_gmt":"2026-03-19T05:40:57","guid":{"rendered":"https:\/\/amppress.rs\/?p=12439"},"modified":"2026-03-19T06:40:57","modified_gmt":"2026-03-19T05:40:57","slug":"prica-malog-andrije-iz-bajine-baste-koju-srbija-ne-sme-da-zaboravi","status":"publish","type":"post","link":"https:\/\/amppress.rs\/index.php\/2026\/03\/19\/prica-malog-andrije-iz-bajine-baste-koju-srbija-ne-sme-da-zaboravi\/","title":{"rendered":"Pri\u010da malog Andrije iz Bajine Ba\u0161te koju Srbija ne sme da zaboravi"},"content":{"rendered":{},"protected":false},"excerpt":{"rendered":"<p>Bajina Ba\u0161ta &#8211; Nekoliko dana nakon posete predsednika Aleksandra Vu\u010di\u0107a, osmeh osmogodi\u0161njeg Andrije Kne\u017eevi\u0107a iz&#8230;<\/p>\n","protected":false},"author":1,"featured_media":12440,"comment_status":"open","ping_status":"open","sticky":false,"template":"","format":"standard","meta":{"_acf_changed":false,"footnotes":""},"categories":[1001],"tags":[122,3810,3812,3809,3811,1794],"class_list":["post-12439","post","type-post","status-publish","format-standard","has-post-thumbnail","hentry","category-bajina-basta","tag-bajina-basta","tag-bolest","tag-h-sreca","tag-mali-andrija","tag-osmek","tag-predsednik"],"acf":[],"featured_image_urls":{"full":["https:\/\/amppress.rs\/wp-content\/uploads\/2026\/03\/Mali-Andrija-iz-B_Baste-nakon-posete-predsednika_Foto6_4N-Studio.jpg",1600,1200,false],"thumbnail":["https:\/\/amppress.rs\/wp-content\/uploads\/2026\/03\/Mali-Andrija-iz-B_Baste-nakon-posete-predsednika_Foto6_4N-Studio-150x150.jpg",150,150,true],"medium":["https:\/\/amppress.rs\/wp-content\/uploads\/2026\/03\/Mali-Andrija-iz-B_Baste-nakon-posete-predsednika_Foto6_4N-Studio-300x225.jpg",300,225,true],"medium_large":["https:\/\/amppress.rs\/wp-content\/uploads\/2026\/03\/Mali-Andrija-iz-B_Baste-nakon-posete-predsednika_Foto6_4N-Studio-768x576.jpg",640,480,true],"large":["https:\/\/amppress.rs\/wp-content\/uploads\/2026\/03\/Mali-Andrija-iz-B_Baste-nakon-posete-predsednika_Foto6_4N-Studio-1024x768.jpg",640,480,true],"1536x1536":["https:\/\/amppress.rs\/wp-content\/uploads\/2026\/03\/Mali-Andrija-iz-B_Baste-nakon-posete-predsednika_Foto6_4N-Studio-1536x1152.jpg",1536,1152,true],"2048x2048":["https:\/\/amppress.rs\/wp-content\/uploads\/2026\/03\/Mali-Andrija-iz-B_Baste-nakon-posete-predsednika_Foto6_4N-Studio.jpg",1600,1200,false],"cvmm-medium":["https:\/\/amppress.rs\/wp-content\/uploads\/2026\/03\/Mali-Andrija-iz-B_Baste-nakon-posete-predsednika_Foto6_4N-Studio-300x300.jpg",300,300,true],"cvmm-medium-plus":["https:\/\/amppress.rs\/wp-content\/uploads\/2026\/03\/Mali-Andrija-iz-B_Baste-nakon-posete-predsednika_Foto6_4N-Studio-305x207.jpg",305,207,true],"cvmm-portrait":["https:\/\/amppress.rs\/wp-content\/uploads\/2026\/03\/Mali-Andrija-iz-B_Baste-nakon-posete-predsednika_Foto6_4N-Studio-400x600.jpg",400,600,true],"cvmm-medium-square":["https:\/\/amppress.rs\/wp-content\/uploads\/2026\/03\/Mali-Andrija-iz-B_Baste-nakon-posete-predsednika_Foto6_4N-Studio-600x600.jpg",600,600,true],"cvmm-large":["https:\/\/amppress.rs\/wp-content\/uploads\/2026\/03\/Mali-Andrija-iz-B_Baste-nakon-posete-predsednika_Foto6_4N-Studio-1024x1024.jpg",1024,1024,true],"cvmm-small":["https:\/\/amppress.rs\/wp-content\/uploads\/2026\/03\/Mali-Andrija-iz-B_Baste-nakon-posete-predsednika_Foto6_4N-Studio-130x95.jpg",130,95,true],"newsever-slider-full":["https:\/\/amppress.rs\/wp-content\/uploads\/2026\/03\/Mali-Andrija-iz-B_Baste-nakon-posete-predsednika_Foto6_4N-Studio-1280x845.jpg",1280,845,true],"newsever-featured":["https:\/\/amppress.rs\/wp-content\/uploads\/2026\/03\/Mali-Andrija-iz-B_Baste-nakon-posete-predsednika_Foto6_4N-Studio-1024x768.jpg",1024,768,true],"newsever-medium":["https:\/\/amppress.rs\/wp-content\/uploads\/2026\/03\/Mali-Andrija-iz-B_Baste-nakon-posete-predsednika_Foto6_4N-Studio-720x475.jpg",720,475,true]},"author_info":{"display_name":"\u0410\u041c\u041f \u041f\u0420\u0415\u0421\u0421","author_link":"https:\/\/amppress.rs\/index.php\/author\/eduka\/"},"category_info":"<a href=\"https:\/\/amppress.rs\/index.php\/category\/bajina-basta\/\" rel=\"category tag\">bajina ba\u0161ta<\/a>","tag_info":"bajina ba\u0161ta","comment_count":"0","blog_post_layout_featured_media_urls":{"thumbnail":["https:\/\/amppress.rs\/wp-content\/uploads\/2026\/03\/Mali-Andrija-iz-B_Baste-nakon-posete-predsednika_Foto6_4N-Studio-150x150.jpg",150,150,true],"full":["https:\/\/amppress.rs\/wp-content\/uploads\/2026\/03\/Mali-Andrija-iz-B_Baste-nakon-posete-predsednika_Foto6_4N-Studio.jpg",1600,1200,false]},"categories_names":{"1001":{"name":"bajina ba\u0161ta","link":"https:\/\/amppress.rs\/index.php\/category\/bajina-basta\/"}},"tags_names":{"122":{"name":"Bajina Ba\u0161ta","link":"https:\/\/amppress.rs\/index.php\/tag\/bajina-basta\/"},"3810":{"name":"bolest","link":"https:\/\/amppress.rs\/index.php\/tag\/bolest\/"},"3812":{"name":"h sre\u0107a","link":"https:\/\/amppress.rs\/index.php\/tag\/h-sreca\/"},"3809":{"name":"mali Andrija","link":"https:\/\/amppress.rs\/index.php\/tag\/mali-andrija\/"},"3811":{"name":"osmek","link":"https:\/\/amppress.rs\/index.php\/tag\/osmek\/"},"1794":{"name":"predsednik","link":"https:\/\/amppress.rs\/index.php\/tag\/predsednik\/"}},"comments_number":"0","wpmagazine_modules_featured_media_urls":{"thumbnail":["https:\/\/amppress.rs\/wp-content\/uploads\/2026\/03\/Mali-Andrija-iz-B_Baste-nakon-posete-predsednika_Foto6_4N-Studio-150x150.jpg",150,150,true],"cvmm-medium":["https:\/\/amppress.rs\/wp-content\/uploads\/2026\/03\/Mali-Andrija-iz-B_Baste-nakon-posete-predsednika_Foto6_4N-Studio-300x300.jpg",300,300,true],"cvmm-medium-plus":["https:\/\/amppress.rs\/wp-content\/uploads\/2026\/03\/Mali-Andrija-iz-B_Baste-nakon-posete-predsednika_Foto6_4N-Studio-305x207.jpg",305,207,true],"cvmm-portrait":["https:\/\/amppress.rs\/wp-content\/uploads\/2026\/03\/Mali-Andrija-iz-B_Baste-nakon-posete-predsednika_Foto6_4N-Studio-400x600.jpg",400,600,true],"cvmm-medium-square":["https:\/\/amppress.rs\/wp-content\/uploads\/2026\/03\/Mali-Andrija-iz-B_Baste-nakon-posete-predsednika_Foto6_4N-Studio-600x600.jpg",600,600,true],"cvmm-large":["https:\/\/amppress.rs\/wp-content\/uploads\/2026\/03\/Mali-Andrija-iz-B_Baste-nakon-posete-predsednika_Foto6_4N-Studio-1024x1024.jpg",1024,1024,true],"cvmm-small":["https:\/\/amppress.rs\/wp-content\/uploads\/2026\/03\/Mali-Andrija-iz-B_Baste-nakon-posete-predsednika_Foto6_4N-Studio-130x95.jpg",130,95,true],"full":["https:\/\/amppress.rs\/wp-content\/uploads\/2026\/03\/Mali-Andrija-iz-B_Baste-nakon-posete-predsednika_Foto6_4N-Studio.jpg",1600,1200,false]},"_links":{"self":[{"href":"https:\/\/amppress.rs\/index.php\/wp-json\/wp\/v2\/posts\/12439","targetHints":{"allow":["GET"]}}],"collection":[{"href":"https:\/\/amppress.rs\/index.php\/wp-json\/wp\/v2\/posts"}],"about":[{"href":"https:\/\/amppress.rs\/index.php\/wp-json\/wp\/v2\/types\/post"}],"author":[{"embeddable":true,"href":"https:\/\/amppress.rs\/index.php\/wp-json\/wp\/v2\/users\/1"}],"replies":[{"embeddable":true,"href":"https:\/\/amppress.rs\/index.php\/wp-json\/wp\/v2\/comments?post=12439"}],"version-history":[{"count":1,"href":"https:\/\/amppress.rs\/index.php\/wp-json\/wp\/v2\/posts\/12439\/revisions"}],"predecessor-version":[{"id":12441,"href":"https:\/\/amppress.rs\/index.php\/wp-json\/wp\/v2\/posts\/12439\/revisions\/12441"}],"wp:featuredmedia":[{"embeddable":true,"href":"https:\/\/amppress.rs\/index.php\/wp-json\/wp\/v2\/media\/12440"}],"wp:attachment":[{"href":"https:\/\/amppress.rs\/index.php\/wp-json\/wp\/v2\/media?parent=12439"}],"wp:term":[{"taxonomy":"category","embeddable":true,"href":"https:\/\/amppress.rs\/index.php\/wp-json\/wp\/v2\/categories?post=12439"},{"taxonomy":"post_tag","embeddable":true,"href":"https:\/\/amppress.rs\/index.php\/wp-json\/wp\/v2\/tags?post=12439"}],"curies":[{"name":"wp","href":"https:\/\/api.w.org\/{rel}","templated":true}]}}