{"id":10631,"date":"2025-09-12T09:04:10","date_gmt":"2025-09-12T07:04:10","guid":{"rendered":"https:\/\/amppress.rs\/?p=10631"},"modified":"2025-09-12T09:04:10","modified_gmt":"2025-09-12T07:04:10","slug":"skulptura-od-dva-metra-u-cast-patrijarha-pavla","status":"publish","type":"post","link":"https:\/\/amppress.rs\/index.php\/2025\/09\/12\/skulptura-od-dva-metra-u-cast-patrijarha-pavla\/","title":{"rendered":"Skulptura od dva metra u \u010dast Patrijarha Pavla"},"content":{"rendered":{},"protected":false},"excerpt":{"rendered":"<p>U znak se\u0107anja i po\u0161tovanja prema \u017eivotu i delu omiljenog srpskog patrijarha, samouki drvodelja iz&#8230;<\/p>\n","protected":false},"author":1,"featured_media":10633,"comment_status":"open","ping_status":"open","sticky":false,"template":"","format":"standard","meta":{"_acf_changed":false,"footnotes":""},"categories":[796],"tags":[3379,3380,3381,89,124],"class_list":["post-10631","post","type-post","status-publish","format-standard","has-post-thumbnail","hentry","category-zlatibor","tag-drvodelja","tag-majstor","tag-miladin-lekic","tag-zlatibor","tag-patrijarh-pavle"],"acf":[],"featured_image_urls":{"full":["https:\/\/amppress.rs\/wp-content\/uploads\/2025\/09\/patrijarh-pavle-rina-sulptura.jpg",830,553,false],"thumbnail":["https:\/\/amppress.rs\/wp-content\/uploads\/2025\/09\/patrijarh-pavle-rina-sulptura-150x150.jpg",150,150,true],"medium":["https:\/\/amppress.rs\/wp-content\/uploads\/2025\/09\/patrijarh-pavle-rina-sulptura-300x200.jpg",300,200,true],"medium_large":["https:\/\/amppress.rs\/wp-content\/uploads\/2025\/09\/patrijarh-pavle-rina-sulptura-768x512.jpg",640,427,true],"large":["https:\/\/amppress.rs\/wp-content\/uploads\/2025\/09\/patrijarh-pavle-rina-sulptura.jpg",640,426,false],"1536x1536":["https:\/\/amppress.rs\/wp-content\/uploads\/2025\/09\/patrijarh-pavle-rina-sulptura.jpg",830,553,false],"2048x2048":["https:\/\/amppress.rs\/wp-content\/uploads\/2025\/09\/patrijarh-pavle-rina-sulptura.jpg",830,553,false],"cvmm-medium":["https:\/\/amppress.rs\/wp-content\/uploads\/2025\/09\/patrijarh-pavle-rina-sulptura-300x300.jpg",300,300,true],"cvmm-medium-plus":["https:\/\/amppress.rs\/wp-content\/uploads\/2025\/09\/patrijarh-pavle-rina-sulptura-305x207.jpg",305,207,true],"cvmm-portrait":["https:\/\/amppress.rs\/wp-content\/uploads\/2025\/09\/patrijarh-pavle-rina-sulptura-400x553.jpg",400,553,true],"cvmm-medium-square":["https:\/\/amppress.rs\/wp-content\/uploads\/2025\/09\/patrijarh-pavle-rina-sulptura-600x553.jpg",600,553,true],"cvmm-large":["https:\/\/amppress.rs\/wp-content\/uploads\/2025\/09\/patrijarh-pavle-rina-sulptura.jpg",830,553,false],"cvmm-small":["https:\/\/amppress.rs\/wp-content\/uploads\/2025\/09\/patrijarh-pavle-rina-sulptura-130x95.jpg",130,95,true],"newsever-slider-full":["https:\/\/amppress.rs\/wp-content\/uploads\/2025\/09\/patrijarh-pavle-rina-sulptura.jpg",830,553,false],"newsever-featured":["https:\/\/amppress.rs\/wp-content\/uploads\/2025\/09\/patrijarh-pavle-rina-sulptura.jpg",830,553,false],"newsever-medium":["https:\/\/amppress.rs\/wp-content\/uploads\/2025\/09\/patrijarh-pavle-rina-sulptura-720x475.jpg",720,475,true]},"author_info":{"display_name":"\u0410\u041c\u041f \u041f\u0420\u0415\u0421\u0421","author_link":"https:\/\/amppress.rs\/index.php\/author\/eduka\/"},"category_info":"<a href=\"https:\/\/amppress.rs\/index.php\/category\/zlatibor\/\" rel=\"category tag\">Zlatibor<\/a>","tag_info":"Zlatibor","comment_count":"0","blog_post_layout_featured_media_urls":{"thumbnail":["https:\/\/amppress.rs\/wp-content\/uploads\/2025\/09\/patrijarh-pavle-rina-sulptura-150x150.jpg",150,150,true],"full":["https:\/\/amppress.rs\/wp-content\/uploads\/2025\/09\/patrijarh-pavle-rina-sulptura.jpg",830,553,false]},"categories_names":{"796":{"name":"Zlatibor","link":"https:\/\/amppress.rs\/index.php\/category\/zlatibor\/"}},"tags_names":{"3379":{"name":"drvodelja","link":"https:\/\/amppress.rs\/index.php\/tag\/drvodelja\/"},"3380":{"name":"majstor","link":"https:\/\/amppress.rs\/index.php\/tag\/majstor\/"},"3381":{"name":"Miladin Leki\u0107","link":"https:\/\/amppress.rs\/index.php\/tag\/miladin-lekic\/"},"89":{"name":"\u0417\u043b\u0430\u0442\u0438\u0431\u043e\u0440","link":"https:\/\/amppress.rs\/index.php\/tag\/zlatibor\/"},"124":{"name":"\u041f\u0430\u0442\u0440\u0438\u0458\u0430\u0440\u0445 \u041f\u0430\u0432\u043b\u0435","link":"https:\/\/amppress.rs\/index.php\/tag\/patrijarh-pavle\/"}},"comments_number":"0","wpmagazine_modules_featured_media_urls":{"thumbnail":["https:\/\/amppress.rs\/wp-content\/uploads\/2025\/09\/patrijarh-pavle-rina-sulptura-150x150.jpg",150,150,true],"cvmm-medium":["https:\/\/amppress.rs\/wp-content\/uploads\/2025\/09\/patrijarh-pavle-rina-sulptura-300x300.jpg",300,300,true],"cvmm-medium-plus":["https:\/\/amppress.rs\/wp-content\/uploads\/2025\/09\/patrijarh-pavle-rina-sulptura-305x207.jpg",305,207,true],"cvmm-portrait":["https:\/\/amppress.rs\/wp-content\/uploads\/2025\/09\/patrijarh-pavle-rina-sulptura-400x553.jpg",400,553,true],"cvmm-medium-square":["https:\/\/amppress.rs\/wp-content\/uploads\/2025\/09\/patrijarh-pavle-rina-sulptura-600x553.jpg",600,553,true],"cvmm-large":["https:\/\/amppress.rs\/wp-content\/uploads\/2025\/09\/patrijarh-pavle-rina-sulptura.jpg",830,553,false],"cvmm-small":["https:\/\/amppress.rs\/wp-content\/uploads\/2025\/09\/patrijarh-pavle-rina-sulptura-130x95.jpg",130,95,true],"full":["https:\/\/amppress.rs\/wp-content\/uploads\/2025\/09\/patrijarh-pavle-rina-sulptura.jpg",830,553,false]},"_links":{"self":[{"href":"https:\/\/amppress.rs\/index.php\/wp-json\/wp\/v2\/posts\/10631","targetHints":{"allow":["GET"]}}],"collection":[{"href":"https:\/\/amppress.rs\/index.php\/wp-json\/wp\/v2\/posts"}],"about":[{"href":"https:\/\/amppress.rs\/index.php\/wp-json\/wp\/v2\/types\/post"}],"author":[{"embeddable":true,"href":"https:\/\/amppress.rs\/index.php\/wp-json\/wp\/v2\/users\/1"}],"replies":[{"embeddable":true,"href":"https:\/\/amppress.rs\/index.php\/wp-json\/wp\/v2\/comments?post=10631"}],"version-history":[{"count":1,"href":"https:\/\/amppress.rs\/index.php\/wp-json\/wp\/v2\/posts\/10631\/revisions"}],"predecessor-version":[{"id":10634,"href":"https:\/\/amppress.rs\/index.php\/wp-json\/wp\/v2\/posts\/10631\/revisions\/10634"}],"wp:featuredmedia":[{"embeddable":true,"href":"https:\/\/amppress.rs\/index.php\/wp-json\/wp\/v2\/media\/10633"}],"wp:attachment":[{"href":"https:\/\/amppress.rs\/index.php\/wp-json\/wp\/v2\/media?parent=10631"}],"wp:term":[{"taxonomy":"category","embeddable":true,"href":"https:\/\/amppress.rs\/index.php\/wp-json\/wp\/v2\/categories?post=10631"},{"taxonomy":"post_tag","embeddable":true,"href":"https:\/\/amppress.rs\/index.php\/wp-json\/wp\/v2\/tags?post=10631"}],"curies":[{"name":"wp","href":"https:\/\/api.w.org\/{rel}","templated":true}]}}