{"id":10550,"date":"2025-09-08T13:26:09","date_gmt":"2025-09-08T11:26:09","guid":{"rendered":"https:\/\/amppress.rs\/?p=10550"},"modified":"2025-09-08T13:26:09","modified_gmt":"2025-09-08T11:26:09","slug":"u-cast-i-slavu-zaboravljenih-junaka-sa-prve-linije-fronta","status":"publish","type":"post","link":"https:\/\/amppress.rs\/index.php\/2025\/09\/08\/u-cast-i-slavu-zaboravljenih-junaka-sa-prve-linije-fronta\/","title":{"rendered":"U \u010cAST I SLAVU ZABORAVLjENIH JUNAKA SA PRVE LINIJE FRONTA"},"content":{"rendered":{},"protected":false},"excerpt":{"rendered":"<p>Gornji Milanovac-U nedelju, 14. septembra, u 11 \u010dasova, pored Hrama Hristovog vaskrsenja u selu Ko\u0161tuni\u0107i,&#8230;<\/p>\n","protected":false},"author":1,"featured_media":10551,"comment_status":"open","ping_status":"open","sticky":false,"template":"","format":"standard","meta":{"_acf_changed":false,"footnotes":""},"categories":[772],"tags":[263,3355,3356,3357,514,1677],"class_list":["post-10550","post","type-post","status-publish","format-standard","has-post-thumbnail","hentry","category-gornji-milanovac","tag-crkva","tag-hristovo-vaznesenje","tag-kajmackalana","tag-kamen-temeljac","tag-kostunici","tag-vera-stolic"],"acf":[],"featured_image_urls":{"full":["https:\/\/amppress.rs\/wp-content\/uploads\/2025\/09\/suvobor-crkva-kajmackalan-gzs.webp",640,480,false],"thumbnail":["https:\/\/amppress.rs\/wp-content\/uploads\/2025\/09\/suvobor-crkva-kajmackalan-gzs-150x150.webp",150,150,true],"medium":["https:\/\/amppress.rs\/wp-content\/uploads\/2025\/09\/suvobor-crkva-kajmackalan-gzs-300x225.webp",300,225,true],"medium_large":["https:\/\/amppress.rs\/wp-content\/uploads\/2025\/09\/suvobor-crkva-kajmackalan-gzs.webp",640,480,false],"large":["https:\/\/amppress.rs\/wp-content\/uploads\/2025\/09\/suvobor-crkva-kajmackalan-gzs.webp",640,480,false],"1536x1536":["https:\/\/amppress.rs\/wp-content\/uploads\/2025\/09\/suvobor-crkva-kajmackalan-gzs.webp",640,480,false],"2048x2048":["https:\/\/amppress.rs\/wp-content\/uploads\/2025\/09\/suvobor-crkva-kajmackalan-gzs.webp",640,480,false],"cvmm-medium":["https:\/\/amppress.rs\/wp-content\/uploads\/2025\/09\/suvobor-crkva-kajmackalan-gzs-300x300.webp",300,300,true],"cvmm-medium-plus":["https:\/\/amppress.rs\/wp-content\/uploads\/2025\/09\/suvobor-crkva-kajmackalan-gzs-305x207.webp",305,207,true],"cvmm-portrait":["https:\/\/amppress.rs\/wp-content\/uploads\/2025\/09\/suvobor-crkva-kajmackalan-gzs-400x480.webp",400,480,true],"cvmm-medium-square":["https:\/\/amppress.rs\/wp-content\/uploads\/2025\/09\/suvobor-crkva-kajmackalan-gzs-600x480.webp",600,480,true],"cvmm-large":["https:\/\/amppress.rs\/wp-content\/uploads\/2025\/09\/suvobor-crkva-kajmackalan-gzs.webp",640,480,false],"cvmm-small":["https:\/\/amppress.rs\/wp-content\/uploads\/2025\/09\/suvobor-crkva-kajmackalan-gzs-130x95.webp",130,95,true],"newsever-slider-full":["https:\/\/amppress.rs\/wp-content\/uploads\/2025\/09\/suvobor-crkva-kajmackalan-gzs.webp",640,480,false],"newsever-featured":["https:\/\/amppress.rs\/wp-content\/uploads\/2025\/09\/suvobor-crkva-kajmackalan-gzs.webp",640,480,false],"newsever-medium":["https:\/\/amppress.rs\/wp-content\/uploads\/2025\/09\/suvobor-crkva-kajmackalan-gzs-640x475.webp",640,475,true]},"author_info":{"display_name":"\u0410\u041c\u041f \u041f\u0420\u0415\u0421\u0421","author_link":"https:\/\/amppress.rs\/index.php\/author\/eduka\/"},"category_info":"<a href=\"https:\/\/amppress.rs\/index.php\/category\/gornji-milanovac\/\" rel=\"category tag\">Gornji Milanovac<\/a>","tag_info":"Gornji Milanovac","comment_count":"0","blog_post_layout_featured_media_urls":{"thumbnail":["https:\/\/amppress.rs\/wp-content\/uploads\/2025\/09\/suvobor-crkva-kajmackalan-gzs-150x150.webp",150,150,true],"full":["https:\/\/amppress.rs\/wp-content\/uploads\/2025\/09\/suvobor-crkva-kajmackalan-gzs.webp",640,480,false]},"categories_names":{"772":{"name":"Gornji Milanovac","link":"https:\/\/amppress.rs\/index.php\/category\/gornji-milanovac\/"}},"tags_names":{"263":{"name":"CRKVA","link":"https:\/\/amppress.rs\/index.php\/tag\/crkva\/"},"3355":{"name":"HRISTOVO VAZNESENJE","link":"https:\/\/amppress.rs\/index.php\/tag\/hristovo-vaznesenje\/"},"3356":{"name":"Kajma\u010dkalana","link":"https:\/\/amppress.rs\/index.php\/tag\/kajmackalana\/"},"3357":{"name":"kamen temeljac","link":"https:\/\/amppress.rs\/index.php\/tag\/kamen-temeljac\/"},"514":{"name":"kostunici","link":"https:\/\/amppress.rs\/index.php\/tag\/kostunici\/"},"1677":{"name":"Vera Stoli\u0107","link":"https:\/\/amppress.rs\/index.php\/tag\/vera-stolic\/"}},"comments_number":"0","wpmagazine_modules_featured_media_urls":{"thumbnail":["https:\/\/amppress.rs\/wp-content\/uploads\/2025\/09\/suvobor-crkva-kajmackalan-gzs-150x150.webp",150,150,true],"cvmm-medium":["https:\/\/amppress.rs\/wp-content\/uploads\/2025\/09\/suvobor-crkva-kajmackalan-gzs-300x300.webp",300,300,true],"cvmm-medium-plus":["https:\/\/amppress.rs\/wp-content\/uploads\/2025\/09\/suvobor-crkva-kajmackalan-gzs-305x207.webp",305,207,true],"cvmm-portrait":["https:\/\/amppress.rs\/wp-content\/uploads\/2025\/09\/suvobor-crkva-kajmackalan-gzs-400x480.webp",400,480,true],"cvmm-medium-square":["https:\/\/amppress.rs\/wp-content\/uploads\/2025\/09\/suvobor-crkva-kajmackalan-gzs-600x480.webp",600,480,true],"cvmm-large":["https:\/\/amppress.rs\/wp-content\/uploads\/2025\/09\/suvobor-crkva-kajmackalan-gzs.webp",640,480,false],"cvmm-small":["https:\/\/amppress.rs\/wp-content\/uploads\/2025\/09\/suvobor-crkva-kajmackalan-gzs-130x95.webp",130,95,true],"full":["https:\/\/amppress.rs\/wp-content\/uploads\/2025\/09\/suvobor-crkva-kajmackalan-gzs.webp",640,480,false]},"_links":{"self":[{"href":"https:\/\/amppress.rs\/index.php\/wp-json\/wp\/v2\/posts\/10550","targetHints":{"allow":["GET"]}}],"collection":[{"href":"https:\/\/amppress.rs\/index.php\/wp-json\/wp\/v2\/posts"}],"about":[{"href":"https:\/\/amppress.rs\/index.php\/wp-json\/wp\/v2\/types\/post"}],"author":[{"embeddable":true,"href":"https:\/\/amppress.rs\/index.php\/wp-json\/wp\/v2\/users\/1"}],"replies":[{"embeddable":true,"href":"https:\/\/amppress.rs\/index.php\/wp-json\/wp\/v2\/comments?post=10550"}],"version-history":[{"count":1,"href":"https:\/\/amppress.rs\/index.php\/wp-json\/wp\/v2\/posts\/10550\/revisions"}],"predecessor-version":[{"id":10552,"href":"https:\/\/amppress.rs\/index.php\/wp-json\/wp\/v2\/posts\/10550\/revisions\/10552"}],"wp:featuredmedia":[{"embeddable":true,"href":"https:\/\/amppress.rs\/index.php\/wp-json\/wp\/v2\/media\/10551"}],"wp:attachment":[{"href":"https:\/\/amppress.rs\/index.php\/wp-json\/wp\/v2\/media?parent=10550"}],"wp:term":[{"taxonomy":"category","embeddable":true,"href":"https:\/\/amppress.rs\/index.php\/wp-json\/wp\/v2\/categories?post=10550"},{"taxonomy":"post_tag","embeddable":true,"href":"https:\/\/amppress.rs\/index.php\/wp-json\/wp\/v2\/tags?post=10550"}],"curies":[{"name":"wp","href":"https:\/\/api.w.org\/{rel}","templated":true}]}}