{"id":10466,"date":"2025-08-29T20:06:14","date_gmt":"2025-08-29T18:06:14","guid":{"rendered":"https:\/\/amppress.rs\/?p=10466"},"modified":"2025-08-29T20:06:14","modified_gmt":"2025-08-29T18:06:14","slug":"ispunjena-poslednja-zelja-cuvenog-bore-corbe-na-groblju-u-cacku-podignut-jedinstven-spomenik-za-rok-legendu","status":"publish","type":"post","link":"https:\/\/amppress.rs\/index.php\/2025\/08\/29\/ispunjena-poslednja-zelja-cuvenog-bore-corbe-na-groblju-u-cacku-podignut-jedinstven-spomenik-za-rok-legendu\/","title":{"rendered":"Ispunjena poslednja \u017eelja \u010duvenog Bore \u010corbe: na groblju u \u010ca\u010dku podignut jedinstven spomenik za rok legendu"},"content":{"rendered":{},"protected":false},"excerpt":{"rendered":"<p>Godinu dana nakon smrti nepre\u017ealjene rok legende Bore \u0110or\u0111evi\u0107a grad \u010ca\u010dak i porodica \u00a0postavili su&#8230;<\/p>\n","protected":false},"author":1,"featured_media":10467,"comment_status":"open","ping_status":"open","sticky":false,"template":"","format":"standard","meta":{"_acf_changed":false,"footnotes":""},"categories":[7],"tags":[1370,3338,1014,3339,278],"class_list":["post-10466","post","type-post","status-publish","format-standard","has-post-thumbnail","hentry","category-vesti-news","tag-bora-corba","tag-dve-gitare","tag-godisnjica-smrti","tag-poslednja-zelja","tag-spomenik"],"acf":[],"featured_image_urls":{"full":["https:\/\/amppress.rs\/wp-content\/uploads\/2025\/08\/1756393135_cacak-spomen-ploc8Ca-bora-djordjevic-1-fotorina5.webp",1200,674,false],"thumbnail":["https:\/\/amppress.rs\/wp-content\/uploads\/2025\/08\/1756393135_cacak-spomen-ploc8Ca-bora-djordjevic-1-fotorina5-150x150.webp",150,150,true],"medium":["https:\/\/amppress.rs\/wp-content\/uploads\/2025\/08\/1756393135_cacak-spomen-ploc8Ca-bora-djordjevic-1-fotorina5-300x169.webp",300,169,true],"medium_large":["https:\/\/amppress.rs\/wp-content\/uploads\/2025\/08\/1756393135_cacak-spomen-ploc8Ca-bora-djordjevic-1-fotorina5-768x431.webp",640,359,true],"large":["https:\/\/amppress.rs\/wp-content\/uploads\/2025\/08\/1756393135_cacak-spomen-ploc8Ca-bora-djordjevic-1-fotorina5-1024x575.webp",640,359,true],"1536x1536":["https:\/\/amppress.rs\/wp-content\/uploads\/2025\/08\/1756393135_cacak-spomen-ploc8Ca-bora-djordjevic-1-fotorina5.webp",1200,674,false],"2048x2048":["https:\/\/amppress.rs\/wp-content\/uploads\/2025\/08\/1756393135_cacak-spomen-ploc8Ca-bora-djordjevic-1-fotorina5.webp",1200,674,false],"cvmm-medium":["https:\/\/amppress.rs\/wp-content\/uploads\/2025\/08\/1756393135_cacak-spomen-ploc8Ca-bora-djordjevic-1-fotorina5-300x300.webp",300,300,true],"cvmm-medium-plus":["https:\/\/amppress.rs\/wp-content\/uploads\/2025\/08\/1756393135_cacak-spomen-ploc8Ca-bora-djordjevic-1-fotorina5-305x207.webp",305,207,true],"cvmm-portrait":["https:\/\/amppress.rs\/wp-content\/uploads\/2025\/08\/1756393135_cacak-spomen-ploc8Ca-bora-djordjevic-1-fotorina5-400x600.webp",400,600,true],"cvmm-medium-square":["https:\/\/amppress.rs\/wp-content\/uploads\/2025\/08\/1756393135_cacak-spomen-ploc8Ca-bora-djordjevic-1-fotorina5-600x600.webp",600,600,true],"cvmm-large":["https:\/\/amppress.rs\/wp-content\/uploads\/2025\/08\/1756393135_cacak-spomen-ploc8Ca-bora-djordjevic-1-fotorina5-1024x674.webp",1024,674,true],"cvmm-small":["https:\/\/amppress.rs\/wp-content\/uploads\/2025\/08\/1756393135_cacak-spomen-ploc8Ca-bora-djordjevic-1-fotorina5-130x95.webp",130,95,true],"newsever-slider-full":["https:\/\/amppress.rs\/wp-content\/uploads\/2025\/08\/1756393135_cacak-spomen-ploc8Ca-bora-djordjevic-1-fotorina5.webp",1200,674,false],"newsever-featured":["https:\/\/amppress.rs\/wp-content\/uploads\/2025\/08\/1756393135_cacak-spomen-ploc8Ca-bora-djordjevic-1-fotorina5-1024x575.webp",1024,575,true],"newsever-medium":["https:\/\/amppress.rs\/wp-content\/uploads\/2025\/08\/1756393135_cacak-spomen-ploc8Ca-bora-djordjevic-1-fotorina5-720x475.webp",720,475,true]},"author_info":{"display_name":"\u0410\u041c\u041f \u041f\u0420\u0415\u0421\u0421","author_link":"https:\/\/amppress.rs\/index.php\/author\/eduka\/"},"category_info":"<a href=\"https:\/\/amppress.rs\/index.php\/category\/news\/vesti-news\/\" rel=\"category tag\">Vesti<\/a>","tag_info":"Vesti","comment_count":"0","blog_post_layout_featured_media_urls":{"thumbnail":["https:\/\/amppress.rs\/wp-content\/uploads\/2025\/08\/1756393135_cacak-spomen-ploc8Ca-bora-djordjevic-1-fotorina5-150x150.webp",150,150,true],"full":["https:\/\/amppress.rs\/wp-content\/uploads\/2025\/08\/1756393135_cacak-spomen-ploc8Ca-bora-djordjevic-1-fotorina5.webp",1200,674,false]},"categories_names":{"7":{"name":"Vesti","link":"https:\/\/amppress.rs\/index.php\/category\/news\/vesti-news\/"}},"tags_names":{"1370":{"name":"Bora \u010corba","link":"https:\/\/amppress.rs\/index.php\/tag\/bora-corba\/"},"3338":{"name":"dve gitare","link":"https:\/\/amppress.rs\/index.php\/tag\/dve-gitare\/"},"1014":{"name":"GODI\u0160NJICA SMRTI","link":"https:\/\/amppress.rs\/index.php\/tag\/godisnjica-smrti\/"},"3339":{"name":"poslednja \u017eelja","link":"https:\/\/amppress.rs\/index.php\/tag\/poslednja-zelja\/"},"278":{"name":"SPOMENIK","link":"https:\/\/amppress.rs\/index.php\/tag\/spomenik\/"}},"comments_number":"0","wpmagazine_modules_featured_media_urls":{"thumbnail":["https:\/\/amppress.rs\/wp-content\/uploads\/2025\/08\/1756393135_cacak-spomen-ploc8Ca-bora-djordjevic-1-fotorina5-150x150.webp",150,150,true],"cvmm-medium":["https:\/\/amppress.rs\/wp-content\/uploads\/2025\/08\/1756393135_cacak-spomen-ploc8Ca-bora-djordjevic-1-fotorina5-300x300.webp",300,300,true],"cvmm-medium-plus":["https:\/\/amppress.rs\/wp-content\/uploads\/2025\/08\/1756393135_cacak-spomen-ploc8Ca-bora-djordjevic-1-fotorina5-305x207.webp",305,207,true],"cvmm-portrait":["https:\/\/amppress.rs\/wp-content\/uploads\/2025\/08\/1756393135_cacak-spomen-ploc8Ca-bora-djordjevic-1-fotorina5-400x600.webp",400,600,true],"cvmm-medium-square":["https:\/\/amppress.rs\/wp-content\/uploads\/2025\/08\/1756393135_cacak-spomen-ploc8Ca-bora-djordjevic-1-fotorina5-600x600.webp",600,600,true],"cvmm-large":["https:\/\/amppress.rs\/wp-content\/uploads\/2025\/08\/1756393135_cacak-spomen-ploc8Ca-bora-djordjevic-1-fotorina5-1024x674.webp",1024,674,true],"cvmm-small":["https:\/\/amppress.rs\/wp-content\/uploads\/2025\/08\/1756393135_cacak-spomen-ploc8Ca-bora-djordjevic-1-fotorina5-130x95.webp",130,95,true],"full":["https:\/\/amppress.rs\/wp-content\/uploads\/2025\/08\/1756393135_cacak-spomen-ploc8Ca-bora-djordjevic-1-fotorina5.webp",1200,674,false]},"_links":{"self":[{"href":"https:\/\/amppress.rs\/index.php\/wp-json\/wp\/v2\/posts\/10466","targetHints":{"allow":["GET"]}}],"collection":[{"href":"https:\/\/amppress.rs\/index.php\/wp-json\/wp\/v2\/posts"}],"about":[{"href":"https:\/\/amppress.rs\/index.php\/wp-json\/wp\/v2\/types\/post"}],"author":[{"embeddable":true,"href":"https:\/\/amppress.rs\/index.php\/wp-json\/wp\/v2\/users\/1"}],"replies":[{"embeddable":true,"href":"https:\/\/amppress.rs\/index.php\/wp-json\/wp\/v2\/comments?post=10466"}],"version-history":[{"count":1,"href":"https:\/\/amppress.rs\/index.php\/wp-json\/wp\/v2\/posts\/10466\/revisions"}],"predecessor-version":[{"id":10468,"href":"https:\/\/amppress.rs\/index.php\/wp-json\/wp\/v2\/posts\/10466\/revisions\/10468"}],"wp:featuredmedia":[{"embeddable":true,"href":"https:\/\/amppress.rs\/index.php\/wp-json\/wp\/v2\/media\/10467"}],"wp:attachment":[{"href":"https:\/\/amppress.rs\/index.php\/wp-json\/wp\/v2\/media?parent=10466"}],"wp:term":[{"taxonomy":"category","embeddable":true,"href":"https:\/\/amppress.rs\/index.php\/wp-json\/wp\/v2\/categories?post=10466"},{"taxonomy":"post_tag","embeddable":true,"href":"https:\/\/amppress.rs\/index.php\/wp-json\/wp\/v2\/tags?post=10466"}],"curies":[{"name":"wp","href":"https:\/\/api.w.org\/{rel}","templated":true}]}}