{"id":10385,"date":"2025-08-18T08:19:29","date_gmt":"2025-08-18T06:19:29","guid":{"rendered":"https:\/\/amppress.rs\/?p=10385"},"modified":"2025-08-18T08:19:29","modified_gmt":"2025-08-18T06:19:29","slug":"mamic-je-stvorio-moderni-dinamo-karic-pozvao-milanovica-da-otvori-vrata-njegovom-povratku","status":"publish","type":"post","link":"https:\/\/amppress.rs\/index.php\/2025\/08\/18\/mamic-je-stvorio-moderni-dinamo-karic-pozvao-milanovica-da-otvori-vrata-njegovom-povratku\/","title":{"rendered":"\u201eMami\u0107 je stvorio moderni Dinamo\u201c \u2013 Kari\u0107 pozvao Milanovi\u0107a da otvori vrata njegovom povratku"},"content":{"rendered":{},"protected":false},"excerpt":{"rendered":"<p>Bogoljub Kari\u0107, porodi\u010dan \u010dovek, pionir i reformator kapitalizma u Jugoslaviji i Gorba\u010dovljevom Sovjetskom Savezu. Vizionar,&#8230;<\/p>\n","protected":false},"author":1,"featured_media":10386,"comment_status":"open","ping_status":"open","sticky":false,"template":"","format":"standard","meta":{"_acf_changed":false,"footnotes":""},"categories":[1260,7],"tags":[1195,3319,2313],"class_list":["post-10385","post","type-post","status-publish","format-standard","has-post-thumbnail","hentry","category-bogoljub-karic","category-vesti-news","tag-bogoljub-karic","tag-fondacijea-braca-karic","tag-obracanje"],"acf":[],"featured_image_urls":{"full":["https:\/\/amppress.rs\/wp-content\/uploads\/2025\/08\/Karic-2.webp",640,640,false],"thumbnail":["https:\/\/amppress.rs\/wp-content\/uploads\/2025\/08\/Karic-2-150x150.webp",150,150,true],"medium":["https:\/\/amppress.rs\/wp-content\/uploads\/2025\/08\/Karic-2-300x300.webp",300,300,true],"medium_large":["https:\/\/amppress.rs\/wp-content\/uploads\/2025\/08\/Karic-2.webp",640,640,false],"large":["https:\/\/amppress.rs\/wp-content\/uploads\/2025\/08\/Karic-2.webp",640,640,false],"1536x1536":["https:\/\/amppress.rs\/wp-content\/uploads\/2025\/08\/Karic-2.webp",640,640,false],"2048x2048":["https:\/\/amppress.rs\/wp-content\/uploads\/2025\/08\/Karic-2.webp",640,640,false],"cvmm-medium":["https:\/\/amppress.rs\/wp-content\/uploads\/2025\/08\/Karic-2-300x300.webp",300,300,true],"cvmm-medium-plus":["https:\/\/amppress.rs\/wp-content\/uploads\/2025\/08\/Karic-2-305x207.webp",305,207,true],"cvmm-portrait":["https:\/\/amppress.rs\/wp-content\/uploads\/2025\/08\/Karic-2-400x600.webp",400,600,true],"cvmm-medium-square":["https:\/\/amppress.rs\/wp-content\/uploads\/2025\/08\/Karic-2-600x600.webp",600,600,true],"cvmm-large":["https:\/\/amppress.rs\/wp-content\/uploads\/2025\/08\/Karic-2.webp",640,640,false],"cvmm-small":["https:\/\/amppress.rs\/wp-content\/uploads\/2025\/08\/Karic-2-130x95.webp",130,95,true],"newsever-slider-full":["https:\/\/amppress.rs\/wp-content\/uploads\/2025\/08\/Karic-2.webp",640,640,false],"newsever-featured":["https:\/\/amppress.rs\/wp-content\/uploads\/2025\/08\/Karic-2.webp",640,640,false],"newsever-medium":["https:\/\/amppress.rs\/wp-content\/uploads\/2025\/08\/Karic-2-640x475.webp",640,475,true]},"author_info":{"display_name":"\u0410\u041c\u041f \u041f\u0420\u0415\u0421\u0421","author_link":"https:\/\/amppress.rs\/index.php\/author\/eduka\/"},"category_info":"<a href=\"https:\/\/amppress.rs\/index.php\/category\/bogoljub-karic\/\" rel=\"category tag\">Bogoljub Kari\u0107<\/a> <a href=\"https:\/\/amppress.rs\/index.php\/category\/news\/vesti-news\/\" rel=\"category tag\">Vesti<\/a>","tag_info":"Vesti","comment_count":"0","blog_post_layout_featured_media_urls":{"thumbnail":["https:\/\/amppress.rs\/wp-content\/uploads\/2025\/08\/Karic-2-150x150.webp",150,150,true],"full":["https:\/\/amppress.rs\/wp-content\/uploads\/2025\/08\/Karic-2.webp",640,640,false]},"categories_names":{"1260":{"name":"Bogoljub Kari\u0107","link":"https:\/\/amppress.rs\/index.php\/category\/bogoljub-karic\/"},"7":{"name":"Vesti","link":"https:\/\/amppress.rs\/index.php\/category\/news\/vesti-news\/"}},"tags_names":{"1195":{"name":"Bogoljub Kari\u0107","link":"https:\/\/amppress.rs\/index.php\/tag\/bogoljub-karic\/"},"3319":{"name":"fondacijea Bra\u0107a Kari\u0107","link":"https:\/\/amppress.rs\/index.php\/tag\/fondacijea-braca-karic\/"},"2313":{"name":"obra\u0107anje","link":"https:\/\/amppress.rs\/index.php\/tag\/obracanje\/"}},"comments_number":"0","wpmagazine_modules_featured_media_urls":{"thumbnail":["https:\/\/amppress.rs\/wp-content\/uploads\/2025\/08\/Karic-2-150x150.webp",150,150,true],"cvmm-medium":["https:\/\/amppress.rs\/wp-content\/uploads\/2025\/08\/Karic-2-300x300.webp",300,300,true],"cvmm-medium-plus":["https:\/\/amppress.rs\/wp-content\/uploads\/2025\/08\/Karic-2-305x207.webp",305,207,true],"cvmm-portrait":["https:\/\/amppress.rs\/wp-content\/uploads\/2025\/08\/Karic-2-400x600.webp",400,600,true],"cvmm-medium-square":["https:\/\/amppress.rs\/wp-content\/uploads\/2025\/08\/Karic-2-600x600.webp",600,600,true],"cvmm-large":["https:\/\/amppress.rs\/wp-content\/uploads\/2025\/08\/Karic-2.webp",640,640,false],"cvmm-small":["https:\/\/amppress.rs\/wp-content\/uploads\/2025\/08\/Karic-2-130x95.webp",130,95,true],"full":["https:\/\/amppress.rs\/wp-content\/uploads\/2025\/08\/Karic-2.webp",640,640,false]},"_links":{"self":[{"href":"https:\/\/amppress.rs\/index.php\/wp-json\/wp\/v2\/posts\/10385","targetHints":{"allow":["GET"]}}],"collection":[{"href":"https:\/\/amppress.rs\/index.php\/wp-json\/wp\/v2\/posts"}],"about":[{"href":"https:\/\/amppress.rs\/index.php\/wp-json\/wp\/v2\/types\/post"}],"author":[{"embeddable":true,"href":"https:\/\/amppress.rs\/index.php\/wp-json\/wp\/v2\/users\/1"}],"replies":[{"embeddable":true,"href":"https:\/\/amppress.rs\/index.php\/wp-json\/wp\/v2\/comments?post=10385"}],"version-history":[{"count":1,"href":"https:\/\/amppress.rs\/index.php\/wp-json\/wp\/v2\/posts\/10385\/revisions"}],"predecessor-version":[{"id":10387,"href":"https:\/\/amppress.rs\/index.php\/wp-json\/wp\/v2\/posts\/10385\/revisions\/10387"}],"wp:featuredmedia":[{"embeddable":true,"href":"https:\/\/amppress.rs\/index.php\/wp-json\/wp\/v2\/media\/10386"}],"wp:attachment":[{"href":"https:\/\/amppress.rs\/index.php\/wp-json\/wp\/v2\/media?parent=10385"}],"wp:term":[{"taxonomy":"category","embeddable":true,"href":"https:\/\/amppress.rs\/index.php\/wp-json\/wp\/v2\/categories?post=10385"},{"taxonomy":"post_tag","embeddable":true,"href":"https:\/\/amppress.rs\/index.php\/wp-json\/wp\/v2\/tags?post=10385"}],"curies":[{"name":"wp","href":"https:\/\/api.w.org\/{rel}","templated":true}]}}