{"id":10311,"date":"2025-08-11T12:19:55","date_gmt":"2025-08-11T10:19:55","guid":{"rendered":"https:\/\/amppress.rs\/?p=10311"},"modified":"2025-08-12T08:26:13","modified_gmt":"2025-08-12T06:26:13","slug":"odrzan-drugi-memorijalni-turnir-stefan-lazic-laki","status":"publish","type":"post","link":"https:\/\/amppress.rs\/index.php\/2025\/08\/11\/odrzan-drugi-memorijalni-turnir-stefan-lazic-laki\/","title":{"rendered":"Odr\u017ean drugi Memorijalni turnir \u201eStefan Lazi\u0107 Laki\u201d"},"content":{"rendered":{},"protected":false},"excerpt":{"rendered":"<p>\u010ca\u010dak \u2013 Na Bor\u010devom stadionu u \u010ca\u010dku, ju\u010de je odr\u017ean drugi Memorijalni turnir u spomen&#8230;<\/p>\n","protected":false},"author":1,"featured_media":10312,"comment_status":"open","ping_status":"open","sticky":false,"template":"","format":"standard","meta":{"_acf_changed":false,"footnotes":""},"categories":[766],"tags":[3233,3299,317,93],"class_list":["post-10311","post","type-post","status-publish","format-standard","has-post-thumbnail","hentry","category-cacak","tag-memorijalni-turnir","tag-stefan-lazic","tag-borac","tag-cacak"],"acf":[],"featured_image_urls":{"full":["https:\/\/amppress.rs\/wp-content\/uploads\/2025\/08\/stefan-lazic-privatna.webp",640,628,false],"thumbnail":["https:\/\/amppress.rs\/wp-content\/uploads\/2025\/08\/stefan-lazic-privatna-150x150.webp",150,150,true],"medium":["https:\/\/amppress.rs\/wp-content\/uploads\/2025\/08\/stefan-lazic-privatna-300x294.webp",300,294,true],"medium_large":["https:\/\/amppress.rs\/wp-content\/uploads\/2025\/08\/stefan-lazic-privatna.webp",640,628,false],"large":["https:\/\/amppress.rs\/wp-content\/uploads\/2025\/08\/stefan-lazic-privatna.webp",640,628,false],"1536x1536":["https:\/\/amppress.rs\/wp-content\/uploads\/2025\/08\/stefan-lazic-privatna.webp",640,628,false],"2048x2048":["https:\/\/amppress.rs\/wp-content\/uploads\/2025\/08\/stefan-lazic-privatna.webp",640,628,false],"cvmm-medium":["https:\/\/amppress.rs\/wp-content\/uploads\/2025\/08\/stefan-lazic-privatna-300x300.webp",300,300,true],"cvmm-medium-plus":["https:\/\/amppress.rs\/wp-content\/uploads\/2025\/08\/stefan-lazic-privatna-305x207.webp",305,207,true],"cvmm-portrait":["https:\/\/amppress.rs\/wp-content\/uploads\/2025\/08\/stefan-lazic-privatna-400x600.webp",400,600,true],"cvmm-medium-square":["https:\/\/amppress.rs\/wp-content\/uploads\/2025\/08\/stefan-lazic-privatna-600x600.webp",600,600,true],"cvmm-large":["https:\/\/amppress.rs\/wp-content\/uploads\/2025\/08\/stefan-lazic-privatna.webp",640,628,false],"cvmm-small":["https:\/\/amppress.rs\/wp-content\/uploads\/2025\/08\/stefan-lazic-privatna-130x95.webp",130,95,true],"newsever-slider-full":["https:\/\/amppress.rs\/wp-content\/uploads\/2025\/08\/stefan-lazic-privatna.webp",640,628,false],"newsever-featured":["https:\/\/amppress.rs\/wp-content\/uploads\/2025\/08\/stefan-lazic-privatna.webp",640,628,false],"newsever-medium":["https:\/\/amppress.rs\/wp-content\/uploads\/2025\/08\/stefan-lazic-privatna-640x475.webp",640,475,true]},"author_info":{"display_name":"\u0410\u041c\u041f \u041f\u0420\u0415\u0421\u0421","author_link":"https:\/\/amppress.rs\/index.php\/author\/eduka\/"},"category_info":"<a href=\"https:\/\/amppress.rs\/index.php\/category\/cacak\/\" rel=\"category tag\">\u010ca\u010dak<\/a>","tag_info":"\u010ca\u010dak","comment_count":"0","blog_post_layout_featured_media_urls":{"thumbnail":["https:\/\/amppress.rs\/wp-content\/uploads\/2025\/08\/stefan-lazic-privatna-150x150.webp",150,150,true],"full":["https:\/\/amppress.rs\/wp-content\/uploads\/2025\/08\/stefan-lazic-privatna.webp",640,628,false]},"categories_names":{"766":{"name":"\u010ca\u010dak","link":"https:\/\/amppress.rs\/index.php\/category\/cacak\/"}},"tags_names":{"3233":{"name":"memorijalni turnir","link":"https:\/\/amppress.rs\/index.php\/tag\/memorijalni-turnir\/"},"3299":{"name":"Stefan Lazi\u0107","link":"https:\/\/amppress.rs\/index.php\/tag\/stefan-lazic\/"},"317":{"name":"\u0411\u043e\u0440\u0430\u0447","link":"https:\/\/amppress.rs\/index.php\/tag\/borac\/"},"93":{"name":"\u0427\u0430\u0447\u0430\u043a","link":"https:\/\/amppress.rs\/index.php\/tag\/cacak\/"}},"comments_number":"0","wpmagazine_modules_featured_media_urls":{"thumbnail":["https:\/\/amppress.rs\/wp-content\/uploads\/2025\/08\/stefan-lazic-privatna-150x150.webp",150,150,true],"cvmm-medium":["https:\/\/amppress.rs\/wp-content\/uploads\/2025\/08\/stefan-lazic-privatna-300x300.webp",300,300,true],"cvmm-medium-plus":["https:\/\/amppress.rs\/wp-content\/uploads\/2025\/08\/stefan-lazic-privatna-305x207.webp",305,207,true],"cvmm-portrait":["https:\/\/amppress.rs\/wp-content\/uploads\/2025\/08\/stefan-lazic-privatna-400x600.webp",400,600,true],"cvmm-medium-square":["https:\/\/amppress.rs\/wp-content\/uploads\/2025\/08\/stefan-lazic-privatna-600x600.webp",600,600,true],"cvmm-large":["https:\/\/amppress.rs\/wp-content\/uploads\/2025\/08\/stefan-lazic-privatna.webp",640,628,false],"cvmm-small":["https:\/\/amppress.rs\/wp-content\/uploads\/2025\/08\/stefan-lazic-privatna-130x95.webp",130,95,true],"full":["https:\/\/amppress.rs\/wp-content\/uploads\/2025\/08\/stefan-lazic-privatna.webp",640,628,false]},"_links":{"self":[{"href":"https:\/\/amppress.rs\/index.php\/wp-json\/wp\/v2\/posts\/10311","targetHints":{"allow":["GET"]}}],"collection":[{"href":"https:\/\/amppress.rs\/index.php\/wp-json\/wp\/v2\/posts"}],"about":[{"href":"https:\/\/amppress.rs\/index.php\/wp-json\/wp\/v2\/types\/post"}],"author":[{"embeddable":true,"href":"https:\/\/amppress.rs\/index.php\/wp-json\/wp\/v2\/users\/1"}],"replies":[{"embeddable":true,"href":"https:\/\/amppress.rs\/index.php\/wp-json\/wp\/v2\/comments?post=10311"}],"version-history":[{"count":1,"href":"https:\/\/amppress.rs\/index.php\/wp-json\/wp\/v2\/posts\/10311\/revisions"}],"predecessor-version":[{"id":10313,"href":"https:\/\/amppress.rs\/index.php\/wp-json\/wp\/v2\/posts\/10311\/revisions\/10313"}],"wp:featuredmedia":[{"embeddable":true,"href":"https:\/\/amppress.rs\/index.php\/wp-json\/wp\/v2\/media\/10312"}],"wp:attachment":[{"href":"https:\/\/amppress.rs\/index.php\/wp-json\/wp\/v2\/media?parent=10311"}],"wp:term":[{"taxonomy":"category","embeddable":true,"href":"https:\/\/amppress.rs\/index.php\/wp-json\/wp\/v2\/categories?post=10311"},{"taxonomy":"post_tag","embeddable":true,"href":"https:\/\/amppress.rs\/index.php\/wp-json\/wp\/v2\/tags?post=10311"}],"curies":[{"name":"wp","href":"https:\/\/api.w.org\/{rel}","templated":true}]}}